{"id":129668,"date":"2024-06-11T09:08:53","date_gmt":"2024-06-11T14:08:53","guid":{"rendered":"http:\/\/elcuartopoder.com.mx\/nw\/?p=129668"},"modified":"2024-06-11T09:08:57","modified_gmt":"2024-06-11T14:08:57","slug":"mario-delgado-se-apunta-al-gabinete-de-claudia-sheinbaum-dejara-liderazgo-de-morena-antes-de-octubre","status":"publish","type":"post","link":"http:\/\/elcuartopoder.com.mx\/nw\/politica\/mario-delgado-se-apunta-al-gabinete-de-claudia-sheinbaum-dejara-liderazgo-de-morena-antes-de-octubre\/","title":{"rendered":"Mario Delgado \u2018se apunta\u2019 al gabinete de Claudia Sheinbaum; dejar\u00e1 liderazgo de Morena antes de octubre\u2026"},"content":{"rendered":"\n<p><strong>CIUDAD DE M\u00c9XICO, MX.-<\/strong>\u00a0El dirigente nacional de Morena, Mario Delgado Carrillo, se apunt\u00f3 para el gobierno de Claudia Sheinbaum Pardo, la virtual presidenta electa de M\u00e9xico.<\/p>\n\n\n\n<p>Delgado dijo que llamar\u00e1 a la renovaci\u00f3n de la dirigencia nacional de Morena, lo cual suceder\u00e1 antes de octubre, mes en que vence su periodo. Ello luego de permanecer como presidente del partido durante los \u00faltimos 4 a\u00f1os, por lo que se\u00f1al\u00f3 que ya no puede ni debe reelegirse, y que se tratar\u00e1 de hacer una renovaci\u00f3n sin sobresaltos.<\/p>\n\n\n\n<p>Con respecto a lo que har\u00e1 despu\u00e9s de terminar su periodo como dirigente nacional de Morena, Mario Delgado se\u00f1al\u00f3 que \u201ca ver si\u201d si Claudia Sheinbaum lo invita a su gobierno.<\/p>\n\n\n\n<p>\u201cA ver qu\u00e9 sigue, a ver si me invita a su gobierno, espero que s\u00ed\u201d.<\/p>\n\n\n\n<p>Ser\u00e1 hasta el pr\u00f3ximo 1 de octubre que Claudia Sheinbaum inicie con su gobierno en la presidencia de M\u00e9xico, cargo que ocupar\u00e1 en el periodo 2024-2030.<\/p>\n\n\n\n<p>Hasta el momento el \u00fanico que ha sido anunciado es Rogelio Ram\u00edrez de la O, quien continuar\u00e1 con su cargo como titular de la Secretar\u00eda de Hacienda y Cr\u00e9dito P\u00fablico (SHCP).<\/p>\n\n\n\n<p>Igualmente, se se\u00f1al\u00f3 que Juan Ram\u00f3n de la Fuente es el coordinador de la transici\u00f3n de gobierno entre Claudia Sheinbaum y el presidente Andr\u00e9s Manuel L\u00f3pez Obrador (AMLO). (Fuente:\u00a0<strong>sdpnoticias.com<\/strong>)<\/p>\n","protected":false},"excerpt":{"rendered":"<p>CIUDAD DE M\u00c9XICO, MX.-\u00a0El dirigente nacional de Morena, Mario Delgado Carrillo, se apunt\u00f3 para el gobierno de Claudia Sheinbaum Pardo, la virtual presidenta electa de M\u00e9xico. Delgado dijo que llamar\u00e1 a la renovaci\u00f3n de la dirigencia nacional de Morena, lo cual suceder\u00e1 antes de octubre, mes en que vence su periodo. Ello luego de permanecer [&hellip;]<\/p>\n","protected":false},"author":2,"featured_media":129669,"comment_status":"open","ping_status":"open","sticky":false,"template":"","format":"standard","meta":{"footnotes":""},"categories":[61],"tags":[],"class_list":["post-129668","post","type-post","status-publish","format-standard","has-post-thumbnail","hentry","category-politica"],"_links":{"self":[{"href":"http:\/\/elcuartopoder.com.mx\/nw\/wp-json\/wp\/v2\/posts\/129668","targetHints":{"allow":["GET"]}}],"collection":[{"href":"http:\/\/elcuartopoder.com.mx\/nw\/wp-json\/wp\/v2\/posts"}],"about":[{"href":"http:\/\/elcuartopoder.com.mx\/nw\/wp-json\/wp\/v2\/types\/post"}],"author":[{"embeddable":true,"href":"http:\/\/elcuartopoder.com.mx\/nw\/wp-json\/wp\/v2\/users\/2"}],"replies":[{"embeddable":true,"href":"http:\/\/elcuartopoder.com.mx\/nw\/wp-json\/wp\/v2\/comments?post=129668"}],"version-history":[{"count":1,"href":"http:\/\/elcuartopoder.com.mx\/nw\/wp-json\/wp\/v2\/posts\/129668\/revisions"}],"predecessor-version":[{"id":129670,"href":"http:\/\/elcuartopoder.com.mx\/nw\/wp-json\/wp\/v2\/posts\/129668\/revisions\/129670"}],"wp:featuredmedia":[{"embeddable":true,"href":"http:\/\/elcuartopoder.com.mx\/nw\/wp-json\/wp\/v2\/media\/129669"}],"wp:attachment":[{"href":"http:\/\/elcuartopoder.com.mx\/nw\/wp-json\/wp\/v2\/media?parent=129668"}],"wp:term":[{"taxonomy":"category","embeddable":true,"href":"http:\/\/elcuartopoder.com.mx\/nw\/wp-json\/wp\/v2\/categories?post=129668"},{"taxonomy":"post_tag","embeddable":true,"href":"http:\/\/elcuartopoder.com.mx\/nw\/wp-json\/wp\/v2\/tags?post=129668"}],"curies":[{"name":"wp","href":"https:\/\/api.w.org\/{rel}","templated":true}]}}