{"id":129677,"date":"2024-06-11T09:30:06","date_gmt":"2024-06-11T14:30:06","guid":{"rendered":"http:\/\/elcuartopoder.com.mx\/nw\/?p=129677"},"modified":"2024-06-11T09:30:10","modified_gmt":"2024-06-11T14:30:10","slug":"kp-3-la-nueva-cepa-de-covid-mantiene-en-alerta-a-eu-cuales-son-sus-sintomas","status":"publish","type":"post","link":"http:\/\/elcuartopoder.com.mx\/nw\/entretenimiento\/salud\/kp-3-la-nueva-cepa-de-covid-mantiene-en-alerta-a-eu-cuales-son-sus-sintomas\/","title":{"rendered":"KP.3, la nueva cepa de covid mantiene en alerta a EU: cu\u00e1les son sus s\u00edntomas"},"content":{"rendered":"\n<p>A pesar de que la pandemia por coronavirus ha sido controlada en mayor parte del mundo,\u00a0<strong>en Estados Unidos\u00a0<\/strong>se siguen registrando nuevas cepas del virus que en la actualidad ponen en riesgo el manejo de las vacunas y su efectividad ante dicha variante conocida como \u00abKP.3\u00bb.\u00a0<\/p>\n\n\n\n<p>La anterior variante, de acuerdo con informaci\u00f3n de&nbsp;los&nbsp;<strong>Centros para el Control y Prevenci\u00f3n de Enfermedades<\/strong>&nbsp;(CDC, por sus siglas en ingl\u00e9s), es la cepa con mayor n\u00famero de casos en los Estados Unidos. A continuaci\u00f3n te explicamos en qu\u00e9 consiste dicha cepa y los s\u00edntomas que produce.&nbsp;<\/p>\n\n\n\n<p>Dicha agencia gubernamental ha revelado que la\u00a0<strong>variante KP.3\u00a0<\/strong>a uno de cada cuatro casos de covid-19 en todo Estados Unidos.\u00a0<\/p>\n\n\n\n<h2 class=\"wp-block-heading\">\u00bfQu\u00e9 es la variante de KP.3?&nbsp;<\/h2>\n\n\n\n<p>De acuerdo con informaci\u00f3n de los CDC la variante KP.3 es muy parecida a la JN1, que se propag\u00f3 por todo el mundo durante el 2023. Sin embargo, esta nueva variante se espera que tenga un aumento en el mes de agosto debido a la velocidad de contagio. El rango de edad es bastante variado y se prev\u00e9 un aumento de\u00a0<strong>casos en al menos 30 estados.\u00a0<\/strong><\/p>\n\n\n\n<p>Por su parte los&nbsp;Centros para el Control y la Prevenci\u00f3n de Enfermedades&nbsp;(CDC, por su sigla en ingl\u00e9s) han revelado los escenarios actuales. Uno de ellos es que debido al fin de la emergencia sanitaria, las personas ya no se hacen pruebas COVID-19, por ende no existen datos solidos sobre&nbsp;<strong>el avance de las nuevas cepas.&nbsp;<\/strong>El segundo que es m\u00e1s alentador es que existen \u00abniveles m\u00ednimos\u00bb del virus circulando en aguas residuales a nivel nacional (Estados Unidos) y las hospitalizaciones entre marzo y abril fueron a la baja.<\/p>\n\n\n\n<figure class=\"wp-block-image\"><img decoding=\"async\" src=\"https:\/\/heraldodemexico.com.mx\/u\/fotografias\/m\/2022\/1\/27\/f768x1-471466_471593_5050.jpg\" alt=\"\"\/><figcaption>Siguen siendo los mismos sintomas y graves para ancianos y mujeres embarazadas<br>Foto: Cuartoscuro<\/figcaption><\/figure>\n\n\n\n<p>De acuerdo con epidemi\u00f3logos consultados por<em>&nbsp;The New York Times,<\/em>&nbsp;aunque hayas tenido la JN.1 puedes contagiarte de la KP.2 o KP.3 sobre todo si tu \u00faltimo episodio de COVID-19 ocurri\u00f3 hace varios meses o m\u00e1s. Un aspecto importante a destacar es que a pesar de tener la vacuna m\u00e1s actualizada puedes contraer la cepa KP.3&nbsp;ya que esta sirve para la XBB.1.5, una variante que es muy diferente a la JN.1 y&nbsp;sus descendientes.&nbsp;<\/p>\n\n\n\n<p>Lo positivo de las vacunas es que protegen a los pacientes de una enfermedad mortal que en un inicio de la pandemia por coronavirus, te pod\u00eda mandar a un hospital y quedarte internado. Hasta el momento no hay informaci\u00f3n que afirme que la variante KP.3\u00a0provoque una enfermedad mortal, sin embargo, el padecimiento de COVID sigue siendo riesgoso para<strong>\u00a0mujeres embarazadas, adultos mayores y\u00a0personas inmunodeprimidas.\u00a0<\/strong><\/p>\n\n\n\n<h2 class=\"wp-block-heading\">Sintomas de la variante KP.3<\/h2>\n\n\n\n<ul class=\"wp-block-list\"><li>Dolor de garganta.<\/li><li>Tos.<\/li><li>Fatiga.<\/li><li>Congesti\u00f3n.<\/li><li>Goteo nasal.<\/li><li>Dolor de cabeza.<\/li><li>Dolores musculares.<\/li><li>Fiebre o escalofr\u00edos.<\/li><li>P\u00e9rdida del sentido del gusto o del olfato.<\/li><li>Falta de aliento o dificultad para respirar.<\/li><li>N\u00e1useas o v\u00f3mitos.<\/li><li>Diarrea<\/li><\/ul>\n","protected":false},"excerpt":{"rendered":"<p>A pesar de que la pandemia por coronavirus ha sido controlada en mayor parte del mundo,\u00a0en Estados Unidos\u00a0se siguen registrando nuevas cepas del virus que en la actualidad ponen en riesgo el manejo de las vacunas y su efectividad ante dicha variante conocida como \u00abKP.3\u00bb.\u00a0 La anterior variante, de acuerdo con informaci\u00f3n de&nbsp;los&nbsp;Centros para el [&hellip;]<\/p>\n","protected":false},"author":2,"featured_media":129678,"comment_status":"open","ping_status":"open","sticky":false,"template":"","format":"standard","meta":{"footnotes":""},"categories":[56],"tags":[],"class_list":["post-129677","post","type-post","status-publish","format-standard","has-post-thumbnail","hentry","category-salud"],"_links":{"self":[{"href":"http:\/\/elcuartopoder.com.mx\/nw\/wp-json\/wp\/v2\/posts\/129677","targetHints":{"allow":["GET"]}}],"collection":[{"href":"http:\/\/elcuartopoder.com.mx\/nw\/wp-json\/wp\/v2\/posts"}],"about":[{"href":"http:\/\/elcuartopoder.com.mx\/nw\/wp-json\/wp\/v2\/types\/post"}],"author":[{"embeddable":true,"href":"http:\/\/elcuartopoder.com.mx\/nw\/wp-json\/wp\/v2\/users\/2"}],"replies":[{"embeddable":true,"href":"http:\/\/elcuartopoder.com.mx\/nw\/wp-json\/wp\/v2\/comments?post=129677"}],"version-history":[{"count":1,"href":"http:\/\/elcuartopoder.com.mx\/nw\/wp-json\/wp\/v2\/posts\/129677\/revisions"}],"predecessor-version":[{"id":129679,"href":"http:\/\/elcuartopoder.com.mx\/nw\/wp-json\/wp\/v2\/posts\/129677\/revisions\/129679"}],"wp:featuredmedia":[{"embeddable":true,"href":"http:\/\/elcuartopoder.com.mx\/nw\/wp-json\/wp\/v2\/media\/129678"}],"wp:attachment":[{"href":"http:\/\/elcuartopoder.com.mx\/nw\/wp-json\/wp\/v2\/media?parent=129677"}],"wp:term":[{"taxonomy":"category","embeddable":true,"href":"http:\/\/elcuartopoder.com.mx\/nw\/wp-json\/wp\/v2\/categories?post=129677"},{"taxonomy":"post_tag","embeddable":true,"href":"http:\/\/elcuartopoder.com.mx\/nw\/wp-json\/wp\/v2\/tags?post=129677"}],"curies":[{"name":"wp","href":"https:\/\/api.w.org\/{rel}","templated":true}]}}