{"id":129689,"date":"2024-06-11T10:58:51","date_gmt":"2024-06-11T15:58:51","guid":{"rendered":"http:\/\/elcuartopoder.com.mx\/nw\/?p=129689"},"modified":"2024-06-11T10:58:53","modified_gmt":"2024-06-11T15:58:53","slug":"situacion-en-tila-requiere-atencion-inmediata-del-gobierno-red-tdt","status":"publish","type":"post","link":"http:\/\/elcuartopoder.com.mx\/nw\/nacionales\/situacion-en-tila-requiere-atencion-inmediata-del-gobierno-red-tdt\/","title":{"rendered":"Situaci\u00f3n en Tila requiere atenci\u00f3n inmediata del Gobierno: Red TDT"},"content":{"rendered":"\n<p><em>San Crist\u00f3bal de Las Casas, Chis.<\/em>&nbsp;La Red Nacional de Organismos Civiles de Derechos Humanos \u201cTodos los Derechos para Todas, Todos y Todes\u201d (Red TDT), pidi\u00f3 a las autoridades federales y estatales garantizar la vida, integridad personal y seguridad de los habitantes de Tila, donde \u201cun grupo armado mantuvo a la poblaci\u00f3n en un clima de terror, obligando a las personas a resguardarse en sus domicilios\u201d, lo que provoc\u00f3 que \u201cse quedaran sin alimentos, agua y otros servicios b\u00e1sicos\u201d.<\/p>\n\n\n\n<p>En una \u201cacci\u00f3n urgente\u201d difundida la ma\u00f1ana de este lunes, 10 de junio de 2024, se\u00f1al\u00f3 que los habitantes de este municipio situado en la zona norte de Chiapas \u201cviven una fuerte crisis de violencia que tuvo su m\u00e1xima expresi\u00f3n entre el 4 y 7 de junio cuando un grupo armado ocup\u00f3 el poblado provocando asesinatos, quema de casas, saqueo de bienes y personas heridas\u201d.<\/p>\n\n\n\n<p>El organismo dijo que \u201cseg\u00fan informaci\u00f3n p\u00fablica el viernes 7 de junio ingresaron fuerzas de seguridad estatales y federales\u201d, por lo que \u201ccientos de personas de la cabecera fueron desplazadas, principalmente hacia Yajal\u00f3n, El Limar y Petalcingo. Dejaron atr\u00e1s sus casas y bienes materiales, animales, as\u00ed como personas enfermas y adultos mayores\u201d.<\/p>\n\n\n\n<p>Se\u00f1al\u00f3 que \u201cotras m\u00e1s se quedaron por el miedo a perder sus casas ante la amenaza del grupo armado de apropiarse de ellas, mientras que otras no tuvieron la oportunidad de salir a tiempo, qued\u00e1ndose atrapadas en medio de la violencia\u201d.<\/p>\n\n\n\n<p>Manifest\u00f3 que \u201ceste escenario de violencia tiene antecedentes, que fueron denunciados p\u00fablicamente, sin que las autoridades de los tres niveles de gobierno hayan tomado las medidas necesarias para evitar su escalamiento. A lo largo de los \u00faltimos a\u00f1os surgieron varios grupos armados antag\u00f3nicos, provocando asesinatos, amenazas, extorsi\u00f3n, y diversas formas de violencia aterrorizando a la poblaci\u00f3n en general\u201d.<\/p>\n\n\n\n<p>La Red record\u00f3 que \u201cen Chiapas se vive una disputa entre grupos de la delincuencia organizada con la participaci\u00f3n de organizaciones armadas locales. Diferentes indicios refieren que esta situaci\u00f3n podr\u00eda enmarcarse en este contexto, donde se disputan econom\u00edas legales e ilegales, as\u00ed como el control poblacional del territorio y de las v\u00edas de comunicaci\u00f3n\u201d.<\/p>\n\n\n\n<p>Al expresar su \u201cpreocupaci\u00f3n por las graves violaciones a derechos humanos que padece actualmente la poblaci\u00f3n de Tila\u201d, hizo un llamado a los diferentes niveles de gobierno para \u201cinvestigar los hechos de violencia, delitos cometidos y violaciones a derechos humanos sucedidos entre el 4 y 7 de junio, as\u00ed como sus antecedentes; atender a la poblaci\u00f3n desplazada en l\u00f3gica humanitaria y de derechos humanos, garantizar las condiciones para su retorno seguro, as\u00ed como reparar integralmente los da\u00f1os sufridos\u201d y \u201ctomar medidas para la no repetici\u00f3n con el fin de garantizar una paz duradera en la regi\u00f3n\u201d.<\/p>\n\n\n\n<p>Por separado, el gobernador Rutilio Escand\u00f3n Cadenas afirm\u00f3 que las autoridades \u201cya recuperaron la plaza en Tila y se sigue dialogando para poder llegar hasta los \u00faltimos rincones del municipio con el fin de evitar que siga la violencia\u201d; al mismo tiempo advirti\u00f3 que el caso \u201cno quedar\u00e1 impune\u201d.<\/p>\n\n\n\n<p>En un mensaje transmitido en redes sociales manifest\u00f3 que \u201cestamos muy atentos a todo lo que pueda atentar contra los derechos y las libertades. Por ejemplo, en Tila ya est\u00e1n las autoridades, las Bases de Operaciones Mixtas, integradas por todas las autoridades, municipales, estatales y federales\u201d.<\/p>\n\n\n\n<p>Abund\u00f3: \u201cEste asunto no ha quedado ni va a quedar impune. Ya hay seis personas que fueron aseguradas que se van a enfrentar a la justicia por todo lo que han hecho en contra de la poblaci\u00f3n civil\u201d.<\/p>\n\n\n\n<p>Dijo que el conflicto en Tila \u201cviene desde hace much\u00edsimos a\u00f1os, aproximadamente desde 1969 y durante muchos a\u00f1os ah\u00ed crecieron los abusos, pero la plaza ya fue recuperada por la autoridad\u201d.<\/p>\n\n\n\n<p>Insisti\u00f3 en que \u201ctodos los que han cometido estos actos de violencia en contra del pueblo deben de tener una sanci\u00f3n; que nadie que haya cometido un delito no sea alcanzado por las instituciones legales. Nadie debe de estar por encima ni fuera del estado de derecho\u201d.<\/p>\n\n\n\n<p>Fuente: jornada<\/p>\n","protected":false},"excerpt":{"rendered":"<p>San Crist\u00f3bal de Las Casas, Chis.&nbsp;La Red Nacional de Organismos Civiles de Derechos Humanos \u201cTodos los Derechos para Todas, Todos y Todes\u201d (Red TDT), pidi\u00f3 a las autoridades federales y estatales garantizar la vida, integridad personal y seguridad de los habitantes de Tila, donde \u201cun grupo armado mantuvo a la poblaci\u00f3n en un clima de [&hellip;]<\/p>\n","protected":false},"author":2,"featured_media":129690,"comment_status":"open","ping_status":"open","sticky":false,"template":"","format":"standard","meta":{"footnotes":""},"categories":[55],"tags":[],"class_list":["post-129689","post","type-post","status-publish","format-standard","has-post-thumbnail","hentry","category-nacionales"],"_links":{"self":[{"href":"http:\/\/elcuartopoder.com.mx\/nw\/wp-json\/wp\/v2\/posts\/129689","targetHints":{"allow":["GET"]}}],"collection":[{"href":"http:\/\/elcuartopoder.com.mx\/nw\/wp-json\/wp\/v2\/posts"}],"about":[{"href":"http:\/\/elcuartopoder.com.mx\/nw\/wp-json\/wp\/v2\/types\/post"}],"author":[{"embeddable":true,"href":"http:\/\/elcuartopoder.com.mx\/nw\/wp-json\/wp\/v2\/users\/2"}],"replies":[{"embeddable":true,"href":"http:\/\/elcuartopoder.com.mx\/nw\/wp-json\/wp\/v2\/comments?post=129689"}],"version-history":[{"count":1,"href":"http:\/\/elcuartopoder.com.mx\/nw\/wp-json\/wp\/v2\/posts\/129689\/revisions"}],"predecessor-version":[{"id":129691,"href":"http:\/\/elcuartopoder.com.mx\/nw\/wp-json\/wp\/v2\/posts\/129689\/revisions\/129691"}],"wp:featuredmedia":[{"embeddable":true,"href":"http:\/\/elcuartopoder.com.mx\/nw\/wp-json\/wp\/v2\/media\/129690"}],"wp:attachment":[{"href":"http:\/\/elcuartopoder.com.mx\/nw\/wp-json\/wp\/v2\/media?parent=129689"}],"wp:term":[{"taxonomy":"category","embeddable":true,"href":"http:\/\/elcuartopoder.com.mx\/nw\/wp-json\/wp\/v2\/categories?post=129689"},{"taxonomy":"post_tag","embeddable":true,"href":"http:\/\/elcuartopoder.com.mx\/nw\/wp-json\/wp\/v2\/tags?post=129689"}],"curies":[{"name":"wp","href":"https:\/\/api.w.org\/{rel}","templated":true}]}}