{"id":129721,"date":"2024-06-12T09:23:06","date_gmt":"2024-06-12T14:23:06","guid":{"rendered":"http:\/\/elcuartopoder.com.mx\/nw\/?p=129721"},"modified":"2024-06-12T09:23:09","modified_gmt":"2024-06-12T14:23:09","slug":"el-tsunami-de-chapulines","status":"publish","type":"post","link":"http:\/\/elcuartopoder.com.mx\/nw\/editorial\/el-tsunami-de-chapulines\/","title":{"rendered":"El tsunami de chapulines"},"content":{"rendered":"\n<p>El jueves 6 de junio, los c\u00f3mputos distritales del Instituto Nacional Electoral (INE) confirmaron el\u00a0<strong>triunfo de Claudia Sheinbaum\u00a0para la Presidencia de la Rep\u00fablica<\/strong>\u00a0con 35 millones 923 mil 970 votos, equivalentes al 59.75 por ciento de la votaci\u00f3n. A primera vista,\u00a0<strong>la perdedora de este proceso electoral es X\u00f3chitl G\u00e1lvez,<\/strong>\u00a0pero los ciudadanos consideran que no s\u00f3lo es ella, sino tambi\u00e9n los partidos pol\u00edticos que impulsaron su candidatura, el PRI-PAN-PRD.<\/p>\n\n\n\n<p>Frente a este panorama,&nbsp;<strong>SinEmbargo<\/strong>&nbsp;entrevist\u00f3 a algunos ciudadanos y ciudadanas acerca de qui\u00e9nes consideran que ganaron con el triunfo de Sheinbaum, y qui\u00e9nes son los que m\u00e1s perdieron en este proceso electoral. El sondeo se hizo en el Z\u00f3calo, donde los grupos de oposici\u00f3n,&nbsp;<a href=\"https:\/\/www.sinembargo.mx\/19-05-2024\/4501738\" target=\"_blank\" rel=\"noreferrer noopener\">aglutinados en la llamada Marea Rosa<\/a>, realizaron una \u00faltima concentraci\u00f3n para cerrar filas con X\u00f3chitl G\u00e1lvez el domingo 19 de mayo. Y en el mismo sitio donde Sheinbaum y simpatizantes tambi\u00e9n se reunieron antes de la jornada electoral y el mismo 2 de junio para festejar el triunfo.&nbsp;<\/p>\n\n\n\n<p>En su mayor\u00eda, los y las entrevistadas coincidieron con que con el triunfo de Morena se beneficia el pueblo de M\u00e9xico, pero no dejaron de lado que esta ola de votos tambi\u00e9n<strong>&nbsp;impuls\u00f3 a personajes inconfesables<\/strong>, de otros partidos que saltaron antes de que fuera demasiado tarde. Por ejemplo, por la v\u00eda plurinominal al Senado llegar\u00e1 Javier Corral, quien apenas en noviembre de 2023 renunci\u00f3 al Partido Acci\u00f3n Nacional (PAN) tras 41 a\u00f1os de militancia; o el triunfo de&nbsp;<strong>Eruviel \u00c1vila,&nbsp;<\/strong>quien tambi\u00e9n por v\u00eda de la representaci\u00f3n proporcional ser\u00e1 Diputado federal con el Partido Verde, organizaci\u00f3n que sin duda se ha visto beneficiada de su alianza con el partido guinda.<\/p>\n\n\n\n<figure class=\"wp-block-image\" id=\"attachment_4511234\"><img decoding=\"async\" src=\"https:\/\/i1.wp.com\/www.sinembargo.mx\/wp-content\/uploads\/2024\/06\/festejo-zocalo.jpg?resize=700%2C500&amp;quality=80&amp;strip=all&amp;ssl=1\" alt=\"festejo zocalo\" class=\"wp-image-4511234\"\/><figcaption>Festejo en el Z\u00f3calo el domingo 2 de junio. Foto: Cuartoscuro<\/figcaption><\/figure>\n\n\n\n<p>Andrea, una mujer adulta mayor, consider\u00f3 que con el triunfo de Claudia Sheinbaum \u201cgan\u00f3 el pueblo de M\u00e9xico porque va a seguir la Cuarta Transformaci\u00f3n, cosas buenas y se va a seguir combatiendo la corrupci\u00f3n.&nbsp;<strong>Quienes perdieron fueron los pol\u00edticos corruptos,<\/strong>&nbsp;traidores a la patria que han vendido todo lo que ten\u00edamos antes, es claro que su derrota ya ven\u00eda anunci\u00e1ndose porque el pueblo estaba harto de ellos, de un salario m\u00ednimo tan bajo, inflaci\u00f3n, falta de empleos y de infraestructura p\u00fablica\u201d.&nbsp;<\/p>\n\n\n\n<p>Mario consider\u00f3 a su vez que los perdedores del proceso fueron los partidos pol\u00edticos que abanderaron a X\u00f3chitl G\u00e1lvez: \u201cperdieron los partidos porque el pueblo fuimos acompa\u00f1ados para que hubieran buenas votaciones, sanas, es un gran triunfo, la gente vot\u00f3 innovaci\u00f3n\u201d. Y aunque Maria Teresa, otra se\u00f1ora entrevista, coincidi\u00f3 tambi\u00e9n, dijo que se pierde mucho con el ingreso de Morena de personajes cuestionables:<\/p>\n\n\n\n<p>\u201cMuchos somos los qu\u00e9 queremos un cambio&nbsp;<strong>pero perdemos algunas cosas por el ingreso a Morena de personas de otros partidos<\/strong>, es necesaria una limpia real para que nos represente porque perdemos la dimensi\u00f3n de quienes somos si estamos todos revueltos\u201d.&nbsp;<\/p>\n\n\n\n<p>Contrario a los comentarios anteriores, Elena consider\u00f3 que con el triunfo de Sheinbaum \u201cperdimos los mexicanos porque ser\u00e1 otro sexenio de responsabilizar a las anteriores administraciones, no se hacen responsables de sus acciones, dicen que todo sale mal porque los anteriores gobernaron mal\u201d. Sin embargo, reconoci\u00f3 que la candidata del PRI-PAN-PRD se enfrasc\u00f3 en peleas y&nbsp;<strong>no logr\u00f3 realizar una propuesta concreta, \u201cno movi\u00f3 a las masas<\/strong>&nbsp;y los partidos no la apoyaron lo suficiente, cada quien estaba buscando su beneficio personal\u201d.&nbsp;<\/p>\n\n\n\n<p>Sally, joven entrevistada en el plant\u00f3n pro Palestina instalado en el Z\u00f3calo, consider\u00f3 que con ninguna de las tres opciones presidenciales, Sheinbaum, G\u00e1lvez o M\u00e1ynez, ganar\u00eda el pueblo: \u201clos ganadores son empresarios que buscan mantener su capital, es una estrategia mantenernos estables y quienes perdemos somos toda la clase trabajadores, quienes no poseemos los medios de producci\u00f3n, lo que ofrece Morena es un curita para una herida sangrante de la yugular. Y G\u00e1lvez pues mucho peor porque no iba a permitir ni siquiera la farsa de la democracia\u201d.&nbsp;<\/p>\n\n\n\n<figure class=\"wp-block-image\" id=\"attachment_4510364\"><img decoding=\"async\" src=\"https:\/\/i1.wp.com\/www.sinembargo.mx\/wp-content\/uploads\/2024\/06\/claudia-sheinbaum-1.jpg?resize=700%2C370&amp;quality=80&amp;strip=all&amp;ssl=1\" alt=\"Claudia Sheinbaum, candidata a la Presidencia de la Rep\u00fablica por morena y sus aliados.\" class=\"wp-image-4510364\"\/><figcaption>Foto: Magdalena Montiel, Cuartoscuro<\/figcaption><\/figure>\n","protected":false},"excerpt":{"rendered":"<p>El jueves 6 de junio, los c\u00f3mputos distritales del Instituto Nacional Electoral (INE) confirmaron el\u00a0triunfo de Claudia Sheinbaum\u00a0para la Presidencia de la Rep\u00fablica\u00a0con 35 millones 923 mil 970 votos, equivalentes al 59.75 por ciento de la votaci\u00f3n. A primera vista,\u00a0la perdedora de este proceso electoral es X\u00f3chitl G\u00e1lvez,\u00a0pero los ciudadanos consideran que no s\u00f3lo es [&hellip;]<\/p>\n","protected":false},"author":2,"featured_media":129722,"comment_status":"open","ping_status":"open","sticky":false,"template":"","format":"standard","meta":{"footnotes":""},"categories":[63],"tags":[],"class_list":["post-129721","post","type-post","status-publish","format-standard","has-post-thumbnail","hentry","category-editorial"],"_links":{"self":[{"href":"http:\/\/elcuartopoder.com.mx\/nw\/wp-json\/wp\/v2\/posts\/129721","targetHints":{"allow":["GET"]}}],"collection":[{"href":"http:\/\/elcuartopoder.com.mx\/nw\/wp-json\/wp\/v2\/posts"}],"about":[{"href":"http:\/\/elcuartopoder.com.mx\/nw\/wp-json\/wp\/v2\/types\/post"}],"author":[{"embeddable":true,"href":"http:\/\/elcuartopoder.com.mx\/nw\/wp-json\/wp\/v2\/users\/2"}],"replies":[{"embeddable":true,"href":"http:\/\/elcuartopoder.com.mx\/nw\/wp-json\/wp\/v2\/comments?post=129721"}],"version-history":[{"count":1,"href":"http:\/\/elcuartopoder.com.mx\/nw\/wp-json\/wp\/v2\/posts\/129721\/revisions"}],"predecessor-version":[{"id":129723,"href":"http:\/\/elcuartopoder.com.mx\/nw\/wp-json\/wp\/v2\/posts\/129721\/revisions\/129723"}],"wp:featuredmedia":[{"embeddable":true,"href":"http:\/\/elcuartopoder.com.mx\/nw\/wp-json\/wp\/v2\/media\/129722"}],"wp:attachment":[{"href":"http:\/\/elcuartopoder.com.mx\/nw\/wp-json\/wp\/v2\/media?parent=129721"}],"wp:term":[{"taxonomy":"category","embeddable":true,"href":"http:\/\/elcuartopoder.com.mx\/nw\/wp-json\/wp\/v2\/categories?post=129721"},{"taxonomy":"post_tag","embeddable":true,"href":"http:\/\/elcuartopoder.com.mx\/nw\/wp-json\/wp\/v2\/tags?post=129721"}],"curies":[{"name":"wp","href":"https:\/\/api.w.org\/{rel}","templated":true}]}}