{"id":129724,"date":"2024-06-12T09:27:31","date_gmt":"2024-06-12T14:27:31","guid":{"rendered":"http:\/\/elcuartopoder.com.mx\/nw\/?p=129724"},"modified":"2024-06-12T09:27:35","modified_gmt":"2024-06-12T14:27:35","slug":"no-imparte-justicia","status":"publish","type":"post","link":"http:\/\/elcuartopoder.com.mx\/nw\/destacadas\/no-imparte-justicia\/","title":{"rendered":"No imparte justicia"},"content":{"rendered":"\n<p>El Presidente&nbsp;<strong>Andr\u00e9s Manuel L\u00f3pez Obrador<\/strong>&nbsp;asegur\u00f3 la ma\u00f1ana de este martes que&nbsp;<strong>\u201cs\u00ed urge\u201d aprobar la reforma al Poder Judicial<\/strong>&nbsp;en&nbsp;<strong>septiembre<\/strong>, ya que&nbsp;<strong>\u201chay mucha corrupci\u00f3n\u201d<\/strong>,&nbsp;<strong>\u201cest\u00e1 secuestrado\u201d<\/strong>&nbsp;por la&nbsp;<strong>delincuencia organizada<\/strong>&nbsp;y la&nbsp;<strong>delincuencia de cuello blanco<\/strong>, y sus integrantes&nbsp;<strong>\u201cno imparten justicia\u201d<\/strong>.<\/p>\n\n\n\n<blockquote class=\"wp-block-quote is-layout-flow wp-block-quote-is-layout-flow\"><p>\u201cYa se sabe lo suficiente porque se ha venido informando, a ustedes les consta, de c\u00f3mo&nbsp;<strong>hay mucha corrupci\u00f3n<\/strong>&nbsp;en el&nbsp;<strong>Poder Judicial<\/strong>. Mucha, mucha&nbsp;<strong>corrupci\u00f3n<\/strong>. Est\u00e1 el&nbsp;<strong>Poder Judicial secuestrado<\/strong>&nbsp;tanto por la&nbsp;<strong>delincuencia organizada<\/strong>&nbsp;como por la&nbsp;<strong>delincuencia de cuello blanco<\/strong>&nbsp;y no est\u00e1 el&nbsp;<strong>Poder Judicial<\/strong>&nbsp;al&nbsp;<strong>servicio del pueblo<\/strong>. Jueces, magistrados, ministros&nbsp;<strong>no imparten justicia<\/strong>\u201c, acus\u00f3.<\/p><\/blockquote>\n\n\n\n<p>L\u00f3pez Obrador reconoci\u00f3 que \u201chay, desde luego, honrosas excepciones\u201d. \u201cNo podemos generalizar. Hay jueces buenos, ministros, magistrados; pero en general est\u00e1 mal el Poder Judicial. Entonces necesitamos esa reforma\u201d, insisti\u00f3 luego de ser cuestionado sobre el anuncio que hizo ayer Claudia Sheinbaum Pardo, virtual Presidenta electa de M\u00e9xico, quien dio a conocer que dicha iniciativa ser\u00e1 una de las prioridades del nuevo Congreso de la Uni\u00f3n.<\/p>\n\n\n\n<p>-\u00bfO sea, es urgente que se apruebe? -pregunt\u00f3 una reportera desde Palacio Nacional.<\/p>\n\n\n\n<p>-S\u00ed, urge. Nada m\u00e1s basta con ver hoy el informe -respondi\u00f3 el mandatario mexicano.<br><br><\/p>\n\n\n\n<p>El reporte que cit\u00f3 es el que&nbsp;present\u00f3 unos minutos antes Luis Rodr\u00edguez Bucio, Subsecretario de Seguridad P\u00fablica, sobre el mal actuar de un Juez y una Jueza para favorecer a presuntos delincuentes.<\/p>\n\n\n\n<blockquote class=\"wp-block-quote is-layout-flow wp-block-quote-is-layout-flow\"><p>\u201cEn el caso de jueces que con sus sentencias favorecen a delincuentes, tenemos a este Juez Jos\u00e9 Fernando Garc\u00eda Quiroz. Es el caso de la suspensi\u00f3n de plano en favor del presunto homicida de un agente de la DEA, Rafael \u2018N&#8217;\u201d, coment\u00f3 en referencia a Rafael Caro Quintero, fundador del C\u00e1rtel de Guadalajara.<\/p><\/blockquote>\n\n\n\n<p>Rodr\u00edguez Bucio detall\u00f3 que \u201cel Juez Garc\u00eda Quiroz concedi\u00f3 una suspensi\u00f3n de plano a Rafael para que las autoridades se\u00f1aladas como responsables se abstengan de ejecutar en su contra la petici\u00f3n de extradici\u00f3n al Gobierno de los Estados Unidos y cese todo acto prohibido por el Art\u00edculo 22 constitucional\u201d.<\/p>\n\n\n\n<blockquote class=\"wp-block-quote is-layout-flow wp-block-quote-is-layout-flow\"><p>\u201cEl Juez Garc\u00eda Quiroz orden\u00f3 a las autoridades responsables que en el t\u00e9rmino no mayor de 24 horas informaran al juzgado sobre el cumplimiento de la suspensi\u00f3n y se\u00f1al\u00f3 como fecha de audiencia constitucional el 26 de junio pr\u00f3ximo\u201d, precis\u00f3 durante la secci\u00f3n \u201cCero Impunidad\u201d.<\/p><\/blockquote>\n\n\n\n<p>Adem\u00e1s, el funcionario habl\u00f3 de Hortencia Garc\u00eda Rodr\u00edguez, Jueza de Control del Distrito Judicial de Morelos en Chihuahua, quien dict\u00f3 el cambio de medida cautelar a favor de C\u00e9sar Duarte, exgobernador chihuahuense.<\/p>\n\n\n\n<blockquote class=\"wp-block-quote is-layout-flow wp-block-quote-is-layout-flow\"><p>\u201cEste otro caso se trata de la Jueza Hortencia Garc\u00eda Rodr\u00edguez. Ella benefici\u00f3 con su decisi\u00f3n a C\u00e9sar Horacio \u2018N\u2019, exgobernador de Chihuahua que fue detenido con fines de extradici\u00f3n el 8 de julio de 2020 en los Estados Unidos por peculado y asociaci\u00f3n delictuosa, ambos con penalidad agravada\u201d, expuso.<\/p><\/blockquote>\n\n\n\n<p>Seg\u00fan el Subsecretario de la Secretar\u00eda de Seguridad y Protecci\u00f3n Ciudadana (SSPC), \u201cla Jueza Garc\u00eda Rodr\u00edguez, el 4 de junio, sin celebrar audiencia de revisi\u00f3n de medidas cautelares, orden\u00f3 a la autoridad penitenciaria estatal que a partir del d\u00eda siguiente, el 5 de junio, dejara sin efecto la prisi\u00f3n preventiva que cumpl\u00eda el exgobernador de Chihuahua\u201d.<\/p>\n\n\n\n<blockquote class=\"wp-block-quote is-layout-flow wp-block-quote-is-layout-flow\"><p>\u201cLa Jueza orden\u00f3 lo anterior tomando como base las dos resoluciones de apelaci\u00f3n emitidas por la Quinta Sala Penal del Tribunal Superior de Justicia de Chihuahua, mismas que establecen un m\u00e1ximo de dos a\u00f1os de prisi\u00f3n preventiva\u201d, abund\u00f3.<\/p><\/blockquote>\n\n\n\n<p>Finalmente, Bucio apunt\u00f3 que \u201cfue hasta el d\u00eda 6 de junio que la misma Jueza, Garc\u00eda Rodr\u00edguez, tras convocar a una audiencia de revisi\u00f3n de medidas cautelares, cambi\u00f3 la prisi\u00f3n preventiva a prisi\u00f3n domiciliaria, portaci\u00f3n de brazalete electr\u00f3nico y entrega de pasaportes\u201d.<\/p>\n\n\n\n<figure class=\"wp-block-image\" id=\"attachment_4512458\"><img decoding=\"async\" src=\"https:\/\/i1.wp.com\/www.sinembargo.mx\/wp-content\/uploads\/2024\/06\/la-presentacion-del-caso-del-cambio-de-la-medida-cautelar-a-favor-de-cesar-duarte-exgobernador-de-chihuahua.png?resize=700%2C393&amp;quality=80&amp;strip=all&amp;ssl=1\" alt=\"La presentaci\u00f3n del caso del cambio de la medida cautelar a favor de C\u00e9sar Duarte, exgobernador de Chihuahua.\" class=\"wp-image-4512458\"\/><figcaption>La presentaci\u00f3n del caso del cambio de la medida cautelar a favor de C\u00e9sar Duarte, exgobernador de Chihuahua. Foto: Captura de pantalla<\/figcaption><\/figure>\n\n\n\n<blockquote class=\"wp-block-quote is-layout-flow wp-block-quote-is-layout-flow\"><p>\u201cDos jueces. Esto. Este es el se\u00f1or Caro Quintero y le est\u00e1n dando un amparo, un Juez para que no sea extraditado y 24 horas de plazo para que se cumpla su resoluci\u00f3n. Pero estamos hablando de hoy. Si les hago un recuento, bueno, hemos aqu\u00ed compartido todo. A ver, esto. C\u00e9sar Duarte. Libertad. Una Jueza\u201d, lament\u00f3 el Jefe del Ejecutivo federal m\u00e1s tarde.<\/p><\/blockquote>\n\n\n\n<p>\u201c\u00bfC\u00f3mo se van a oponer a que se reforme el Poder Judicial? \u00bfQui\u00e9nes se oponen? Pues los beneficiados de la corrupci\u00f3n. Pero eso no es el pueblo, son los de arriba, que se sent\u00edan los due\u00f1os de M\u00e9xico\u201d, afirm\u00f3.<\/p>\n\n\n\n<p>En palabras del pol\u00edtico tabasque\u00f1o, en esta ocasi\u00f3n s\u00f3lo se abordaron estos dos temas \u201cmenores\u201d, sin embargo, subray\u00f3 que hay muchos m\u00e1s que sustentan la necesidad de hacer fuertes cambios en el Poder Judicial de la Federaci\u00f3n (PJF).<\/p>\n\n\n\n<blockquote class=\"wp-block-quote is-layout-flow wp-block-quote-is-layout-flow\"><p>\u201cAh\u00ed est\u00e1 el caso del se\u00f1or Ministro [Luis Mar\u00eda Aguilar Morales] que guarda un expediente 10 meses para proteger a una empresa [de Grupo Salinas] que tiene que pagar, de acuerdo a resoluciones de jueces, 30, 40 mil millones de pesos. \u00bfC\u00f3mo va a tener detenido un expediente as\u00ed? \u00bfPor qu\u00e9 tanto tiempo?\u201d, critic\u00f3.<\/p><\/blockquote>\n\n\n\n<p>El Presidente L\u00f3pez Obrador tambi\u00e9n denunci\u00f3 la existencia de \u201cotros ministros que son empleados, me da hasta pena decirlo, de potentados\u201d. \u201cEntonces ellos mismos, los \u2018machuchones\u2019, son los que no quieren que el pueblo elija a los jueces, a los magistrados, a los ministros. \u00bfPor qu\u00e9 le tienen miedo al pueblo? \u00bfPor qu\u00e9 le tienen miedo a la democracia? \u00bfQu\u00e9 va a suceder? Nada\u201d, sostuvo.<\/p>\n\n\n\n<blockquote class=\"wp-block-quote is-layout-flow wp-block-quote-is-layout-flow\"><p>\u201cEst\u00e1 definido un procedimiento; se inscriben abogados, mujeres, hombres; se da a conocer qui\u00e9nes son. Hay tiempo para que se conozcan sus trayectorias. Participan las escuelas de Derecho; las asociaciones de abogados; opinan los mismos jueces, los mismos magistrados, los mismos ministros\u201d, declar\u00f3 sobre el proceso que plante\u00f3 en su iniciativa para que todos esos cargos sean sometidos al voto directo de la gente.<\/p><\/blockquote>\n\n\n\n<p>Seg\u00fan lo dicho por el gobernante, \u201cel planteamiento es que no se les niegue a ellos la posibilidad de participar, no s\u00f3lo de opinar, sino de ser candidatos\u201d. \u201cY que ya cuando todos estemos informados de qui\u00e9nes son los candidatos, los jueces, magistrados, ministros\u2026 No es mucho. Total, deben de ser mil 500, dos mil. O sea, menos que los presidentes municipales que se eligen\u201d, estim\u00f3.<\/p>\n\n\n\n<blockquote class=\"wp-block-quote is-layout-flow wp-block-quote-is-layout-flow\"><p>\u201cYa se tiene toda la informaci\u00f3n, entonces el pueblo elige y hay una renovaci\u00f3n del Poder Judicial para que esto no siga pasando; y que los jueces, los magistrados, los ministros sepan que son servidores del pueblo, servidores p\u00fablicos, y que su misi\u00f3n es impartir justicia, no representar los intereses de minor\u00edas: del poder econ\u00f3mico, del poder pol\u00edtico\u201d, sentenci\u00f3.<\/p><\/blockquote>\n\n\n\n<p>El izquierdista aprovech\u00f3 para exhibir el tema de los excesos. Como ejemplo puso que se autoriz\u00f3 \u201cuna Ley El\u00e9ctrica en beneficio del pueblo de M\u00e9xico\u201d, por lo que las empresas privadas extranjeras se ampararon, pues \u201cest\u00e1n pensando en la ganancia, en la utilidad, en el lucro en algunos casos\u201d. Posteriormente, record\u00f3, \u201cun Juez resuelve ampararlas y luego en la Corte la declara inconstitucional\u201d.<\/p>\n\n\n\n<blockquote class=\"wp-block-quote is-layout-flow wp-block-quote-is-layout-flow\"><p>\u201cSe aprueba por el Poder Legislativo; aprueban los diputados federales, aprueban los senadores; llega a la Suprema Corte; y uno o dos ministros la cancelan, esgrimiendo, utilizando como excusa, como pretexto que en el Congreso no siguieron correctamente el procedimiento\u201d, asever\u00f3.<\/p><\/blockquote>\n\n\n\n<p>\u201cEs como cuando un Juez deja en libertad a un presunto delincuente de cuello blanco o de la delincuencia organizada porque est\u00e1 mal la hora en que, de acuerdo a la averiguaci\u00f3n previa, se le detuvo. Porque no fue a las 10, sino a las 10:30. Luego entonces, se ofrece, se da la protecci\u00f3n del amparo. En vez de\u2026 \u2018A ver, se trata de un asunto delicado. Vamos a reponer el procedimiento. \u00bfFue 10 o 10:30?\u2019. No. Libertad\u201d, explic\u00f3 AMLO.<\/p>\n\n\n\n<blockquote class=\"wp-block-quote is-layout-flow wp-block-quote-is-layout-flow\"><p>\u201cEntiendo muy bien que no les guste. Empiezan algunos a presionar para ver si hay nerviosismo en los mercados. Nuestra econom\u00eda est\u00e1 muy fuerte afortunadamente. Entonces cu\u00e1nto tiempo les va a durar estar promoviendo ese nerviosismo en la televisi\u00f3n, en la radio, en las columnas de expertos financieros\u201d, dijo.<\/p><\/blockquote>\n\n\n\n<blockquote class=\"wp-block-quote is-layout-flow wp-block-quote-is-layout-flow\"><p>\u201cSaben que le movieron y hoy debe estar como\u2026 A ver c\u00f3mo est\u00e1 el peso en relaci\u00f3n al d\u00f3lar. Debe estar como en 18.40, 18.50. Bueno. Les puedo decir que a 18.37 es un porcentaje de fortalecimiento del peso, hoy as\u00ed como est\u00e1, del 10 por ciento desde que llegamos. Es la moneda, hoy as\u00ed como est\u00e1, que m\u00e1s se ha fortalecido con relaci\u00f3n al d\u00f3lar en todo el mundo\u201d, presumi\u00f3 el Jefe de Estado mexicano.<\/p><\/blockquote>\n\n\n\n<p>Frente a las y los representantes de los medios de comunicaci\u00f3n, destac\u00f3 la importancia de tener una econom\u00eda fuerte y finanzas p\u00fablicas sanas. \u201c\u00bfPor qu\u00e9 tenemos una econom\u00eda fuerte y finanzas p\u00fablicas sanas? Porque hemos combatido la corrupci\u00f3n\u201d, celebr\u00f3.<\/p>\n\n\n\n<blockquote class=\"wp-block-quote is-layout-flow wp-block-quote-is-layout-flow\"><p>\u201cPuede ser que ahora haya estos desajustes, pero, como se trata de que haya un verdadero Estado de Derecho, que es lo que quieren los inversionistas, no los especuladores, eh\u2026 Los verdaderos empresarios quieren un Estado de Derecho, los especuladores quieren un Estado de chueco. Ellos son los que no quieren una reforma para limpiar de corrupci\u00f3n el Poder Judicial\u201d, achac\u00f3 el Presidente saliente.<\/p><\/blockquote>\n\n\n\n<p>\u201cNo hay problema. O sea, es que ellos est\u00e1n pensando, est\u00e1n acostumbrados al chantaje. \u2018No, me mantienes los privilegios porque si no, mira, va a haber fuga de capital, devaluaci\u00f3n\u2019. Y ah\u00ed los ten\u00edan as\u00ed: temblando\u2019. [..] Vamos a pasar a la historia como el Gobierno que no devalu\u00f3 su moneda\u201d, concluy\u00f3.<\/p>\n\n\n\n<p>Fuente: sinembargo<\/p>\n","protected":false},"excerpt":{"rendered":"<p>El Presidente&nbsp;Andr\u00e9s Manuel L\u00f3pez Obrador&nbsp;asegur\u00f3 la ma\u00f1ana de este martes que&nbsp;\u201cs\u00ed urge\u201d aprobar la reforma al Poder Judicial&nbsp;en&nbsp;septiembre, ya que&nbsp;\u201chay mucha corrupci\u00f3n\u201d,&nbsp;\u201cest\u00e1 secuestrado\u201d&nbsp;por la&nbsp;delincuencia organizada&nbsp;y la&nbsp;delincuencia de cuello blanco, y sus integrantes&nbsp;\u201cno imparten justicia\u201d. \u201cYa se sabe lo suficiente porque se ha venido informando, a ustedes les consta, de c\u00f3mo&nbsp;hay mucha corrupci\u00f3n&nbsp;en el&nbsp;Poder Judicial. Mucha, [&hellip;]<\/p>\n","protected":false},"author":2,"featured_media":129725,"comment_status":"open","ping_status":"open","sticky":false,"template":"","format":"standard","meta":{"footnotes":""},"categories":[59],"tags":[],"class_list":["post-129724","post","type-post","status-publish","format-standard","has-post-thumbnail","hentry","category-destacadas"],"_links":{"self":[{"href":"http:\/\/elcuartopoder.com.mx\/nw\/wp-json\/wp\/v2\/posts\/129724","targetHints":{"allow":["GET"]}}],"collection":[{"href":"http:\/\/elcuartopoder.com.mx\/nw\/wp-json\/wp\/v2\/posts"}],"about":[{"href":"http:\/\/elcuartopoder.com.mx\/nw\/wp-json\/wp\/v2\/types\/post"}],"author":[{"embeddable":true,"href":"http:\/\/elcuartopoder.com.mx\/nw\/wp-json\/wp\/v2\/users\/2"}],"replies":[{"embeddable":true,"href":"http:\/\/elcuartopoder.com.mx\/nw\/wp-json\/wp\/v2\/comments?post=129724"}],"version-history":[{"count":1,"href":"http:\/\/elcuartopoder.com.mx\/nw\/wp-json\/wp\/v2\/posts\/129724\/revisions"}],"predecessor-version":[{"id":129726,"href":"http:\/\/elcuartopoder.com.mx\/nw\/wp-json\/wp\/v2\/posts\/129724\/revisions\/129726"}],"wp:featuredmedia":[{"embeddable":true,"href":"http:\/\/elcuartopoder.com.mx\/nw\/wp-json\/wp\/v2\/media\/129725"}],"wp:attachment":[{"href":"http:\/\/elcuartopoder.com.mx\/nw\/wp-json\/wp\/v2\/media?parent=129724"}],"wp:term":[{"taxonomy":"category","embeddable":true,"href":"http:\/\/elcuartopoder.com.mx\/nw\/wp-json\/wp\/v2\/categories?post=129724"},{"taxonomy":"post_tag","embeddable":true,"href":"http:\/\/elcuartopoder.com.mx\/nw\/wp-json\/wp\/v2\/tags?post=129724"}],"curies":[{"name":"wp","href":"https:\/\/api.w.org\/{rel}","templated":true}]}}