{"id":129730,"date":"2024-06-12T09:36:59","date_gmt":"2024-06-12T14:36:59","guid":{"rendered":"http:\/\/elcuartopoder.com.mx\/nw\/?p=129730"},"modified":"2024-06-12T09:37:02","modified_gmt":"2024-06-12T14:37:02","slug":"juez-declara-legal-la-detencion-de-miembros-del-cartel-de-sinaloa-bc","status":"publish","type":"post","link":"http:\/\/elcuartopoder.com.mx\/nw\/policiacas\/juez-declara-legal-la-detencion-de-miembros-del-cartel-de-sinaloa-bc\/","title":{"rendered":"Juez declara legal la detenci\u00f3n de miembros del C\u00e1rtel de Sinaloa, BC"},"content":{"rendered":"\n<p><em>Mexicali, BC.<\/em>&nbsp;Un juez federal con sede en Mexicali calific\u00f3 de legal la detenci\u00f3n del jefe de plaza del Cartel de Sinaloa en ciudades del Alto Golfo de California.<\/p>\n\n\n\n<p>Se trata de Oscar Federico Soberanes, alias \u201cEl Gorila\u201d, quien el fin de semana fue arrestado en el puerto de San Felipe, a 200 kil\u00f3metros al sur de Mexicali, en un operativo de agentes de la Guardia Nacional y de la Fuerza Estatal de Seguridad Ciudadana de Baja California.<\/p>\n\n\n\n<p>El juez autoriz\u00f3 la ampliaci\u00f3n de t\u00e9rmino constitucional para la audiencia inicial de imputaci\u00f3n de delitos solicitada por la defensa de los presuntos integrantes del C\u00e1rtel de Sinaloa, a trav\u00e9s de la c\u00e9lula \u201cLos Pelones\u201d que opera en San Luis R\u00edo Colorado y el Golfo de Santa Clara, Sonora, y San Felipe, Baja California.<\/p>\n\n\n\n<p>Los detenidos que se encuentran en Centro de Readaptaci\u00f3n Social de Mexicali portaban dos pistolas, dos fusiles de asalto y cargadores de diferentes calibres.<\/p>\n\n\n\n<p>El Juzgado de Control del Poder Judicial de la Federaci\u00f3n orden\u00f3 que \u00abEl Gorila\u00bb, de 29 a\u00f1os de edad, quede bajo arresto, al igual que Carlos Eduardo, de 23 a\u00f1os de edad y oriundo de Culiac\u00e1n; Roberto, originario de San Felipe, de 26 a\u00f1os; y Jonathan Eduardo residente de San Luis R\u00edo Colorado de 27 a\u00f1os de edad.<\/p>\n","protected":false},"excerpt":{"rendered":"<p>Mexicali, BC.&nbsp;Un juez federal con sede en Mexicali calific\u00f3 de legal la detenci\u00f3n del jefe de plaza del Cartel de Sinaloa en ciudades del Alto Golfo de California. Se trata de Oscar Federico Soberanes, alias \u201cEl Gorila\u201d, quien el fin de semana fue arrestado en el puerto de San Felipe, a 200 kil\u00f3metros al sur [&hellip;]<\/p>\n","protected":false},"author":2,"featured_media":129731,"comment_status":"open","ping_status":"open","sticky":false,"template":"","format":"standard","meta":{"footnotes":""},"categories":[23],"tags":[],"class_list":["post-129730","post","type-post","status-publish","format-standard","has-post-thumbnail","hentry","category-policiacas"],"_links":{"self":[{"href":"http:\/\/elcuartopoder.com.mx\/nw\/wp-json\/wp\/v2\/posts\/129730","targetHints":{"allow":["GET"]}}],"collection":[{"href":"http:\/\/elcuartopoder.com.mx\/nw\/wp-json\/wp\/v2\/posts"}],"about":[{"href":"http:\/\/elcuartopoder.com.mx\/nw\/wp-json\/wp\/v2\/types\/post"}],"author":[{"embeddable":true,"href":"http:\/\/elcuartopoder.com.mx\/nw\/wp-json\/wp\/v2\/users\/2"}],"replies":[{"embeddable":true,"href":"http:\/\/elcuartopoder.com.mx\/nw\/wp-json\/wp\/v2\/comments?post=129730"}],"version-history":[{"count":1,"href":"http:\/\/elcuartopoder.com.mx\/nw\/wp-json\/wp\/v2\/posts\/129730\/revisions"}],"predecessor-version":[{"id":129732,"href":"http:\/\/elcuartopoder.com.mx\/nw\/wp-json\/wp\/v2\/posts\/129730\/revisions\/129732"}],"wp:featuredmedia":[{"embeddable":true,"href":"http:\/\/elcuartopoder.com.mx\/nw\/wp-json\/wp\/v2\/media\/129731"}],"wp:attachment":[{"href":"http:\/\/elcuartopoder.com.mx\/nw\/wp-json\/wp\/v2\/media?parent=129730"}],"wp:term":[{"taxonomy":"category","embeddable":true,"href":"http:\/\/elcuartopoder.com.mx\/nw\/wp-json\/wp\/v2\/categories?post=129730"},{"taxonomy":"post_tag","embeddable":true,"href":"http:\/\/elcuartopoder.com.mx\/nw\/wp-json\/wp\/v2\/tags?post=129730"}],"curies":[{"name":"wp","href":"https:\/\/api.w.org\/{rel}","templated":true}]}}