{"id":129733,"date":"2024-06-12T09:38:28","date_gmt":"2024-06-12T14:38:28","guid":{"rendered":"http:\/\/elcuartopoder.com.mx\/nw\/?p=129733"},"modified":"2024-06-12T09:38:32","modified_gmt":"2024-06-12T14:38:32","slug":"macron-no-dejara-su-cargo-sea-cual-sea-el-resultado-de-comicios","status":"publish","type":"post","link":"http:\/\/elcuartopoder.com.mx\/nw\/internacionales\/macron-no-dejara-su-cargo-sea-cual-sea-el-resultado-de-comicios\/","title":{"rendered":"Macron no dejar\u00e1 su cargo \u201csea cual sea el resultado\u201d de comicios"},"content":{"rendered":"\n<p><em>Madrid<\/em>. El presidente de Francia, Emmanuel Macron, confirm\u00f3 que no dimitir\u00e1 de su cargo \u00absea cual sea el resultado\u00bb de las elecciones legislativas de finales de mes, convocadas ante el mal resultado de su partido en los comicios europeos del pasado domingo.<\/p>\n\n\n\n<p>Macron afirm\u00f3 que sale a \u00abganar\u00bb estos comicios, para los que sin embargo suena ahora como favorito Agrupaci\u00f3n Nacional. Su l\u00edder, Jordan Bardella, confes\u00f3 sus aspiraciones de ser el futuro primer ministro.<\/p>\n\n\n\n<p>Ante la posibilidad de que crezca la presi\u00f3n sobre \u00e9l en caso de victoria ultraderechista, se\u00f1al\u00f3 que no es Agrupaci\u00f3n Nacional \u00abquien escribe la Constituci\u00f3n\u00bb, donde est\u00e1 \u00abclaro\u00bb cu\u00e1l es el papel de cada una de las instituciones. As\u00ed, sugiri\u00f3 que su cargo no estar\u00e1 en juego.<\/p>\n\n\n\n<p>Macron convoc\u00f3 las elecciones la misma noche electoral, poco despu\u00e9s de que se conociesen unos sondeos a pie de urna que ya anticipaban un arrollador triunfo para el partido de Bardella y de Marine Le Pen.<\/p>\n\n\n\n<p>Ser\u00e1n el 30 de junio y el 7 de junio, en base a un sistema de doble vuelta que aboca a los partidos a tejer alianzas.<\/p>\n\n\n\n<p>El presidente inicialmente ten\u00eda previsto comparecer este martes ante los medios para hablar por primera vez en p\u00fablico desde su discurso a la naci\u00f3n, pero esta rueda de prensa qued\u00f3 aplazada al mi\u00e9rcoles, seg\u00fan medios galos.<\/p>\n\n\n\n<p>Fuente: jornada<\/p>\n","protected":false},"excerpt":{"rendered":"<p>Madrid. El presidente de Francia, Emmanuel Macron, confirm\u00f3 que no dimitir\u00e1 de su cargo \u00absea cual sea el resultado\u00bb de las elecciones legislativas de finales de mes, convocadas ante el mal resultado de su partido en los comicios europeos del pasado domingo. Macron afirm\u00f3 que sale a \u00abganar\u00bb estos comicios, para los que sin embargo [&hellip;]<\/p>\n","protected":false},"author":2,"featured_media":129734,"comment_status":"open","ping_status":"open","sticky":false,"template":"","format":"standard","meta":{"footnotes":""},"categories":[8],"tags":[],"class_list":["post-129733","post","type-post","status-publish","format-standard","has-post-thumbnail","hentry","category-internacionales"],"_links":{"self":[{"href":"http:\/\/elcuartopoder.com.mx\/nw\/wp-json\/wp\/v2\/posts\/129733","targetHints":{"allow":["GET"]}}],"collection":[{"href":"http:\/\/elcuartopoder.com.mx\/nw\/wp-json\/wp\/v2\/posts"}],"about":[{"href":"http:\/\/elcuartopoder.com.mx\/nw\/wp-json\/wp\/v2\/types\/post"}],"author":[{"embeddable":true,"href":"http:\/\/elcuartopoder.com.mx\/nw\/wp-json\/wp\/v2\/users\/2"}],"replies":[{"embeddable":true,"href":"http:\/\/elcuartopoder.com.mx\/nw\/wp-json\/wp\/v2\/comments?post=129733"}],"version-history":[{"count":1,"href":"http:\/\/elcuartopoder.com.mx\/nw\/wp-json\/wp\/v2\/posts\/129733\/revisions"}],"predecessor-version":[{"id":129735,"href":"http:\/\/elcuartopoder.com.mx\/nw\/wp-json\/wp\/v2\/posts\/129733\/revisions\/129735"}],"wp:featuredmedia":[{"embeddable":true,"href":"http:\/\/elcuartopoder.com.mx\/nw\/wp-json\/wp\/v2\/media\/129734"}],"wp:attachment":[{"href":"http:\/\/elcuartopoder.com.mx\/nw\/wp-json\/wp\/v2\/media?parent=129733"}],"wp:term":[{"taxonomy":"category","embeddable":true,"href":"http:\/\/elcuartopoder.com.mx\/nw\/wp-json\/wp\/v2\/categories?post=129733"},{"taxonomy":"post_tag","embeddable":true,"href":"http:\/\/elcuartopoder.com.mx\/nw\/wp-json\/wp\/v2\/tags?post=129733"}],"curies":[{"name":"wp","href":"https:\/\/api.w.org\/{rel}","templated":true}]}}