{"id":129736,"date":"2024-06-12T09:39:35","date_gmt":"2024-06-12T14:39:35","guid":{"rendered":"http:\/\/elcuartopoder.com.mx\/nw\/?p=129736"},"modified":"2024-06-12T09:39:39","modified_gmt":"2024-06-12T14:39:39","slug":"impactante-el-aumento-de-violencia-contra-ninos-en-guerras-onu","status":"publish","type":"post","link":"http:\/\/elcuartopoder.com.mx\/nw\/destacadas\/impactante-el-aumento-de-violencia-contra-ninos-en-guerras-onu\/","title":{"rendered":"\u00abImpactante\u201d el aumento de violencia contra ni\u00f1os en guerras: ONU"},"content":{"rendered":"\n<p><em>Nueva York.<\/em>&nbsp;Las Naciones Unidas denunciaron un \u00abimpactante\u00bb aumento del 21 por ciento de las violaciones de los derechos de los ni\u00f1os en las guerras en 2023 respecto al a\u00f1o anterior, seg\u00fan un informe de la ONU.<\/p>\n\n\n\n<p>\u00abEn 2023, la violencia contra los ni\u00f1os en los conflictos armados alcanz\u00f3 niveles extremos, con un impactante aumento del 21 por ciento de las violaciones graves\u00bb, asegur\u00f3 el informe que se publicar\u00e1 oficialmente el jueves y confirma 30 mil 705 violaciones cometidas el a\u00f1o pasado.<\/p>\n\n\n\n<p>El informe anual del secretario general de la ONU, Antonio Guterres, enumera las violaciones de los derechos de los ni\u00f1os (menores de 18 a\u00f1os) en una veintena de zonas en conflicto en todo el mundo y adjunta una lista de los responsables de estas violaciones, incluidos los ni\u00f1os que han sido asesinados o mutilados, reclutados, secuestrados o v\u00edctimas de abusos sexuales.<\/p>\n\n\n\n<p>En 2023, los ni\u00f1os \u00abfueron los primeros afectados por la multiplicaci\u00f3n y la escalada de crisis marcadas por un desprecio total de los derechos del ni\u00f1o, en particular del derecho inherente a la vida\u00bb, subraya el informe.<\/p>\n\n\n\n<p>El trabajo se\u00f1ala en particular que el conflicto en Israel y los territorios palestinos provoc\u00f3 violaciones de los derechos del ni\u00f1o \u00aba una escala y con una intensidad sin precedentes\u00bb, con un aumento del 155 por ciento de las violaciones graves relacionadas con el ataque de Hamas contra Israel el 7 de octubre y la ofensiva israel\u00ed en la franja de Gaza como represalia.<\/p>\n\n\n\n<p>En este contexto, tanto el ej\u00e9rcito israel\u00ed como Hamas fueron a\u00f1adidos a la \u00ablista de la verg\u00fcenza\u00bb anexa al informe, informaci\u00f3n que se filtr\u00f3 la semana pasada.<\/p>\n\n\n\n<p>La situaci\u00f3n en Sud\u00e1n tambi\u00e9n es preocupante, con un aumento \u00abasombroso del 480 por ciento\u00bb en el n\u00famero de violaciones graves contra los ni\u00f1os. Por ello, Guterres decidi\u00f3 agregar a la \u00ablista de la verg\u00fcenza\u00bb al ej\u00e9rcito sudan\u00e9s y a las paramilitares Fuerzas de Apoyo R\u00e1pido (RSF), en guerra desde abril de 2023.<\/p>\n","protected":false},"excerpt":{"rendered":"<p>Nueva York.&nbsp;Las Naciones Unidas denunciaron un \u00abimpactante\u00bb aumento del 21 por ciento de las violaciones de los derechos de los ni\u00f1os en las guerras en 2023 respecto al a\u00f1o anterior, seg\u00fan un informe de la ONU. \u00abEn 2023, la violencia contra los ni\u00f1os en los conflictos armados alcanz\u00f3 niveles extremos, con un impactante aumento del [&hellip;]<\/p>\n","protected":false},"author":2,"featured_media":129737,"comment_status":"open","ping_status":"open","sticky":false,"template":"","format":"standard","meta":{"footnotes":""},"categories":[59],"tags":[],"class_list":["post-129736","post","type-post","status-publish","format-standard","has-post-thumbnail","hentry","category-destacadas"],"_links":{"self":[{"href":"http:\/\/elcuartopoder.com.mx\/nw\/wp-json\/wp\/v2\/posts\/129736","targetHints":{"allow":["GET"]}}],"collection":[{"href":"http:\/\/elcuartopoder.com.mx\/nw\/wp-json\/wp\/v2\/posts"}],"about":[{"href":"http:\/\/elcuartopoder.com.mx\/nw\/wp-json\/wp\/v2\/types\/post"}],"author":[{"embeddable":true,"href":"http:\/\/elcuartopoder.com.mx\/nw\/wp-json\/wp\/v2\/users\/2"}],"replies":[{"embeddable":true,"href":"http:\/\/elcuartopoder.com.mx\/nw\/wp-json\/wp\/v2\/comments?post=129736"}],"version-history":[{"count":1,"href":"http:\/\/elcuartopoder.com.mx\/nw\/wp-json\/wp\/v2\/posts\/129736\/revisions"}],"predecessor-version":[{"id":129738,"href":"http:\/\/elcuartopoder.com.mx\/nw\/wp-json\/wp\/v2\/posts\/129736\/revisions\/129738"}],"wp:featuredmedia":[{"embeddable":true,"href":"http:\/\/elcuartopoder.com.mx\/nw\/wp-json\/wp\/v2\/media\/129737"}],"wp:attachment":[{"href":"http:\/\/elcuartopoder.com.mx\/nw\/wp-json\/wp\/v2\/media?parent=129736"}],"wp:term":[{"taxonomy":"category","embeddable":true,"href":"http:\/\/elcuartopoder.com.mx\/nw\/wp-json\/wp\/v2\/categories?post=129736"},{"taxonomy":"post_tag","embeddable":true,"href":"http:\/\/elcuartopoder.com.mx\/nw\/wp-json\/wp\/v2\/tags?post=129736"}],"curies":[{"name":"wp","href":"https:\/\/api.w.org\/{rel}","templated":true}]}}