{"id":129923,"date":"2024-06-17T11:32:09","date_gmt":"2024-06-17T16:32:09","guid":{"rendered":"http:\/\/elcuartopoder.com.mx\/nw\/?p=129923"},"modified":"2024-06-17T11:32:13","modified_gmt":"2024-06-17T16:32:13","slug":"pension-del-bienestar-2024-como-inscribirse-y-a-partir-de-cuando","status":"publish","type":"post","link":"http:\/\/elcuartopoder.com.mx\/nw\/economia\/pension-del-bienestar-2024-como-inscribirse-y-a-partir-de-cuando\/","title":{"rendered":"Pensi\u00f3n del Bienestar 2024: \u00bfC\u00f3mo inscribirse y a partir de cu\u00e1ndo?"},"content":{"rendered":"\n<p>Luego de las\u00a0elecciones 2024, los\u00a0<strong>programas sociales reanudaron actividades<\/strong>, como dispersi\u00f3n de apoyos y nuevas inscripciones.<\/p>\n\n\n\n<p>Uno de ellos es la\u00a0Pensi\u00f3n del Bienestar, dirigido a personas de la tercera edad. Al respecto, la Secretar\u00eda del Bienestar inform\u00f3 que ya<strong>\u00a0hay fechas confirmadas<\/strong>\u00a0para que quienes tienen 65 a\u00f1os o los cumplen pr\u00f3ximamente,\u00a0<strong>se puedan inscribir.<\/strong><\/p>\n\n\n\n<h2 class=\"wp-block-heading\">\u00bfCu\u00e1n comienza el registro para nuevos beneficiarios de la Pensi\u00f3n del Bienestar?<\/h2>\n\n\n\n<p>Seg\u00fan la Delegaci\u00f3n de Programa para el Bienestar, en&nbsp;<strong>Tamaulipas<\/strong>, Regi\u00f3n 4,&nbsp;<strong>a partir del 17 de junio comienzan las inscripciones<\/strong>&nbsp;para las personas de la tercera edad. Se espera que m\u00e1s adelante, el calendario se replique en los 32 estados de nuestro pa\u00eds.<\/p>\n\n\n\n<p>Para el registro, las personas deber\u00e1n ingresar al sitio web de la Secretar\u00eda del Bienestar y ubicar el m\u00f3dulo de atenci\u00f3n m\u00e1s cercana a tu domicilio.<\/p>\n\n\n\n<hr class=\"wp-block-separator\"\/>\n\n\n\n<p>Deber\u00e1s reunir\u00a0<strong>documentos\u00a0<\/strong>como identificaci\u00f3n oficial con fotograf\u00eda,\u00a0acta de nacimiento,\u00a0CURP, comprobante de domicilio, tel\u00e9fono celular y de casa. Adem\u00e1s, se recomienda que acudas acompa\u00f1o de un familiar, cuyo parentesco se tendr\u00e1 que comprobar.<\/p>\n\n\n\n<p>En las redes sociales de la\u00a0<strong>Secretar\u00eda del Bienestar se ir\u00e1n publicando calendarios para las fechas de inscripci\u00f3n, entrega de tarjetas y pagos.<\/strong><\/p>\n\n\n\n<h2 class=\"wp-block-heading\">\u00bfCu\u00e1les ser\u00e1n los programas sociales que habr\u00e1 en el Gobierno de Claudia Sheinbaum?<\/h2>\n\n\n\n<p>Claudia Sheinbaum\u00a0ser\u00e1 la primera mujer presidenta en nuestro pa\u00eds. Tras los resultados de las elecciones del\u00a02 de junio, la morenista comenz\u00f3 a exponer su plan de trabajo para las y los mexicanos.<\/p>\n\n\n\n<p>Tal y como lo dijo en su campa\u00f1a, pondr\u00e1 en marcha&nbsp;<strong>una serie de programas sociales&nbsp;<\/strong>con el objetivo de apoyar a personas vulnerables.<\/p>\n\n\n\n<p>Uno de ellos es el programa social<strong>&nbsp;dirigido a las<\/strong>&nbsp;<strong>mujeres de 60 a 64 a\u00f1os,&nbsp;<\/strong>que consistir\u00e1 en un apoyo econ\u00f3mico bimestral con un monto equivalente a la mitad de lo que reciben los adultos mayores con la Pensi\u00f3n del Bienestar.<\/p>\n\n\n\n<p>El otro es la\u00a0Beca Universal\u00a0para ni\u00f1os, ni\u00f1as y adolescentes que cursen educaci\u00f3n b\u00e1sica en escuelas p\u00fablicas, al igual que lo que impuls\u00f3 cuando era jefa de Gobierno de la Ciudad de M\u00e9xico.<\/p>\n\n\n\n<p>Fuente: elfinanciero<\/p>\n","protected":false},"excerpt":{"rendered":"<p>Luego de las\u00a0elecciones 2024, los\u00a0programas sociales reanudaron actividades, como dispersi\u00f3n de apoyos y nuevas inscripciones. Uno de ellos es la\u00a0Pensi\u00f3n del Bienestar, dirigido a personas de la tercera edad. Al respecto, la Secretar\u00eda del Bienestar inform\u00f3 que ya\u00a0hay fechas confirmadas\u00a0para que quienes tienen 65 a\u00f1os o los cumplen pr\u00f3ximamente,\u00a0se puedan inscribir. \u00bfCu\u00e1n comienza el registro [&hellip;]<\/p>\n","protected":false},"author":2,"featured_media":129924,"comment_status":"open","ping_status":"open","sticky":false,"template":"","format":"standard","meta":{"footnotes":""},"categories":[1],"tags":[],"class_list":["post-129923","post","type-post","status-publish","format-standard","has-post-thumbnail","hentry","category-economia"],"_links":{"self":[{"href":"http:\/\/elcuartopoder.com.mx\/nw\/wp-json\/wp\/v2\/posts\/129923","targetHints":{"allow":["GET"]}}],"collection":[{"href":"http:\/\/elcuartopoder.com.mx\/nw\/wp-json\/wp\/v2\/posts"}],"about":[{"href":"http:\/\/elcuartopoder.com.mx\/nw\/wp-json\/wp\/v2\/types\/post"}],"author":[{"embeddable":true,"href":"http:\/\/elcuartopoder.com.mx\/nw\/wp-json\/wp\/v2\/users\/2"}],"replies":[{"embeddable":true,"href":"http:\/\/elcuartopoder.com.mx\/nw\/wp-json\/wp\/v2\/comments?post=129923"}],"version-history":[{"count":1,"href":"http:\/\/elcuartopoder.com.mx\/nw\/wp-json\/wp\/v2\/posts\/129923\/revisions"}],"predecessor-version":[{"id":129925,"href":"http:\/\/elcuartopoder.com.mx\/nw\/wp-json\/wp\/v2\/posts\/129923\/revisions\/129925"}],"wp:featuredmedia":[{"embeddable":true,"href":"http:\/\/elcuartopoder.com.mx\/nw\/wp-json\/wp\/v2\/media\/129924"}],"wp:attachment":[{"href":"http:\/\/elcuartopoder.com.mx\/nw\/wp-json\/wp\/v2\/media?parent=129923"}],"wp:term":[{"taxonomy":"category","embeddable":true,"href":"http:\/\/elcuartopoder.com.mx\/nw\/wp-json\/wp\/v2\/categories?post=129923"},{"taxonomy":"post_tag","embeddable":true,"href":"http:\/\/elcuartopoder.com.mx\/nw\/wp-json\/wp\/v2\/tags?post=129923"}],"curies":[{"name":"wp","href":"https:\/\/api.w.org\/{rel}","templated":true}]}}