{"id":129929,"date":"2024-06-17T12:08:31","date_gmt":"2024-06-17T17:08:31","guid":{"rendered":"http:\/\/elcuartopoder.com.mx\/nw\/?p=129929"},"modified":"2024-06-17T12:08:35","modified_gmt":"2024-06-17T17:08:35","slug":"la-ilusion-de-tenerlo-todo-y-a-la-vez-no-tener-nada","status":"publish","type":"post","link":"http:\/\/elcuartopoder.com.mx\/nw\/opinion\/la-ilusion-de-tenerlo-todo-y-a-la-vez-no-tener-nada\/","title":{"rendered":"La ilusi\u00f3n de tenerlo todo y a la vez no tener nada"},"content":{"rendered":"\n<p>M\u00e9xico debe ser gobernado. Por gobierno entiendo un esquema o mecanismo de cooperaci\u00f3n horizontal y\/o vertical entre actores que permite la resoluci\u00f3n de problemas comunes (perm\u00edtanme la simplificaci\u00f3n). A decir, por algunos indicadores, M\u00e9xico se desgobern\u00f3 en algunos \u00e1mbitos. La seguridad, la energ\u00eda, la salud, por mencionar algunos, o se impuso un modelo distinto al vigente que result\u00f3 inefectivo. En la seguridad se abandon\u00f3 la ruta de fortalecimiento de instituciones civiles en los distintos \u00e1mbitos de gobierno y se debilit\u00f3 el modelo de gobernanza planteado a trav\u00e9s del Sistema Nacional de Seguridad P\u00fablica. \u00c9ste se remplaz\u00f3 por un esquema todav\u00eda m\u00e1s centralista que en el pasado, con militares operando un modelo que antecedi\u00f3 a L\u00f3pez Obrador. Ante la complejidad de construir capacidades, articular \u00e1mbitos de gobierno, buscar la cooperaci\u00f3n, se profundiz\u00f3 la verticalidad que caracteriza a un esquema castrense. As\u00ed como en la inseguridad, esta f\u00f3rmula se aplic\u00f3 en otros espacios de la vida p\u00fablica.<\/p>\n\n\n\n<p>El triunfo de Claudia Sheinbaum en la pasada elecci\u00f3n puede crear la ilusi\u00f3n de que tiene todo el poder y equiparar eso con capacidad de gobierno. Esta ilusi\u00f3n nos resulta c\u00f3moda porque nos recuerda la \u00e9poca de la hegemon\u00eda priista en el que al poder se le acompa\u00f1aba un esquema hipercentralizado de gobierno, mecanismos de control pol\u00edtico y una burocracia funcional para avanzar proyectos que no fueron de poca envergadura. Esto dej\u00f3 de existir tiempo atr\u00e1s y es dif\u00edcilmente replicable.<\/p>\n\n\n\n<p>Dicho lo anterior, me gustar\u00eda proponer que estamos ante un momento peculiar en el que la pr\u00f3xima presidenta tendr\u00e1 mucho poder, pero una estructura de gobernanza d\u00e9bil para convertir ese poder en resultados de gobierno. La tentaci\u00f3n a recurrir a salidas prontas como lo hizo el presidente al llamar al Ej\u00e9rcito en distintas tareas, o el subestimar la importancia de construir las capacidades en instancias del Estado que son fundamentales para el desempe\u00f1o del gobierno en lo m\u00e1s fundamental, puede llevarnos a resultados magros. El presidente L\u00f3pez Obrador fue magistralmente h\u00e1bil para que un proyecto tan pobre en t\u00e9rminos de pol\u00edticas p\u00fablicas pareciera una haza\u00f1a. Que lo que era un proyecto de poder se perfilara como una gran transformaci\u00f3n. Su mayor \u00e9xito es haber transmitido que desenvolv\u00eda algo \u00e9pico cuando hay tantos temas cotidianos no resueltos. La valoraci\u00f3n del elector por la continuidad indica que sigue habiendo expectativas, y las expectativas siempre est\u00e1n a la espera de una respuesta.<\/p>\n\n\n\n<p>Hay un tema muy llamativo en la visi\u00f3n que la pr\u00f3xima presidenta nos ofrece: ella tiene una fe profunda en el Estado: como rector, como decisor, como educador, empleador, etc\u00e9tera. Esta es una posici\u00f3n filos\u00f3fica-ideol\u00f3gica que tiene un respaldo ciudadano muy amplio (aunque es debatible si el respaldo es a su visi\u00f3n al del antecesor). Si confiere esa potencia al Estado como proveedor de tanto, tiene que arreglarlo.<\/p>\n\n\n\n<p>La construcci\u00f3n de capacidades en el Estado mexicano, habilitar mecanismos de gobernanza efectivos deben ser su obsesi\u00f3n. Y una de las decisiones fundamentales del arranque, supongo yo, es tener un plan de retiro para las Fuerzas Armadas de todas las tareas que no le corresponden. Esto ser\u00eda un acto perfectamente congruente con lo que postula. No puede ser algo s\u00fabito, pero s\u00ed planeado y progresivo. Un plan de retorno a lo civil que se sostenga en un proyecto acumulativo de construcci\u00f3n de capacidades en la seguridad ser\u00eda una ruta en la que podr\u00eda conformar un gran legado. Y en el que tiene una ventaja porque en la Ciudad de M\u00e9xico, sin ofender ni confrontar, lo hizo con relativo \u00e9xito.<\/p>\n\n\n\n<p>Estoy convencida de que el Estado tiene que ser fuerte para hacer posible el desenvolvimiento de una sociedad. La propuesta de la pr\u00f3xima presidenta va mucho m\u00e1s all\u00e1 de lo que una posici\u00f3n liberal e incluso socialdem\u00f3crata podr\u00eda postular. Pero la suya es la que tiene el respaldo ciudadano. Por eso hay que subrayar el primer plano en el que debe trabajar.<\/p>\n\n\n\n<p>Un poco antes de la elecci\u00f3n en la que Pe\u00f1a Nieto result\u00f3 ganador, los priistas celebraban que el pr\u00f3ximo presidente tuviera un impulso por recentralizar el poder. Dec\u00edan que era necesario para arreglar el desorden que una transici\u00f3n democr\u00e1tica sin proyecto hab\u00eda ocasionado al pa\u00eds. \u00bfRecentralizar para ordenar? No me la creo mucho, pero puede ser. Mientras vemos qu\u00e9 sucede yo solo le pido que no confundamos poder con buen gobierno.<\/p>\n\n\n\n<p>Fuente: elfinanciero<\/p>\n","protected":false},"excerpt":{"rendered":"<p>M\u00e9xico debe ser gobernado. Por gobierno entiendo un esquema o mecanismo de cooperaci\u00f3n horizontal y\/o vertical entre actores que permite la resoluci\u00f3n de problemas comunes (perm\u00edtanme la simplificaci\u00f3n). A decir, por algunos indicadores, M\u00e9xico se desgobern\u00f3 en algunos \u00e1mbitos. La seguridad, la energ\u00eda, la salud, por mencionar algunos, o se impuso un modelo distinto al [&hellip;]<\/p>\n","protected":false},"author":2,"featured_media":129930,"comment_status":"open","ping_status":"open","sticky":false,"template":"","format":"standard","meta":{"footnotes":""},"categories":[62],"tags":[],"class_list":["post-129929","post","type-post","status-publish","format-standard","has-post-thumbnail","hentry","category-opinion"],"_links":{"self":[{"href":"http:\/\/elcuartopoder.com.mx\/nw\/wp-json\/wp\/v2\/posts\/129929","targetHints":{"allow":["GET"]}}],"collection":[{"href":"http:\/\/elcuartopoder.com.mx\/nw\/wp-json\/wp\/v2\/posts"}],"about":[{"href":"http:\/\/elcuartopoder.com.mx\/nw\/wp-json\/wp\/v2\/types\/post"}],"author":[{"embeddable":true,"href":"http:\/\/elcuartopoder.com.mx\/nw\/wp-json\/wp\/v2\/users\/2"}],"replies":[{"embeddable":true,"href":"http:\/\/elcuartopoder.com.mx\/nw\/wp-json\/wp\/v2\/comments?post=129929"}],"version-history":[{"count":1,"href":"http:\/\/elcuartopoder.com.mx\/nw\/wp-json\/wp\/v2\/posts\/129929\/revisions"}],"predecessor-version":[{"id":129931,"href":"http:\/\/elcuartopoder.com.mx\/nw\/wp-json\/wp\/v2\/posts\/129929\/revisions\/129931"}],"wp:featuredmedia":[{"embeddable":true,"href":"http:\/\/elcuartopoder.com.mx\/nw\/wp-json\/wp\/v2\/media\/129930"}],"wp:attachment":[{"href":"http:\/\/elcuartopoder.com.mx\/nw\/wp-json\/wp\/v2\/media?parent=129929"}],"wp:term":[{"taxonomy":"category","embeddable":true,"href":"http:\/\/elcuartopoder.com.mx\/nw\/wp-json\/wp\/v2\/categories?post=129929"},{"taxonomy":"post_tag","embeddable":true,"href":"http:\/\/elcuartopoder.com.mx\/nw\/wp-json\/wp\/v2\/tags?post=129929"}],"curies":[{"name":"wp","href":"https:\/\/api.w.org\/{rel}","templated":true}]}}