{"id":130162,"date":"2024-06-24T11:20:55","date_gmt":"2024-06-24T16:20:55","guid":{"rendered":"http:\/\/elcuartopoder.com.mx\/nw\/?p=130162"},"modified":"2024-06-24T11:20:59","modified_gmt":"2024-06-24T16:20:59","slug":"la-normalidad-constitucional","status":"publish","type":"post","link":"http:\/\/elcuartopoder.com.mx\/nw\/nacionales\/la-normalidad-constitucional\/","title":{"rendered":"La normalidad constitucional"},"content":{"rendered":"\n<p>Para comprender cabalmente c\u00f3mo operan en el d\u00eda a d\u00eda los \u00f3rganos del&nbsp;<strong>poder pol\u00edtico en M\u00e9xico<\/strong>, es necesario considerar dos presupuestos constitucionales, a saber:&nbsp;&nbsp;<\/p>\n\n\n\n<p>Primero. Uno de los elementos esenciales de la organizaci\u00f3n estatal es el poder p\u00fablico.&nbsp;<\/p>\n\n\n\n<p>De acuerdo con lo que establece la&nbsp;<strong>Constituci\u00f3n mexicana<\/strong>&nbsp;en su art\u00edculo 49, el&nbsp;<strong>Supremo Poder de la Federaci\u00f3n<\/strong>&nbsp;se divide para su ejercicio en&nbsp;<strong>Ejecutivo, Legislativo y Judicial<\/strong>. Tambi\u00e9n hay otros \u00f3rganos constitucionales \u2014no enumerados en dicho precepto\u2014 que no est\u00e1n supeditados a alguno de los llamados<em>&nbsp;\u201cpoderes tradicionales\u201d<\/em>. Es decir, un solo poder que se distribuye para su funcionamiento en \u00e1mbitos de competencia espec\u00edficos y diferenciados.<\/p>\n\n\n\n<p>Segundo. Nuestro r\u00e9gimen constitucional es de competencias expresas para los&nbsp;<strong>\u00f3rganos p\u00fablicos federales.<\/strong>&nbsp;En efecto, el&nbsp;<strong>art\u00edculo 124 de la Ley Fundamental<\/strong>&nbsp;as\u00ed lo prev\u00e9 al decir que las facultades que no est\u00e1n expresamente concedidas a los funcionarios federales quedar\u00e1n reservadas a los de los&nbsp;<strong>Estados<\/strong>.<\/p>\n\n\n\n<p>En este marco, resulta crucial no perder de vista la naturaleza de nuestro sistema pol\u00edtico. Si bien es cierto, el r\u00e9gimen constitucional mexicano se encuentra inspirado en el modelo presidencial de los&nbsp;<strong>Estados Unidos de Am\u00e9rica<\/strong>, tambi\u00e9n es cierto que, por sus peculiaridades propias, se desarroll\u00f3 en nuestro pa\u00eds un presidencialismo, es decir, hay un predominio de la funci\u00f3n ejecutiva, cuyo titular es una persona, respecto de las otras instancias del&nbsp;<strong>poder p\u00fablico<\/strong>, pero con una dosis adicional de facultades respecto del paradigma puro surgido en el pa\u00eds vecino del norte.<\/p>\n\n\n\n<p>Incluso, hay autores que han sostenido que el sistema presidencialista mexicano es una degeneraci\u00f3n del prototipo estadounidense.<\/p>\n\n\n\n<p>Por otra parte, la funci\u00f3n legislativa en M\u00e9xico est\u00e1 alojada en dos \u00f3rganos colegiados: la&nbsp;<strong>C\u00e1mara de Diputados<\/strong>, con 500 integrantes, y la&nbsp;<strong>C\u00e1mara de Senadores<\/strong>, con 128 miembros. Su cometido principal es la producci\u00f3n jur\u00eddica a trav\u00e9s de leyes y decretos.<\/p>\n\n\n\n<p><strong>El Poder Judicial de la Federaci\u00f3n<\/strong>&nbsp;responsable de la administraci\u00f3n de la justicia, lo conforma la Suprema Corte de Justicia, el Tribunal Electoral, los Plenos Regionales, los Tribunales Colegiados de Circuito, los Tribunales Colegiados de Apelaci\u00f3n y los Juzgados de Distrito.<\/p>\n\n\n\n<p>Se suman a los mencionados, los \u00f3rganos constitucionales aut\u00f3nomos que realizan tareas especializadas y gozan de independencia en relaci\u00f3n con los&nbsp;<strong>poderes ejecutivo, legislativo y judicial.&nbsp; &nbsp;<\/strong><\/p>\n\n\n\n<p>La normalidad constitucional justamente descansa en el funcionamiento regular de los \u00f3rganos del poder p\u00fablico y en el ejercicio pleno de los derechos fundamentales de todos los habitantes del pa\u00eds.<\/p>\n\n\n\n<p>Cuando hay una<strong>&nbsp;violaci\u00f3n a la Carta Magna<\/strong>, sea una controversia entre \u00f3rganos del poder o sea una transgresi\u00f3n a la dignidad personal, en esos supuestos, se rompe la&nbsp;<strong>normalidad constitucional<\/strong>&nbsp;y, por&nbsp;v\u00eda de excepci\u00f3n, se pone en marcha la maquinaria&nbsp;de la administraci\u00f3n de la justicia, en t\u00e9rminos del propio ordenamiento jur\u00eddico fundamental. Aunque cabe decir que tambi\u00e9n existen otros mecanismos de car\u00e1cter no jurisdiccional, como la v\u00eda de la conciliaci\u00f3n, adem\u00e1s de las defensor\u00edas de los derechos humanos.<\/p>\n\n\n\n<p>POR ARMANDO ALFONZO JIM\u00c9NEZ<\/p>\n","protected":false},"excerpt":{"rendered":"<p>Para comprender cabalmente c\u00f3mo operan en el d\u00eda a d\u00eda los \u00f3rganos del&nbsp;poder pol\u00edtico en M\u00e9xico, es necesario considerar dos presupuestos constitucionales, a saber:&nbsp;&nbsp; Primero. Uno de los elementos esenciales de la organizaci\u00f3n estatal es el poder p\u00fablico.&nbsp; De acuerdo con lo que establece la&nbsp;Constituci\u00f3n mexicana&nbsp;en su art\u00edculo 49, el&nbsp;Supremo Poder de la Federaci\u00f3n&nbsp;se divide [&hellip;]<\/p>\n","protected":false},"author":2,"featured_media":130163,"comment_status":"open","ping_status":"open","sticky":false,"template":"","format":"standard","meta":{"footnotes":""},"categories":[55],"tags":[],"class_list":["post-130162","post","type-post","status-publish","format-standard","has-post-thumbnail","hentry","category-nacionales"],"_links":{"self":[{"href":"http:\/\/elcuartopoder.com.mx\/nw\/wp-json\/wp\/v2\/posts\/130162","targetHints":{"allow":["GET"]}}],"collection":[{"href":"http:\/\/elcuartopoder.com.mx\/nw\/wp-json\/wp\/v2\/posts"}],"about":[{"href":"http:\/\/elcuartopoder.com.mx\/nw\/wp-json\/wp\/v2\/types\/post"}],"author":[{"embeddable":true,"href":"http:\/\/elcuartopoder.com.mx\/nw\/wp-json\/wp\/v2\/users\/2"}],"replies":[{"embeddable":true,"href":"http:\/\/elcuartopoder.com.mx\/nw\/wp-json\/wp\/v2\/comments?post=130162"}],"version-history":[{"count":1,"href":"http:\/\/elcuartopoder.com.mx\/nw\/wp-json\/wp\/v2\/posts\/130162\/revisions"}],"predecessor-version":[{"id":130164,"href":"http:\/\/elcuartopoder.com.mx\/nw\/wp-json\/wp\/v2\/posts\/130162\/revisions\/130164"}],"wp:featuredmedia":[{"embeddable":true,"href":"http:\/\/elcuartopoder.com.mx\/nw\/wp-json\/wp\/v2\/media\/130163"}],"wp:attachment":[{"href":"http:\/\/elcuartopoder.com.mx\/nw\/wp-json\/wp\/v2\/media?parent=130162"}],"wp:term":[{"taxonomy":"category","embeddable":true,"href":"http:\/\/elcuartopoder.com.mx\/nw\/wp-json\/wp\/v2\/categories?post=130162"},{"taxonomy":"post_tag","embeddable":true,"href":"http:\/\/elcuartopoder.com.mx\/nw\/wp-json\/wp\/v2\/tags?post=130162"}],"curies":[{"name":"wp","href":"https:\/\/api.w.org\/{rel}","templated":true}]}}