{"id":130169,"date":"2024-06-24T15:57:55","date_gmt":"2024-06-24T20:57:55","guid":{"rendered":"http:\/\/elcuartopoder.com.mx\/nw\/?p=130169"},"modified":"2024-06-24T15:57:58","modified_gmt":"2024-06-24T20:57:58","slug":"michoacan-de-que-lado-queremos-estar","status":"publish","type":"post","link":"http:\/\/elcuartopoder.com.mx\/nw\/editorial\/michoacan-de-que-lado-queremos-estar\/","title":{"rendered":"Michoac\u00e1n: \u00bfde qu\u00e9 lado queremos estar?"},"content":{"rendered":"\n<p>El pasado 14 de junio dos funcionarios del Servicio de Inspecci\u00f3n de Sanidad Animal y Vegetal (Aphis) del Departamento de Agricultura de Estados Unidos fueron bajados de su veh\u00edculo y retenidos durante la toma de una carretera por una \u201csupuesta manifestaci\u00f3n social\u201d en Michoac\u00e1n. El personal se comunic\u00f3 con sus superiores, quienes decidieron suspender la revisi\u00f3n en Michoac\u00e1n del denominado oro verde, y el lunes 17 la medida tambi\u00e9n se extendi\u00f3 a la exportaci\u00f3n del mango.<\/p>\n\n\n\n<p>A pesar de que el gobernador de la entidad, Alfredo Ram\u00edrez Bedolla, asegur\u00f3 que los inspectores nunca estuvieron en riesgo durante su retenci\u00f3n, hasta el momento no se han reanudado las labores para que estos productos vuelvan a enviarse a Estados Unidos. Incluso el embajador en M\u00e9xico, Ken Salazar, emiti\u00f3 un bolet\u00edn de prensa el 18 de junio, donde mencion\u00f3: \u201cque las actividades quedar\u00edan suspendidas hasta que se hayan resuelto estos problemas de seguridad\u201d.<\/p>\n\n\n\n<p>El embajador tambi\u00e9n refiri\u00f3 que seguir\u00e1 de cerca la situaci\u00f3n y mantiene contacto con el secretario de Agricultura de Estados Unidos, Tom Vilsack; el jefe adjunto de misi\u00f3n, Mark C. Johnson; la agregada del Departamento de Agricultura, Holly Higgins, y el director regional de Aphis para Am\u00e9rica del Norte, Crist\u00f3bal Zepeda, adem\u00e1s de que continuar\u00e1 trabajando estrechamente con las autoridades estatales en Michoac\u00e1n para garantizar la seguridad de los equipos de inspecci\u00f3n agr\u00edcola.<\/p>\n\n\n\n<p>Esta pausa comercial es otro significativo rev\u00e9s a las exportaciones, a la econom\u00eda mexicana, a la seguridad y al estado de derecho, sobre todo frente al panorama actual del pa\u00eds y la depreciaci\u00f3n del peso en las \u00faltimas semanas, pero, desafortunadamente, dicha situaci\u00f3n, ha sucedido en a\u00f1os anteriores. En agosto de 2019 un inspector fue robado y otro grupo de empleados sometidos a intimidaci\u00f3n, por lo que el Departamento de Agricultura de EU amenaz\u00f3 con suspender de forma temporal el programa de inspecci\u00f3n en una ciudad tambi\u00e9n en el estado de Michoac\u00e1n.<\/p>\n\n\n\n<p>En febrero de 2022 sucedi\u00f3 lo mismo, despu\u00e9s de que un inspector de seguridad sanitaria recibi\u00f3 un mensaje amenazador, y el cese se restableci\u00f3 al cabo de una semana.<\/p>\n\n\n\n<p>\u00bfQu\u00e9 ha implicado para M\u00e9xico, y especialmente para este estado el aumento del consumo del aguacate? \u00bfDe qu\u00e9 forma el crimen organizado se ha aprovechado y ha incrementado la inseguridad? Pero, sobre todo, \u00bfc\u00f3mo podr\u00eda afectar este conflicto nuestra relaci\u00f3n con EU?<\/p>\n\n\n\n<p>Tomemos en cuenta que en diciembre de 2006 el entonces presidente Felipe Calder\u00f3n envi\u00f3 6 mil 500 elementos del Ej\u00e9rcito Mexicano a Michoac\u00e1n con la finalidad de enfrentar al grupo delictivo denominado&nbsp;<em>La familia michoacana<\/em>; \u00e9ste se hab\u00eda hecho del control de la entidad despu\u00e9s de que irrumpieron en un club nocturno en Uruapan, donde arrojaron cinco cabezas en la pista de baile, un mensaje para&nbsp;<em>Los Zetas<\/em>&nbsp;y una escena inconcebible para un M\u00e9xico que todav\u00eda no normalizaba ni estaba acostumbrado a esta barbarie y crueldad.<\/p>\n\n\n\n<p>Desafortunadamente, los c\u00e1rteles se han diversificado, y vieron en el campo mexicano un \u00e1rea para explotar, por lo que irrumpieron violentamente en algunos estados del pa\u00eds, sobre todo en aquellos donde la exportaci\u00f3n es esencial. No s\u00f3lo han agredido a los propietarios de los sembrad\u00edos, a quienes adem\u00e1s les cobran tarifas por protecci\u00f3n, sino que tambi\u00e9n han arremetido contra trabajadores de la cadena productiva y transportistas.<\/p>\n\n\n\n<p>Es innegable que el aguacate ha ganado una popularidad auspiciada por sus bondades nutritivas, los&nbsp;<em>millennials<\/em>&nbsp;y el Super Bowl, entre muchos factores; por lo que este punto de inflexi\u00f3n entre M\u00e9xico y Estados Unidos puede derivar en una situaci\u00f3n mucho m\u00e1s compleja, sobre todo cuando cerca de 85 por ciento de la producci\u00f3n aguacate se va a esa naci\u00f3n.<\/p>\n\n\n\n<p>La medida impuesta por nuestros vecinos estadunidenses afecta significativamente a Michoac\u00e1n, el mayor productor de aguacate del pa\u00eds y, por supuesto, a M\u00e9xico; incluso de acuerdo con el Grupo Consultor de Mercados Agr\u00edcolas esto provocar\u00eda p\u00e9rdidas de al menos 52 millones de d\u00f3lares semanales. A lo anterior hay que agregar la merma de vida \u00fatil de los productos, los costos en los empaques, el desv\u00edo a otros mercados, entre otras situaciones.<\/p>\n\n\n\n<p>Ante esta coyuntura, debemos preguntarnos \u00bfde qu\u00e9 lado queremos estar? No s\u00f3lo nuestro pa\u00eds, sino tambi\u00e9n nuestro vecino estadunidense, pues aplazar la soluci\u00f3n al conflicto s\u00f3lo fortalece al narcotr\u00e1fico, probablemente incluso le da un triunfo y una brecha de acci\u00f3n que no previ\u00f3, pero que seguro est\u00e1 generando muchos da\u00f1os colaterales.<\/p>\n\n\n\n<p>Es indiscutible que la seguridad de la poblaci\u00f3n debe estar por encima de cualquier situaci\u00f3n. Claro que debemos trabajar para que este escenario no vuelva a repetirse y que la mesa de trabajo propuesta para el pr\u00f3ximo lunes aborde esquemas y estrategias que disminuyan la violencia; pero sobre todo debemos apostar por la resoluci\u00f3n pac\u00edfica de los conflictos y colaborar en un desarrollo arm\u00f3nico de la agenda bilateral con respeto pleno de las partes, porque solamente a los delincuentes y a los enemigos de M\u00e9xico les conviene esta disyuntiva.<\/p>\n\n\n\n<p><em>*Consultor en temas de seguridad, inteligencia, educaci\u00f3n, religi\u00f3n, justicia y pol\u00edtica.<\/em><\/p>\n","protected":false},"excerpt":{"rendered":"<p>El pasado 14 de junio dos funcionarios del Servicio de Inspecci\u00f3n de Sanidad Animal y Vegetal (Aphis) del Departamento de Agricultura de Estados Unidos fueron bajados de su veh\u00edculo y retenidos durante la toma de una carretera por una \u201csupuesta manifestaci\u00f3n social\u201d en Michoac\u00e1n. El personal se comunic\u00f3 con sus superiores, quienes decidieron suspender la [&hellip;]<\/p>\n","protected":false},"author":2,"featured_media":130170,"comment_status":"open","ping_status":"open","sticky":false,"template":"","format":"standard","meta":{"footnotes":""},"categories":[63],"tags":[],"class_list":["post-130169","post","type-post","status-publish","format-standard","has-post-thumbnail","hentry","category-editorial"],"_links":{"self":[{"href":"http:\/\/elcuartopoder.com.mx\/nw\/wp-json\/wp\/v2\/posts\/130169","targetHints":{"allow":["GET"]}}],"collection":[{"href":"http:\/\/elcuartopoder.com.mx\/nw\/wp-json\/wp\/v2\/posts"}],"about":[{"href":"http:\/\/elcuartopoder.com.mx\/nw\/wp-json\/wp\/v2\/types\/post"}],"author":[{"embeddable":true,"href":"http:\/\/elcuartopoder.com.mx\/nw\/wp-json\/wp\/v2\/users\/2"}],"replies":[{"embeddable":true,"href":"http:\/\/elcuartopoder.com.mx\/nw\/wp-json\/wp\/v2\/comments?post=130169"}],"version-history":[{"count":1,"href":"http:\/\/elcuartopoder.com.mx\/nw\/wp-json\/wp\/v2\/posts\/130169\/revisions"}],"predecessor-version":[{"id":130171,"href":"http:\/\/elcuartopoder.com.mx\/nw\/wp-json\/wp\/v2\/posts\/130169\/revisions\/130171"}],"wp:featuredmedia":[{"embeddable":true,"href":"http:\/\/elcuartopoder.com.mx\/nw\/wp-json\/wp\/v2\/media\/130170"}],"wp:attachment":[{"href":"http:\/\/elcuartopoder.com.mx\/nw\/wp-json\/wp\/v2\/media?parent=130169"}],"wp:term":[{"taxonomy":"category","embeddable":true,"href":"http:\/\/elcuartopoder.com.mx\/nw\/wp-json\/wp\/v2\/categories?post=130169"},{"taxonomy":"post_tag","embeddable":true,"href":"http:\/\/elcuartopoder.com.mx\/nw\/wp-json\/wp\/v2\/tags?post=130169"}],"curies":[{"name":"wp","href":"https:\/\/api.w.org\/{rel}","templated":true}]}}