{"id":130186,"date":"2024-06-24T16:13:47","date_gmt":"2024-06-24T21:13:47","guid":{"rendered":"http:\/\/elcuartopoder.com.mx\/nw\/?p=130186"},"modified":"2024-06-24T16:13:51","modified_gmt":"2024-06-24T21:13:51","slug":"es-peligroso-el-5g-para-la-salud","status":"publish","type":"post","link":"http:\/\/elcuartopoder.com.mx\/nw\/qtp\/es-peligroso-el-5g-para-la-salud\/","title":{"rendered":"\u00bfEs peligroso el 5G para la salud?"},"content":{"rendered":"\n<p>Ahora mismo est\u00e1 leyendo estas l\u00edneas en la pantalla de un m\u00f3vil, tableta u ordenador. Desde hace a\u00f1os podemos acceder a una ingente cantidad de informaci\u00f3n y, para ello, miles de antenas inundan de&nbsp;<a href=\"https:\/\/www.abc.es\/tecnologia\/lista-completa-moviles-radiacion-emiten-comunes-usados-20240426085020-nt.html\">radiaciones<\/a>&nbsp;nuestro entorno.&nbsp;<strong>\u00bfSupone esto un riesgo para la salud?<\/strong>&nbsp;Seguro que alguna vez ha escuchado que es mejor&nbsp;<a href=\"https:\/\/www.abc.es\/salud\/enfermedades\/abci-provoca-cancer-telefono-movil-202202211235_noticia.html\">apagar el m\u00f3vil o el wifi mientras duerme<\/a>. Quiz\u00e1 haya o\u00eddo que vivir cerca de una antena produce c\u00e1ncer o que existen personas especialmente sensibles a las radiaciones de estos dispositivos.<\/p>\n\n\n\n<p>Es normal sentir miedo por aquello que no vemos ni percibimos, pero que sabemos que est\u00e1 ah\u00ed. Por eso, el Comit\u00e9 Cient\u00edfico Asesor en Radiofrecuencias y Salud (CCARS) realiza cada pocos a\u00f1os revisiones de la evidencia cient\u00edfica para garantizar que estas tecnolog\u00edas son seguras.<\/p>\n\n\n\n<p>Veamos qu\u00e9 han encontrado en el \u00faltimo informe publicado recientemente, el s\u00e9ptimo desde el a\u00f1o 2008.<\/p>\n\n\n\n<h3 class=\"wp-block-heading\">25 a\u00f1os revisando la evidencia<\/h3>\n\n\n\n<p>Desde el a\u00f1o 1999, en el que se constituy\u00f3 el comit\u00e9, un grupo de cient\u00edficos independientes ha revisado la evidencia disponible. Con una periodicidad aproximada de dos o tres a\u00f1os, los informes han contestado a preguntas como si podemos convivir y usar nuestros dispositivos m\u00f3viles con tranquilidad.<br><\/p>\n\n\n\n<p>Cada despliegue de una nueva generaci\u00f3n de telefon\u00eda ha reabierto el debate y las dudas. La \u00faltima de ellas, la&nbsp;<a href=\"https:\/\/www.abc.es\/salud\/enfermedades\/abci-exposicion-radiacion-moviles-causa-cancer-ratas-macho-201811021120_noticia.html\">5G<\/a>, no ha sido menos. Como su despliegue coincidi\u00f3 con la Covid-19 vino acompa\u00f1ado de toda clase de bulos, algunos tan disparatado como que propagaba la pandemia o que las vacunas permitir\u00edan ser controlados a distancia.<\/p>\n\n\n\n<p>El comit\u00e9 revis\u00f3 toda la evidencia publicada en revistas cient\u00edficas entre los a\u00f1os 2020 y 2022. Esto es algo normal y positivo en ciencia, donde los cambios en el conocimiento pueden modificar lo establecido previamente. Por eso debemos revisar, de forma sistem\u00e1tica y peri\u00f3dica, toda esa nueva informaci\u00f3n y estar atentos.<\/p>\n\n\n\n<h3 class=\"wp-block-heading\">C\u00f3mo evitar el sesgo de informaci\u00f3n<\/h3>\n\n\n\n<p>A la hora de estudiar los posibles efectos de estas radiaciones sobre la salud humana conviene atender a diferentes enfoques y problemas.<\/p>\n\n\n\n<p>Por un lado, es importante tener la certeza de que los&nbsp;<strong>niveles de radiaci\u00f3n<\/strong>&nbsp;que recibimos est\u00e1n por debajo de los l\u00edmites establecidos por agencias internacionales. Estos organismos incluyen a la Comisi\u00f3n Internacional sobre Protecci\u00f3n frente a Radiaciones No Ionizantes (ICNIRP, por sus siglas en ingl\u00e9s) y a la Administraci\u00f3n de Alimentos y Medicamentos (FDA) americana.<\/p>\n\n\n\n<p>Si diferentes estudios confirman que, a pesar del despliegue de la red 5G, los niveles son seguros, podremos analizar las investigaciones en laboratorio que exploren posibles mecanismos de interacci\u00f3n.<\/p>\n\n\n\n<p>El siguiente enfoque ser\u00e1 buscar alguna evidencia de una posible relaci\u00f3n causa-efecto en series epidemiol\u00f3gicas, a escala poblacional. Si detect\u00e1ramos que se ha producido un incremento de una determinada patolog\u00eda, coincidiendo con el lanzamiento de esta nueva tecnolog\u00eda, podr\u00edamos sospechar.<\/p>\n\n\n\n<p>Otro aspecto importante analizado fue la percepci\u00f3n del riesgo: qu\u00e9 percibe la poblaci\u00f3n ante la presencia de estas antenas o frente al despliegue de estas nuevas tecnolog\u00edas.<\/p>\n\n\n\n<p>La revisi\u00f3n de la informaci\u00f3n cient\u00edfica debe ser objetiva. No podemos quedarnos con los estudios que dicen lo que nosotros queremos. Esto se conoce como &#8216;sesgo de confirmaci\u00f3n&#8217; o cherry picking, y debemos evitarlo. En ciencia tenemos metodolog\u00edas para minimizar este efecto subjetivo al m\u00e1ximo.<\/p>\n\n\n\n<p>Por eso, este \u00faltimo informe ha seguido, en parte, una metodolog\u00eda de b\u00fasqueda de informaci\u00f3n: la revisi\u00f3n sistem\u00e1tica. Para ello hemos recurrido a la metodolog\u00eda PRISMA, un est\u00e1ndar internacional que permite que cualquier investigador pueda reproducir la b\u00fasqueda.<\/p>\n\n\n\n<h3 class=\"wp-block-heading\">Evidencias para la tranquilidad<\/h3>\n\n\n\n<p>Revisamos m\u00e1s de 200 art\u00edculos cient\u00edficos que nos permiten lanzar un mensaje de tranquilidad:<\/p>\n\n\n\n<p>En ninguno de los apartados, a niveles de exposici\u00f3n habituales, se apoya la posible relaci\u00f3n entre la<strong>&nbsp;exposici\u00f3n a estas radiaciones y el c\u00e1ncer<\/strong>.<\/p>\n\n\n\n<p>Tampoco permite afirmar que la hipersensibilidad que aseguran manifestar algunas personas, incluso con s\u00edntomas aparentemente objetivos, est\u00e9 relacionada con estas radiaciones, sino que se trata de un&nbsp;<a href=\"https:\/\/www.abc.es\/salud\/enfermedades\/abci-efecto-nocebo-tercios-reacciones-covid-19-no-causadas-vacuna-202201191229_noticia.html\">efecto nocebo<\/a>.<\/p>\n\n\n\n<p>No existe evidencia clara de una posible influencia en la&nbsp;<a href=\"https:\/\/www.abc.es\/salud\/enfermedades\/ultrasonidos-clave-tratar-ciertos-casos-infertilidad-masculina-20240215091210-nt.html\">fertilidad masculina<\/a>.<\/p>\n\n\n\n<p>No existen estudios concluyentes que muestren una asociaci\u00f3n de estas radiaciones con alteraciones en el desarrollo del feto o, posteriormente, en los ni\u00f1os.<\/p>\n\n\n\n<p>Tampoco encontramos evidencia que sugiera que la exposici\u00f3n a estas radiaciones tenga un efecto sobre el sue\u00f1o o el dolor de cabeza. Estos s\u00edntomas son muy subjetivos y podr\u00edan deberse a m\u00faltiples factores cruzados, entre ellos la propia preocupaci\u00f3n por la existencia de esta relaci\u00f3n.<\/p>\n\n\n\n<p>Estos hallazgos coinciden con otros informes internacionales que no encuentran una relaci\u00f3n entre la exposici\u00f3n a estas radiaciones y la salud humana.<\/p>\n\n\n\n<p>Adem\u00e1s, a pesar del despliegue de la 5G de forma generalizada,&nbsp;<strong>los niveles de radiaci\u00f3n no se han incrementado de forma relevante<\/strong>, al menos de momento.<\/p>\n\n\n\n<h3 class=\"wp-block-heading\">Un mensaje de tranquilidad<\/h3>\n\n\n\n<p>Por otra parte, los estudios en condiciones de laboratorio pueden generar alarma. Se realizan en condiciones muy controladas y a veces tan espec\u00edficas que algunos hallazgos no pueden ser reproducidos independientemente, generan resultados contradictorios o incluso muestran efectos beneficiosos. Existe gran debate sobre estos trabajos porque se realizan en condiciones alejadas de las que encontramos en nuestro d\u00eda a d\u00eda que dificultan su generalizaci\u00f3n a la poblaci\u00f3n.<\/p>\n\n\n\n<p>Sobre la percepci\u00f3n del riesgo, esta se ve influida por factores subjetivos y psicol\u00f3gicos, as\u00ed como por el g\u00e9nero y el nivel de estudios. Esto permitir\u00eda dise\u00f1ar estrategias de comunicaci\u00f3n basadas en la evidencia cient\u00edfica.<\/p>\n\n\n\n<p>Este \u00faltimo informe del CCARS aporta una evidencia m\u00e1s fuerte y actual en l\u00ednea con lo recogido en informes anteriores. Podemos lanzar un mensaje de tranquilidad: en condiciones habituales&nbsp;<strong>no existe evidencia de que estas radiaciones tengan efectos sobre la salud humana<\/strong>.<\/p>\n","protected":false},"excerpt":{"rendered":"<p>Ahora mismo est\u00e1 leyendo estas l\u00edneas en la pantalla de un m\u00f3vil, tableta u ordenador. Desde hace a\u00f1os podemos acceder a una ingente cantidad de informaci\u00f3n y, para ello, miles de antenas inundan de&nbsp;radiaciones&nbsp;nuestro entorno.&nbsp;\u00bfSupone esto un riesgo para la salud?&nbsp;Seguro que alguna vez ha escuchado que es mejor&nbsp;apagar el m\u00f3vil o el wifi mientras [&hellip;]<\/p>\n","protected":false},"author":2,"featured_media":130187,"comment_status":"open","ping_status":"open","sticky":false,"template":"","format":"standard","meta":{"footnotes":""},"categories":[58],"tags":[],"class_list":["post-130186","post","type-post","status-publish","format-standard","has-post-thumbnail","hentry","category-qtp"],"_links":{"self":[{"href":"http:\/\/elcuartopoder.com.mx\/nw\/wp-json\/wp\/v2\/posts\/130186","targetHints":{"allow":["GET"]}}],"collection":[{"href":"http:\/\/elcuartopoder.com.mx\/nw\/wp-json\/wp\/v2\/posts"}],"about":[{"href":"http:\/\/elcuartopoder.com.mx\/nw\/wp-json\/wp\/v2\/types\/post"}],"author":[{"embeddable":true,"href":"http:\/\/elcuartopoder.com.mx\/nw\/wp-json\/wp\/v2\/users\/2"}],"replies":[{"embeddable":true,"href":"http:\/\/elcuartopoder.com.mx\/nw\/wp-json\/wp\/v2\/comments?post=130186"}],"version-history":[{"count":1,"href":"http:\/\/elcuartopoder.com.mx\/nw\/wp-json\/wp\/v2\/posts\/130186\/revisions"}],"predecessor-version":[{"id":130188,"href":"http:\/\/elcuartopoder.com.mx\/nw\/wp-json\/wp\/v2\/posts\/130186\/revisions\/130188"}],"wp:featuredmedia":[{"embeddable":true,"href":"http:\/\/elcuartopoder.com.mx\/nw\/wp-json\/wp\/v2\/media\/130187"}],"wp:attachment":[{"href":"http:\/\/elcuartopoder.com.mx\/nw\/wp-json\/wp\/v2\/media?parent=130186"}],"wp:term":[{"taxonomy":"category","embeddable":true,"href":"http:\/\/elcuartopoder.com.mx\/nw\/wp-json\/wp\/v2\/categories?post=130186"},{"taxonomy":"post_tag","embeddable":true,"href":"http:\/\/elcuartopoder.com.mx\/nw\/wp-json\/wp\/v2\/tags?post=130186"}],"curies":[{"name":"wp","href":"https:\/\/api.w.org\/{rel}","templated":true}]}}