{"id":130189,"date":"2024-06-24T16:59:27","date_gmt":"2024-06-24T21:59:27","guid":{"rendered":"http:\/\/elcuartopoder.com.mx\/nw\/?p=130189"},"modified":"2024-06-24T16:59:29","modified_gmt":"2024-06-24T21:59:29","slug":"alergias-de-verano-el-impacto-del-cambio-climatico-en-la-salud-cuales-son-las-mas-frecuentes","status":"publish","type":"post","link":"http:\/\/elcuartopoder.com.mx\/nw\/varios\/alergias-de-verano-el-impacto-del-cambio-climatico-en-la-salud-cuales-son-las-mas-frecuentes\/","title":{"rendered":"Alergias de verano: El impacto del cambio clim\u00e1tico en la salud \u00bfCu\u00e1les son las m\u00e1s frecuentes?"},"content":{"rendered":"\n<p>El<strong>\u00a0cambio clim\u00e1tico<\/strong>\u00a0est\u00e1 modificando los patrones estacionales y agravando problemas de salud como las\u00a0alergias. Las especialistas en alergolog\u00eda, inmunolog\u00eda y micolog\u00eda, la Dra. Azalea Mart\u00ednez Guti\u00e9rrez de la UNAM y la Dra. Judith Castellanos Moguel de la UAM-Xochimilco, coinciden en la preocupaci\u00f3n que genera esta situaci\u00f3n y destacan diversos factores que contribuyen al aumento de las\u00a0<strong>alergias durante el verano.<\/strong><\/p>\n\n\n\n<h2 class=\"wp-block-heading\">Alergias y cambio clim\u00e1tico<\/h2>\n\n\n\n<p>La Dra. Azalea Mart\u00ednez se\u00f1ala que el cambio clim\u00e1tico est\u00e1\u00a0<strong>alargando las temporadas de polen<\/strong>. \u00abLa estacionalidad de estos procesos est\u00e1 desapareciendo. Antes, los \u00e1rboles florec\u00edan principalmente en primavera, pero ahora, debido al\u00a0cambio clim\u00e1tico, lo hacen todo el a\u00f1o, lo que provoca alergias estacionales constantes. Se estima que, para finales de siglo, las\u00a0alergias respiratorias podr\u00edan aumentar\u00a0hasta un 200%\u201d.<\/p>\n\n\n\n<p>Por su parte, la Dra. Judith Castellanos advierte que aproximadamente el 30% de la poblaci\u00f3n&nbsp;<strong>sufre alergias a los hongos<\/strong>. Con el aumento de la humedad y las altas temperaturas, la proliferaci\u00f3n de hongos en la atm\u00f3sfera se incrementa. \u00abLos hongos crecen mejor entre 24 y 28 grados Celsius, y estamos en el momento perfecto para su crecimiento\u00bb, comenta.<\/p>\n\n\n\n<h2 class=\"wp-block-heading\">S\u00edntomas y prevenci\u00f3n<\/h2>\n\n\n\n<p>Ambas especialistas destacan que las&nbsp;<strong>alergias respiratorias m\u00e1s comunes en verano&nbsp;<\/strong>son la rinitis al\u00e9rgica, el asma al\u00e9rgico, la dermatitis at\u00f3pica y la conjuntivitis al\u00e9rgica. Los factores implicados incluyen contaminantes del aire, polen, polvo y esporas de moho.<\/p>\n\n\n\n<p>La Dra. Mart\u00ednez sugiere varias<strong>&nbsp;medidas para prevenir las alergias<\/strong>: evitar acumuladores de polvo en interiores, como alfombras y peluches, y mantener una limpieza constante de s\u00e1banas y cortinas. Tambi\u00e9n recomienda vigilar la calidad del aire y&nbsp;<a href=\"https:\/\/www.eleconomista.com.mx\/arteseideas\/Bebes-que-nacieron-en-la-pandemia-del-Covid-19-Son-mas-resistentes-a-las-alergias-Esto-dice-estudio-20240309-0029.html\" target=\"_blank\" rel=\"noreferrer noopener\">usar mascarillas&nbsp;<\/a>en d\u00edas con alta contaminaci\u00f3n.<\/p>\n\n\n\n<p>Mientras, la Dra. Castellanos enfatiza la necesidad de ventilar y secar bien los ba\u00f1os para evitar la proliferaci\u00f3n de hongos. \u201cEn casa uno de los sitios cr\u00edticos es el ba\u00f1o. Lo ideal es, despu\u00e9s de ba\u00f1arse, ventilar el ba\u00f1o y ver que quede bien seco. Recordemos que la<strong>&nbsp;humedad favorece a la formaci\u00f3n de hongos<\/strong>\u201d.<\/p>\n\n\n\n<p>Ambas expertas coincidieron en la importancia de tomar medidas para prevenir las alergias, tanto en interiores como en exteriores.<\/p>\n\n\n\n<h4 class=\"wp-block-heading\">En interiores:<\/h4>\n\n\n\n<ul class=\"wp-block-list\"><li>Ventilar los espacios regularmente para eliminar el polvo y los \u00e1caros.<\/li><li>Evitar la acumulaci\u00f3n de polvo en las superficies.<\/li><li>Mantener la humedad en niveles adecuados.<\/li><li>Usar purificadores de aire si es necesario.<\/li><\/ul>\n\n\n\n<h4 class=\"wp-block-heading\">En exteriores:<\/h4>\n\n\n\n<ul class=\"wp-block-list\"><li>Monitorear la calidad del aire y evitar salir en d\u00edas con altos niveles de contaminaci\u00f3n.<\/li><li>Usar cubrebocas al salir, especialmente en zonas con alta concentraci\u00f3n de polvo o esporas de hongos.<\/li><li>Evitar las horas con mayor presencia de al\u00e9rgenos, como las primeras horas de la ma\u00f1ana, al mediod\u00eda, al salir del trabajo y por la noche.<\/li><\/ul>\n\n\n\n<p>\u201cLos picos de polen se mantienen o muy temprano desde las 5:00 hasta las 9:00 de la ma\u00f1ana y durante la noche de las 7:00 a las 10:00 de la noche\u201d, se\u00f1ala la Dra. Azalea Mart\u00ednez.<\/p>\n\n\n\n<h2 class=\"wp-block-heading\">Las alergias no se curan, pero se controlan<\/h2>\n\n\n\n<p>Las especialistas enfatizaron que, si bien las<strong>&nbsp;alergias no se curan<\/strong>, s\u00ed pueden controlarse con tratamiento adecuado. \u00abEs importante<a href=\"https:\/\/www.eleconomista.com.mx\/\" target=\"_blank\" rel=\"noreferrer noopener\">&nbsp;acudir al m\u00e9dico<\/a>&nbsp;para un diagn\u00f3stico preciso y recibir el tratamiento adecuado\u00bb, dijo la Dra. Mart\u00ednez Guti\u00e9rrez.<\/p>\n\n\n\n<p>\u201c<strong>Una alergia nunca dar\u00e1 fiebre<\/strong>. Ese es un marcador muy importante para poder decir que es un cuadro de exacerbaci\u00f3n. Te puede dar congesti\u00f3n nasal, el escurrimiento, el estornudo, pero la alergia no da fiebre. Otra situaci\u00f3n es que la alergia llega y se va de manera s\u00fabita, no as\u00ed las infecciones que s\u00ed llevan algunos como estadios o pasos para poder retirarse de nuestro cuerpo. Y la \u00faltima, muchas veces el proceso al\u00e9rgico va a suspenderse con una dosis o dos dosis del antihistam\u00ednico, cosa que no sucede pues con el proceso de enfermedad\u201d.<\/p>\n\n\n\n<p>La Dra. Castellanos Moguel agreg\u00f3 que el tratamiento oportuno de las alergias tambi\u00e9n puede prevenir complicaciones a largo plazo,<strong>&nbsp;como asma cr\u00f3nica o dermatitis at\u00f3pica.<\/strong><\/p>\n\n\n\n<p>En conclusi\u00f3n, el cambio clim\u00e1tico est\u00e1 afectando gravemente la prevalencia de alergias. La combinaci\u00f3n de\u00a0altas temperaturas, aumento de la humedad y contaminantes\u00a0ambientales crea un entorno propicio para el desarrollo de alergias respiratorias, por lo que las especialistas se\u00f1alan que es fundamental seguir las recomendaciones para<strong>\u00a0prevenir y controlar estas afecciones.<\/strong><\/p>\n\n\n\n<p>Fuente: eleconomista<\/p>\n\n\n\n<p><br><\/p>\n","protected":false},"excerpt":{"rendered":"<p>El\u00a0cambio clim\u00e1tico\u00a0est\u00e1 modificando los patrones estacionales y agravando problemas de salud como las\u00a0alergias. Las especialistas en alergolog\u00eda, inmunolog\u00eda y micolog\u00eda, la Dra. Azalea Mart\u00ednez Guti\u00e9rrez de la UNAM y la Dra. Judith Castellanos Moguel de la UAM-Xochimilco, coinciden en la preocupaci\u00f3n que genera esta situaci\u00f3n y destacan diversos factores que contribuyen al aumento de las\u00a0alergias [&hellip;]<\/p>\n","protected":false},"author":2,"featured_media":130190,"comment_status":"open","ping_status":"open","sticky":false,"template":"","format":"standard","meta":{"footnotes":""},"categories":[64],"tags":[],"class_list":["post-130189","post","type-post","status-publish","format-standard","has-post-thumbnail","hentry","category-varios"],"_links":{"self":[{"href":"http:\/\/elcuartopoder.com.mx\/nw\/wp-json\/wp\/v2\/posts\/130189","targetHints":{"allow":["GET"]}}],"collection":[{"href":"http:\/\/elcuartopoder.com.mx\/nw\/wp-json\/wp\/v2\/posts"}],"about":[{"href":"http:\/\/elcuartopoder.com.mx\/nw\/wp-json\/wp\/v2\/types\/post"}],"author":[{"embeddable":true,"href":"http:\/\/elcuartopoder.com.mx\/nw\/wp-json\/wp\/v2\/users\/2"}],"replies":[{"embeddable":true,"href":"http:\/\/elcuartopoder.com.mx\/nw\/wp-json\/wp\/v2\/comments?post=130189"}],"version-history":[{"count":1,"href":"http:\/\/elcuartopoder.com.mx\/nw\/wp-json\/wp\/v2\/posts\/130189\/revisions"}],"predecessor-version":[{"id":130191,"href":"http:\/\/elcuartopoder.com.mx\/nw\/wp-json\/wp\/v2\/posts\/130189\/revisions\/130191"}],"wp:featuredmedia":[{"embeddable":true,"href":"http:\/\/elcuartopoder.com.mx\/nw\/wp-json\/wp\/v2\/media\/130190"}],"wp:attachment":[{"href":"http:\/\/elcuartopoder.com.mx\/nw\/wp-json\/wp\/v2\/media?parent=130189"}],"wp:term":[{"taxonomy":"category","embeddable":true,"href":"http:\/\/elcuartopoder.com.mx\/nw\/wp-json\/wp\/v2\/categories?post=130189"},{"taxonomy":"post_tag","embeddable":true,"href":"http:\/\/elcuartopoder.com.mx\/nw\/wp-json\/wp\/v2\/tags?post=130189"}],"curies":[{"name":"wp","href":"https:\/\/api.w.org\/{rel}","templated":true}]}}