{"id":130192,"date":"2024-06-24T17:01:23","date_gmt":"2024-06-24T22:01:23","guid":{"rendered":"http:\/\/elcuartopoder.com.mx\/nw\/?p=130192"},"modified":"2024-06-24T17:01:27","modified_gmt":"2024-06-24T22:01:27","slug":"milei-condecorado-en-hamburgo-si-sera-recibido-por-olaf-scholz","status":"publish","type":"post","link":"http:\/\/elcuartopoder.com.mx\/nw\/internacionales\/milei-condecorado-en-hamburgo-si-sera-recibido-por-olaf-scholz\/","title":{"rendered":"Milei, condecorado en Hamburgo, s\u00ed ser\u00e1 recibido por Olaf Scholz"},"content":{"rendered":"\n<p>El presidente argentino Javier Milei\u00a0lleg\u00f3 esta ma\u00f1ana a Alemania, su segundo destino en la gira europea que comenz\u00f3 este viernes. Apenas aterriz\u00f3 en Hamburgo, donde fue condecorado con la medalla Hayek, por ser considerado \u00abun ambicioso reformador\u00bb, lo esperaba una gran manifestaci\u00f3n&#8230;<\/p>\n","protected":false},"excerpt":{"rendered":"<p>El presidente argentino Javier Milei\u00a0lleg\u00f3 esta ma\u00f1ana a Alemania, su segundo destino en la gira europea que comenz\u00f3 este viernes. Apenas aterriz\u00f3 en Hamburgo, donde fue condecorado con la medalla Hayek, por ser considerado \u00abun ambicioso reformador\u00bb, lo esperaba una gran manifestaci\u00f3n&#8230;<\/p>\n","protected":false},"author":2,"featured_media":130193,"comment_status":"open","ping_status":"open","sticky":false,"template":"","format":"standard","meta":{"footnotes":""},"categories":[8],"tags":[],"class_list":["post-130192","post","type-post","status-publish","format-standard","has-post-thumbnail","hentry","category-internacionales"],"_links":{"self":[{"href":"http:\/\/elcuartopoder.com.mx\/nw\/wp-json\/wp\/v2\/posts\/130192","targetHints":{"allow":["GET"]}}],"collection":[{"href":"http:\/\/elcuartopoder.com.mx\/nw\/wp-json\/wp\/v2\/posts"}],"about":[{"href":"http:\/\/elcuartopoder.com.mx\/nw\/wp-json\/wp\/v2\/types\/post"}],"author":[{"embeddable":true,"href":"http:\/\/elcuartopoder.com.mx\/nw\/wp-json\/wp\/v2\/users\/2"}],"replies":[{"embeddable":true,"href":"http:\/\/elcuartopoder.com.mx\/nw\/wp-json\/wp\/v2\/comments?post=130192"}],"version-history":[{"count":1,"href":"http:\/\/elcuartopoder.com.mx\/nw\/wp-json\/wp\/v2\/posts\/130192\/revisions"}],"predecessor-version":[{"id":130194,"href":"http:\/\/elcuartopoder.com.mx\/nw\/wp-json\/wp\/v2\/posts\/130192\/revisions\/130194"}],"wp:featuredmedia":[{"embeddable":true,"href":"http:\/\/elcuartopoder.com.mx\/nw\/wp-json\/wp\/v2\/media\/130193"}],"wp:attachment":[{"href":"http:\/\/elcuartopoder.com.mx\/nw\/wp-json\/wp\/v2\/media?parent=130192"}],"wp:term":[{"taxonomy":"category","embeddable":true,"href":"http:\/\/elcuartopoder.com.mx\/nw\/wp-json\/wp\/v2\/categories?post=130192"},{"taxonomy":"post_tag","embeddable":true,"href":"http:\/\/elcuartopoder.com.mx\/nw\/wp-json\/wp\/v2\/tags?post=130192"}],"curies":[{"name":"wp","href":"https:\/\/api.w.org\/{rel}","templated":true}]}}