{"id":130406,"date":"2024-07-02T13:34:02","date_gmt":"2024-07-02T18:34:02","guid":{"rendered":"http:\/\/elcuartopoder.com.mx\/nw\/?p=130406"},"modified":"2024-07-02T13:34:06","modified_gmt":"2024-07-02T18:34:06","slug":"en-riesgo-libertad-de-expresion-y-estado-de-derecho","status":"publish","type":"post","link":"http:\/\/elcuartopoder.com.mx\/nw\/opinion\/en-riesgo-libertad-de-expresion-y-estado-de-derecho\/","title":{"rendered":"En riesgo, libertad de expresi\u00f3n y Estado de derecho"},"content":{"rendered":"\n<p>Dice Guadalupe Acosta Naranjo que \u201ctodav\u00eda no hemos visto al peor L\u00f3pez Obrador\u201d. Lo conoce bien y sabe de qu\u00e9 habla.<\/p>\n\n\n\n<p>Entonces, \u00bfqu\u00e9 sigue? Cuesta imaginarlo, porque no son leves sus zarpazos de despedida.<\/p>\n\n\n\n<p>La libertad de expresi\u00f3n en M\u00e9xico es una conquista en extinci\u00f3n.<\/p>\n\n\n\n<p>La independencia del Poder Judicial tiene los meses contados.<\/p>\n\n\n\n<p>\u00bfQu\u00e9 sigue, pues?<\/p>\n\n\n\n<p>El golpe del presidente L\u00f3pez Portillo cuando estatiz\u00f3 la banca, es de calibre similar a la bomba que AMLO ha puesto a los cimientos del Poder Judicial: destruirlo para entreg\u00e1rselo a un partido, el suyo, el que fund\u00f3, el que maneja a su antojo.<\/p>\n\n\n\n<p>Salvo que en septiembre se modifiquen las reformas hechas para la venganza, no habr\u00e1 ciudadano ni despacho de abogados que le gane un juicio al gobierno de Morena.<\/p>\n\n\n\n<p>Ni jueces que arriesguen su permanencia en el cargo, o reciban un castigo, si fallan contra la voluntad del Tribunal de Disciplina que estar\u00e1 por encima de la Corte, y ser\u00e1 electo por voto popular, es decir por el partido.<\/p>\n\n\n\n<p>Eso es sovi\u00e9tico.<\/p>\n\n\n\n<p>La persecuci\u00f3n contra el periodista Carlos Loret es una venganza ejecutada con sevicia.<\/p>\n\n\n\n<p>El periodista Loret es un perseguido al que han dejado solo.<\/p>\n\n\n\n<p>De poco o nada sirven los (escasos) art\u00edculos y notas en solidaridad con Loret que podamos publicar sus colegas.<\/p>\n\n\n\n<p>Nadie del equipo que asumir\u00e1 el gobierno en octubre ha expresado una sola palabra de compromiso con lo elemental: la libertad de expresi\u00f3n.<\/p>\n\n\n\n<p>Han hecho mutis en el caso Loret.<\/p>\n\n\n\n<p>Eso s\u00ed ser\u00eda importante que lo digan: Carlos Loret \u2013y el periodista que sea\u2013 tiene derecho a investigar y publicar asuntos de inter\u00e9s p\u00fablico sin ser perseguido por los \u00f3rganos coercitivos del Estado, aunque est\u00e9 equivocado.<\/p>\n\n\n\n<p>No existe compromiso con la libertad de prensa en el gobierno entrante. Son iguales de autoritarios, o le tienen miedo a L\u00f3pez Obrador.<\/p>\n\n\n\n<p>Que no lo vea quien no lo quiera ver, pero del equipo de la presidenta electa, Claudia Sheinbaum, no ha salido ni una m\u00ednima se\u00f1al de simpat\u00eda a la libertad de expresi\u00f3n.<\/p>\n\n\n\n<p>Mucho menos de protecci\u00f3n a periodistas v\u00edctimas de los atropellos ilegales del gobierno: espionaje, revelaci\u00f3n de datos personales cuya privacidad est\u00e1n tutelados por la ley, acoso a due\u00f1os de medios para que los despidan.<\/p>\n\n\n\n<p>As\u00ed es el presente y as\u00ed pinta el futuro.<\/p>\n\n\n\n<p>La libertad de prensa es un bien social que se extingue en M\u00e9xico.<\/p>\n\n\n\n<p>Es falso que Loret, su esposa y V\u00edctor Trujillo sean investigados por la UIF porque \u201cganan mucho dinero\u201d.<\/p>\n\n\n\n<p>La persecuci\u00f3n es el castigo por dar a conocer los gigantescos negocios turbios que se han hecho con el consentimiento del gobierno.<\/p>\n\n\n\n<p>En lugar de alentarlo a seguir investigando, para limpiar lo que prometieron limpiar, le echan a la Unidad de Inteligencia Financiera encima.<\/p>\n\n\n\n<p>L\u00f3pez Obrador se ha ensa\u00f1ado contra muchos periodistas y due\u00f1os de medios de comunicaci\u00f3n que le resultan desagradables.<\/p>\n\n\n\n<p>Desprestigio, asfixia econ\u00f3mica, venganza, escarnio p\u00fablico salen de Palacio Nacional.<\/p>\n\n\n\n<p>Las empresas privadas lo piensan dos veces antes de anunciarse en un medio se\u00f1alado como enemigo del todopoderoso e intolerante mandatario.<\/p>\n\n\n\n<p>Es muy poco elegante que el presidente L\u00f3pez Obrador se lave las manos en la persecuci\u00f3n contra Loret y Latinus. Es un asunto de la UIF, no es cosa m\u00eda, dice.<\/p>\n\n\n\n<p>Los persigue Pablo G\u00f3mez, no yo.<\/p>\n\n\n\n<p>Lo que hace es de terror.<\/p>\n\n\n\n<p>Y nadie, absolutamente nadie de Morena y del equipo de transici\u00f3n de la presidenta electa, dice nada.<\/p>\n\n\n\n<p>Perseguir y, si es posible, encarcelar a los due\u00f1os de Latinus y a sus periodistas por supuesto \u2018lavado de dinero\u2019, es un extremo al que no lleg\u00f3 el presidente L\u00f3pez Portillo.<\/p>\n\n\n\n<p>Tambi\u00e9n lo han hecho contra otros medios de comunicaci\u00f3n. A periodistas, ni se diga. Extorsi\u00f3n, es el nombre.<\/p>\n\n\n\n<p>El boquete que causar\u00e1 la reforma judicial, de concretarse como la pide el Presidente, puede ser del tama\u00f1o al que provoc\u00f3 L\u00f3pez Portillo al estatizar la banca.<\/p>\n\n\n\n<p>Nuestros dos grandes socios comerciales, Estados Unidos y Canad\u00e1, ya han expresado su preocupaci\u00f3n por el da\u00f1o que pueda causar la reforma a la certidumbre jur\u00eddica indispensable para invertir.<\/p>\n\n\n\n<p>\u00bfNadie del equipo que tomar\u00e1 las riendas del pa\u00eds en octubre puede llamar a la serenidad al Presidente?<\/p>\n\n\n\n<p>Hasta ahora, no. Por miedo, o porque piensan lo mismo que \u00e9l.<\/p>\n\n\n\n<p>La reforma al Poder Judicial no es otra cosa que venganza contra juzgadores y ministros que se atrevieron a decirle no al Presidente.<\/p>\n\n\n\n<p>Si fueran reformas para mejorar la justicia en el pa\u00eds, habr\u00eda que empezar por las polic\u00edas: m\u00e1s de 90 por ciento de quienes cometen un delito no son puestos a disposici\u00f3n de un juez.<\/p>\n\n\n\n<p>Falso que las reformas sean una demanda popular.<\/p>\n\n\n\n<p>Casi dos terceras partes de la poblaci\u00f3n (62 por ciento) no las conoce, de acuerdo con la encuesta de El Financiero publicada ayer.<\/p>\n\n\n\n<p>\u00bfPor qu\u00e9 no se inicia una amplia discusi\u00f3n entre especialistas para reformar el sistema de justicia, que ciertamente es malo?<\/p>\n\n\n\n<p>\u00bfPor qu\u00e9 la prisa? Ya, ya, ahorita, en septiembre.<\/p>\n\n\n\n<p>Porque es venganza personal.<\/p>\n\n\n\n<p>\u201cTodav\u00eda no hemos visto al peor L\u00f3pez Obrador\u201d, dice Acosta Naranjo.<\/p>\n\n\n\n<p>No es el \u00fanico que piensa eso.<\/p>\n","protected":false},"excerpt":{"rendered":"<p>Dice Guadalupe Acosta Naranjo que \u201ctodav\u00eda no hemos visto al peor L\u00f3pez Obrador\u201d. Lo conoce bien y sabe de qu\u00e9 habla. Entonces, \u00bfqu\u00e9 sigue? Cuesta imaginarlo, porque no son leves sus zarpazos de despedida. La libertad de expresi\u00f3n en M\u00e9xico es una conquista en extinci\u00f3n. La independencia del Poder Judicial tiene los meses contados. \u00bfQu\u00e9 [&hellip;]<\/p>\n","protected":false},"author":2,"featured_media":130407,"comment_status":"open","ping_status":"open","sticky":false,"template":"","format":"standard","meta":{"footnotes":""},"categories":[62],"tags":[],"class_list":["post-130406","post","type-post","status-publish","format-standard","has-post-thumbnail","hentry","category-opinion"],"_links":{"self":[{"href":"http:\/\/elcuartopoder.com.mx\/nw\/wp-json\/wp\/v2\/posts\/130406","targetHints":{"allow":["GET"]}}],"collection":[{"href":"http:\/\/elcuartopoder.com.mx\/nw\/wp-json\/wp\/v2\/posts"}],"about":[{"href":"http:\/\/elcuartopoder.com.mx\/nw\/wp-json\/wp\/v2\/types\/post"}],"author":[{"embeddable":true,"href":"http:\/\/elcuartopoder.com.mx\/nw\/wp-json\/wp\/v2\/users\/2"}],"replies":[{"embeddable":true,"href":"http:\/\/elcuartopoder.com.mx\/nw\/wp-json\/wp\/v2\/comments?post=130406"}],"version-history":[{"count":1,"href":"http:\/\/elcuartopoder.com.mx\/nw\/wp-json\/wp\/v2\/posts\/130406\/revisions"}],"predecessor-version":[{"id":130408,"href":"http:\/\/elcuartopoder.com.mx\/nw\/wp-json\/wp\/v2\/posts\/130406\/revisions\/130408"}],"wp:featuredmedia":[{"embeddable":true,"href":"http:\/\/elcuartopoder.com.mx\/nw\/wp-json\/wp\/v2\/media\/130407"}],"wp:attachment":[{"href":"http:\/\/elcuartopoder.com.mx\/nw\/wp-json\/wp\/v2\/media?parent=130406"}],"wp:term":[{"taxonomy":"category","embeddable":true,"href":"http:\/\/elcuartopoder.com.mx\/nw\/wp-json\/wp\/v2\/categories?post=130406"},{"taxonomy":"post_tag","embeddable":true,"href":"http:\/\/elcuartopoder.com.mx\/nw\/wp-json\/wp\/v2\/tags?post=130406"}],"curies":[{"name":"wp","href":"https:\/\/api.w.org\/{rel}","templated":true}]}}