{"id":130412,"date":"2024-07-02T13:39:08","date_gmt":"2024-07-02T18:39:08","guid":{"rendered":"http:\/\/elcuartopoder.com.mx\/nw\/?p=130412"},"modified":"2024-07-02T13:39:13","modified_gmt":"2024-07-02T18:39:13","slug":"rechaza-tepjf-orden-de-juez-federal-para-nombrar-a-dos-magistrados","status":"publish","type":"post","link":"http:\/\/elcuartopoder.com.mx\/nw\/politica\/rechaza-tepjf-orden-de-juez-federal-para-nombrar-a-dos-magistrados\/","title":{"rendered":"Rechaza TEPJF orden de juez federal para nombrar a dos magistrados"},"content":{"rendered":"\n<p><em>Ciudad de M\u00e9xico.<\/em>&nbsp;Derivado de que un juez federal en materia administrativa orden\u00f3 al Tribunal Electoral del Poder Judicial de la Federaci\u00f3n (TEPJF) nombrar de manera provisional a los dos magistrados que faltan para completar el pleno de la Sala Superior y le dio un plazo de 24 horas, la m\u00e1xima instancia electoral acord\u00f3 no dar tr\u00e1mite a dicha orden y adem\u00e1s aprob\u00f3 denunciar penalmente al Juez Noveno de Distrito ante la Fiscal\u00eda General de la Rep\u00fablica, adem\u00e1s de presentar una queja ante el Consejo de la Judicatura Federal.<\/p>\n\n\n\n<p>En una sesi\u00f3n convocada por la magistrada presidenta del TEPJF, M\u00f3nica Soto Fregoso, para abordar esta orden, y en la que participaron las cinco magistraturas, dicho \u00f3rgano electoral estim\u00f3 que \u201clas medidas anunciadas por el juez de Distrito son injustificadas y excesivas\u201d.<\/p>\n\n\n\n<p>A la magistrada presidenta se le orden\u00f3 directamente que formulara el procedimiento y la propuesta de dos personas magistradas electorales de las salas regionales, que deben cumplir con el requisito de ser decanas (con mayor antig\u00fcedad), o en su caso, de mayor edad, y deber\u00eda someterlas a la decisi\u00f3n del pleno de la propia Sala Superior.<\/p>\n\n\n\n<p>Sin embargo, el TEPJF rechaz\u00f3 \u201cde manera categ\u00f3rica el infundado actuar del referido juez de Distrito al pretender imponer, por encima de la Constituci\u00f3n Pol\u00edtica de los Estados Unidos Mexicanos, la ley org\u00e1nica y el propio reglamento, las determinaciones que, para el adecuado funcionamiento de este \u00f3rgano, competencialmente ata\u00f1en exclusivamente a la Sala Superior\u201d.<\/p>\n\n\n\n<p>Luego de que venci\u00f3 el plazo de 24 horas que hab\u00eda establecido el juez, este \u00f3rgano jurisdiccional emiti\u00f3 un comunicado, en el que se\u00f1al\u00f3 que el art\u00edculo 99 de la Constituci\u00f3n estipula que este tribunal se define como la m\u00e1xima autoridad judicial en materia electoral, por lo que cuenta con autonom\u00eda ante ese tipo de ordenamientos administrativos.<\/p>\n\n\n\n<p>Fuente: jornada<\/p>\n","protected":false},"excerpt":{"rendered":"<p>Ciudad de M\u00e9xico.&nbsp;Derivado de que un juez federal en materia administrativa orden\u00f3 al Tribunal Electoral del Poder Judicial de la Federaci\u00f3n (TEPJF) nombrar de manera provisional a los dos magistrados que faltan para completar el pleno de la Sala Superior y le dio un plazo de 24 horas, la m\u00e1xima instancia electoral acord\u00f3 no dar [&hellip;]<\/p>\n","protected":false},"author":2,"featured_media":130413,"comment_status":"open","ping_status":"open","sticky":false,"template":"","format":"standard","meta":{"footnotes":""},"categories":[61],"tags":[],"class_list":["post-130412","post","type-post","status-publish","format-standard","has-post-thumbnail","hentry","category-politica"],"_links":{"self":[{"href":"http:\/\/elcuartopoder.com.mx\/nw\/wp-json\/wp\/v2\/posts\/130412","targetHints":{"allow":["GET"]}}],"collection":[{"href":"http:\/\/elcuartopoder.com.mx\/nw\/wp-json\/wp\/v2\/posts"}],"about":[{"href":"http:\/\/elcuartopoder.com.mx\/nw\/wp-json\/wp\/v2\/types\/post"}],"author":[{"embeddable":true,"href":"http:\/\/elcuartopoder.com.mx\/nw\/wp-json\/wp\/v2\/users\/2"}],"replies":[{"embeddable":true,"href":"http:\/\/elcuartopoder.com.mx\/nw\/wp-json\/wp\/v2\/comments?post=130412"}],"version-history":[{"count":1,"href":"http:\/\/elcuartopoder.com.mx\/nw\/wp-json\/wp\/v2\/posts\/130412\/revisions"}],"predecessor-version":[{"id":130414,"href":"http:\/\/elcuartopoder.com.mx\/nw\/wp-json\/wp\/v2\/posts\/130412\/revisions\/130414"}],"wp:featuredmedia":[{"embeddable":true,"href":"http:\/\/elcuartopoder.com.mx\/nw\/wp-json\/wp\/v2\/media\/130413"}],"wp:attachment":[{"href":"http:\/\/elcuartopoder.com.mx\/nw\/wp-json\/wp\/v2\/media?parent=130412"}],"wp:term":[{"taxonomy":"category","embeddable":true,"href":"http:\/\/elcuartopoder.com.mx\/nw\/wp-json\/wp\/v2\/categories?post=130412"},{"taxonomy":"post_tag","embeddable":true,"href":"http:\/\/elcuartopoder.com.mx\/nw\/wp-json\/wp\/v2\/tags?post=130412"}],"curies":[{"name":"wp","href":"https:\/\/api.w.org\/{rel}","templated":true}]}}