{"id":130815,"date":"2024-07-16T11:53:02","date_gmt":"2024-07-16T16:53:02","guid":{"rendered":"http:\/\/elcuartopoder.com.mx\/nw\/?p=130815"},"modified":"2024-07-16T11:53:07","modified_gmt":"2024-07-16T16:53:07","slug":"futuro-del-pri-en-manos-del-ine-y-el-tribunal","status":"publish","type":"post","link":"http:\/\/elcuartopoder.com.mx\/nw\/opinion\/futuro-del-pri-en-manos-del-ine-y-el-tribunal\/","title":{"rendered":"Futuro del PRI, en manos del INE y el Tribunal"},"content":{"rendered":"\n<p>Diga lo que diga o haga lo que haga&nbsp;<strong>Alejandro Moreno,<\/strong>&nbsp;el futuro del PRI est\u00e1 en manos del&nbsp;<strong>Instituto Nacional Electoral (INE) y del Tribunal Electoral del Poder Judicial de la Federaci\u00f3n.<\/strong><\/p>\n\n\n\n<p>Ser\u00e1 a estas dos instancias las que dictaminen si las modificaciones a los estatutos del PRI, ordenadas y dirigidas por Alito, para garantizar su reelecci\u00f3n, se hicieron conforme a derecho.<\/p>\n\n\n\n<p>Por lo pronto, este mi\u00e9rcoles vence el plazo para que el INE emita una postura en torno a los resolutivos del pasado 7 de julio por parte de la Asamblea Nacional del tricolor.<\/p>\n\n\n\n<p>Eso totalmente independiente de las impugnaciones que la semana pasada interpusieron algunos ex dirigentes del partido, como&nbsp;<strong>Dulce Mar\u00eda Sauri, Enrique Ochoa y Pedro Joaqu\u00edn Coldwell.<\/strong><\/p>\n\n\n\n<p>El INE tiene que fijar una postura s\u00ed o s\u00ed. Y el Tribunal, a su vez, tendr\u00e1 que desahogar, en un plazo de entre 30 y 40 d\u00edas, todos los recursos que le lleguen derivados de la guerra interna en el \u201cpartidazo\u201d.<\/p>\n\n\n\n<p>Hay optimismo entre la disidencia de Alito, porque consideran que se cometieron importantes violaciones a la ley. &nbsp;<\/p>\n\n\n\n<p>Por ejemplo, el Moreno C\u00e1rdenas convoc\u00f3&nbsp;el&nbsp;<strong>3 de julio a una sesi\u00f3n del Consejo Pol\u00edtico<\/strong>, lo cual consideran violatorio de la ley porque ni siquiera hab\u00edan concluidos los c\u00f3mputos distritales, despu\u00e9s de la elecci\u00f3n.<\/p>\n\n\n\n<p>Por otro lado, realiz\u00f3 una Asamblea Nacional antes de que concluya el proceso electoral en curso; es decir, todav\u00eda no se califica la elecci\u00f3n presidencial y Alito ya volte\u00f3 de cabeza los documentos b\u00e1sicos de su partido.<\/p>\n\n\n\n<p>Interpretan los disidentes que el pol\u00edtico campechano aceler\u00f3 los tiempos del cambio porque si no prospera su reelecci\u00f3n, en septiembre buscar\u00e1 una posici\u00f3n de mando en el Senado de la Rep\u00fablica.&nbsp;<\/p>\n\n\n\n<p>Lo que hizo con todos estos movimientos fue ganar un poco de tiempo y forzar a que, quienes no est\u00e1n con \u00e9l, saquen la cabeza para responderles uno por uno.&nbsp;<\/p>\n\n\n\n<p>Quiere evidenciarlos, porque la mayor\u00eda de quienes cuestionan su \u201cliderazgo\u201d, dicen algunos de sus allegados, tampoco entregaron buenas cuentas al partido.<\/p>\n\n\n\n<p>Todos los pri\u00edstas de rancio abolengo son responsables de la debacle del tricolor. Por eso es que Alito no acepta que vengan a cuestionarlo.<\/p>\n\n\n\n<p>Como sea, cada vez son m\u00e1s los pri\u00edstas que quieren que suelte las riendas y deje pasar a un nuevo liderazgo.&nbsp;<\/p>\n\n\n\n<p>Entre sus cr\u00edticos se encuentran&nbsp;<strong>13 expresidentes del PRI<\/strong>, un numeroso grupo de ex gobernadores y otros movimientos, como el Frente Amplio de Renovaci\u00f3n, impulsado por&nbsp;<strong>Manlio Fabio Beltrones y Jos\u00e9 Encarnaci\u00f3n Alfaro.<\/strong><\/p>\n\n\n\n<p><strong>***&nbsp;<\/strong><\/p>\n\n\n\n<p><strong>POCAS O HASTA NULAS POSIBILIDADES&nbsp;<\/strong>tiene el senador&nbsp;<strong>Dami\u00e1n Zepeda<\/strong>&nbsp;de convertirse en el pr\u00f3ximo dirigente del PAN.<\/p>\n\n\n\n<p>Su actitud beligerante constante, dicen algunos panistas, lo alej\u00f3 de grupos que en su momento podr\u00edan haberlo apoyado.Tan alejado est\u00e1 quedando del blanquiazul, comentan en el Senado, que en una de esas termina afiliado a MC.<\/p>\n\n\n\n<p><strong>***<\/strong><\/p>\n\n\n\n<p><strong>CON PARTICIPACIONES INTERESANTES<\/strong>&nbsp;y otras tambi\u00e9n pol\u00e9micas, en todo el pa\u00eds avanzan los di\u00e1logos encaminados a la&nbsp;<strong>reforma del Poder Judicial<\/strong>, tema que ha generado una abierta confrontaci\u00f3n entre el presidente L\u00f3pez Obrador y la ministra presidenta de la Corte,&nbsp;<strong>Norma Pi\u00f1a.<\/strong><\/p>\n\n\n\n<p>Es tal la importancia que reviste que muchos sectores siguen levantando la mano para ser considerados en los foros organizados por el Poder Legislativo.<\/p>\n\n\n\n<p>Es el caso de la Asociaci\u00f3n Nacional de Abogados de Empresa, que preside&nbsp;<strong>Nuhad Ponce Kuri,<\/strong>&nbsp;organizaci\u00f3n que, con m\u00e1s de medio siglo de existencia, busca aportar su experiencia para enriquecer la discusi\u00f3n, y sobre todo, que la iniciativa que analice y vote el Congreso, lleve a buen puerto la impartici\u00f3n de justicia para los mexicanos.<\/p>\n\n\n\n<p>***<\/p>\n\n\n\n<p>Y como dice&nbsp;<em><strong>el&nbsp;fil\u00f3sofo\u2026 Nomeacuerdo:&nbsp;<\/strong><\/em>\u00abUn dictador es un hombre que siempre tiene raz\u00f3n, especialmente cuando est\u00e1 equivocado.\u00bb<\/p>\n\n\n\n<p>POR ALFREDO GONZ\u00c1LEZ CASTRO&nbsp;<\/p>\n","protected":false},"excerpt":{"rendered":"<p>Diga lo que diga o haga lo que haga&nbsp;Alejandro Moreno,&nbsp;el futuro del PRI est\u00e1 en manos del&nbsp;Instituto Nacional Electoral (INE) y del Tribunal Electoral del Poder Judicial de la Federaci\u00f3n. Ser\u00e1 a estas dos instancias las que dictaminen si las modificaciones a los estatutos del PRI, ordenadas y dirigidas por Alito, para garantizar su reelecci\u00f3n, [&hellip;]<\/p>\n","protected":false},"author":2,"featured_media":130816,"comment_status":"open","ping_status":"open","sticky":false,"template":"","format":"standard","meta":{"footnotes":""},"categories":[62],"tags":[],"class_list":["post-130815","post","type-post","status-publish","format-standard","has-post-thumbnail","hentry","category-opinion"],"_links":{"self":[{"href":"http:\/\/elcuartopoder.com.mx\/nw\/wp-json\/wp\/v2\/posts\/130815","targetHints":{"allow":["GET"]}}],"collection":[{"href":"http:\/\/elcuartopoder.com.mx\/nw\/wp-json\/wp\/v2\/posts"}],"about":[{"href":"http:\/\/elcuartopoder.com.mx\/nw\/wp-json\/wp\/v2\/types\/post"}],"author":[{"embeddable":true,"href":"http:\/\/elcuartopoder.com.mx\/nw\/wp-json\/wp\/v2\/users\/2"}],"replies":[{"embeddable":true,"href":"http:\/\/elcuartopoder.com.mx\/nw\/wp-json\/wp\/v2\/comments?post=130815"}],"version-history":[{"count":1,"href":"http:\/\/elcuartopoder.com.mx\/nw\/wp-json\/wp\/v2\/posts\/130815\/revisions"}],"predecessor-version":[{"id":130817,"href":"http:\/\/elcuartopoder.com.mx\/nw\/wp-json\/wp\/v2\/posts\/130815\/revisions\/130817"}],"wp:featuredmedia":[{"embeddable":true,"href":"http:\/\/elcuartopoder.com.mx\/nw\/wp-json\/wp\/v2\/media\/130816"}],"wp:attachment":[{"href":"http:\/\/elcuartopoder.com.mx\/nw\/wp-json\/wp\/v2\/media?parent=130815"}],"wp:term":[{"taxonomy":"category","embeddable":true,"href":"http:\/\/elcuartopoder.com.mx\/nw\/wp-json\/wp\/v2\/categories?post=130815"},{"taxonomy":"post_tag","embeddable":true,"href":"http:\/\/elcuartopoder.com.mx\/nw\/wp-json\/wp\/v2\/tags?post=130815"}],"curies":[{"name":"wp","href":"https:\/\/api.w.org\/{rel}","templated":true}]}}