{"id":130824,"date":"2024-07-16T16:28:16","date_gmt":"2024-07-16T21:28:16","guid":{"rendered":"http:\/\/elcuartopoder.com.mx\/nw\/?p=130824"},"modified":"2024-07-16T16:28:20","modified_gmt":"2024-07-16T21:28:20","slug":"congreso-de-puebla-aprueba-la-despenalizacion-del-aborto","status":"publish","type":"post","link":"http:\/\/elcuartopoder.com.mx\/nw\/destacadas\/congreso-de-puebla-aprueba-la-despenalizacion-del-aborto\/","title":{"rendered":"Congreso de Puebla aprueba la despenalizaci\u00f3n del aborto"},"content":{"rendered":"\n<p><strong>PUEBLA, MX.-<\/strong>&nbsp;El Congreso del Estado de Puebla despenaliz\u00f3 el aborto voluntario en las primeras 12 semanas de gestaci\u00f3n, tras el fracaso de grupos de ultraderecha en reventar la sesi\u00f3n del Poder Legislativo local.<\/p>\n\n\n\n<p>Con 29 votos a favor, siete en contra y cuatro abstenciones, el estado se convirti\u00f3 en el n\u00famero 14 del pa\u00eds en legalizar la interrupci\u00f3n del embarazo.<\/p>\n\n\n\n<p>La decisi\u00f3n fue recibida con j\u00fabilo por parte de feministas que se congregaron fuera del palacio legislativo, donde recordaron que la despenalizaci\u00f3n responde a una lucha hist\u00f3rica. (Fuente:\u00a0<strong>La Jornada<\/strong>)<\/p>\n","protected":false},"excerpt":{"rendered":"<p>PUEBLA, MX.-&nbsp;El Congreso del Estado de Puebla despenaliz\u00f3 el aborto voluntario en las primeras 12 semanas de gestaci\u00f3n, tras el fracaso de grupos de ultraderecha en reventar la sesi\u00f3n del Poder Legislativo local. Con 29 votos a favor, siete en contra y cuatro abstenciones, el estado se convirti\u00f3 en el n\u00famero 14 del pa\u00eds en [&hellip;]<\/p>\n","protected":false},"author":2,"featured_media":130825,"comment_status":"open","ping_status":"open","sticky":false,"template":"","format":"standard","meta":{"footnotes":""},"categories":[59],"tags":[],"class_list":["post-130824","post","type-post","status-publish","format-standard","has-post-thumbnail","hentry","category-destacadas"],"_links":{"self":[{"href":"http:\/\/elcuartopoder.com.mx\/nw\/wp-json\/wp\/v2\/posts\/130824","targetHints":{"allow":["GET"]}}],"collection":[{"href":"http:\/\/elcuartopoder.com.mx\/nw\/wp-json\/wp\/v2\/posts"}],"about":[{"href":"http:\/\/elcuartopoder.com.mx\/nw\/wp-json\/wp\/v2\/types\/post"}],"author":[{"embeddable":true,"href":"http:\/\/elcuartopoder.com.mx\/nw\/wp-json\/wp\/v2\/users\/2"}],"replies":[{"embeddable":true,"href":"http:\/\/elcuartopoder.com.mx\/nw\/wp-json\/wp\/v2\/comments?post=130824"}],"version-history":[{"count":1,"href":"http:\/\/elcuartopoder.com.mx\/nw\/wp-json\/wp\/v2\/posts\/130824\/revisions"}],"predecessor-version":[{"id":130826,"href":"http:\/\/elcuartopoder.com.mx\/nw\/wp-json\/wp\/v2\/posts\/130824\/revisions\/130826"}],"wp:featuredmedia":[{"embeddable":true,"href":"http:\/\/elcuartopoder.com.mx\/nw\/wp-json\/wp\/v2\/media\/130825"}],"wp:attachment":[{"href":"http:\/\/elcuartopoder.com.mx\/nw\/wp-json\/wp\/v2\/media?parent=130824"}],"wp:term":[{"taxonomy":"category","embeddable":true,"href":"http:\/\/elcuartopoder.com.mx\/nw\/wp-json\/wp\/v2\/categories?post=130824"},{"taxonomy":"post_tag","embeddable":true,"href":"http:\/\/elcuartopoder.com.mx\/nw\/wp-json\/wp\/v2\/tags?post=130824"}],"curies":[{"name":"wp","href":"https:\/\/api.w.org\/{rel}","templated":true}]}}