{"id":130827,"date":"2024-07-16T16:29:45","date_gmt":"2024-07-16T21:29:45","guid":{"rendered":"http:\/\/elcuartopoder.com.mx\/nw\/?p=130827"},"modified":"2024-07-16T16:29:50","modified_gmt":"2024-07-16T21:29:50","slug":"senala-la-cmic-que-muertos-y-lesionados-en-la-construccion-del-tren-maya-son-consecuencia-del-incumplimiento-de-la-ley-general-de-obra-y-de-la-premura-para-terminar-el-proyecto","status":"publish","type":"post","link":"http:\/\/elcuartopoder.com.mx\/nw\/estatales\/senala-la-cmic-que-muertos-y-lesionados-en-la-construccion-del-tren-maya-son-consecuencia-del-incumplimiento-de-la-ley-general-de-obra-y-de-la-premura-para-terminar-el-proyecto\/","title":{"rendered":"Se\u00f1ala la CMIC que muertos y lesionados en la construcci\u00f3n del Tren Maya son consecuencia del incumplimiento de la Ley General de Obra y de la premura para terminar el proyecto"},"content":{"rendered":"\n<p><strong>CHETUMAL, MX.-<\/strong>&nbsp;Tras los accidentes registrados en varios tramos que se construyen del Tren Maya en Quintana Roo y que han dejado como resultado varios trabajadores lesionados e incluso algunas muertes, el presidente de la C\u00e1mara Mexicana de la Industria de la Construcci\u00f3n (CMIC), Ulises Morales Estrada, consider\u00f3 que son consecuencia de la premura con la que se pretende terminar la obra y el incumplimiento de las condiciones de seguridad establecidas en la Ley General de Obras.<\/p>\n\n\n\n<p>Explic\u00f3 que, con base en la experiencia de la construcci\u00f3n, los responsables de la obra tanto de la Secretar\u00eda de la Defensa Nacional (Sedena) como de las empresas subcontratadas no cumplen con los tiempos de espera de fraguado del concreto, la calidad en la ejecuci\u00f3n de los trabajos, entre otras circunstancias que ponen bajo latente riesgo a los trabajadores locales.<\/p>\n\n\n\n<p>La premura con la que se pretende acabar la obra seg\u00fan las proyecciones del gobierno federal ocasiona el incumplimiento de las medidas de prevenci\u00f3n y seguridad establecidas en la Ley General de Obras y en un proyecto de esta magnitud hay aspectos que no deben descuidarse, ya que los accidentes pueden evitarse simplemente con el cumplimiento de la norma, insisti\u00f3.<\/p>\n\n\n\n<figure class=\"wp-block-image\"><img decoding=\"async\" src=\"https:\/\/noticaribe.com.mx\/wp\/wp-content\/uploads\/2024\/07\/tren-mayaImagen-de-WhatsApp-2024-07-15-a-las-15.17.28_1ff3d37e.jpg\" alt=\"\" class=\"wp-image-709221\"\/><\/figure>\n\n\n\n<p>El presidente de la CMIC agreg\u00f3 que en estos momentos la obra tambi\u00e9n representa un riesgo para los automovilistas que transitan por las zonas en construcci\u00f3n por la falta de se\u00f1al\u00e9tica, l\u00ednea de vida, las condicionantes para el traslado de materiales de construcci\u00f3n por parte de los volquetes y el material que se encuentra en las carreteras. (<strong>Noticaribe<\/strong>)<\/p>\n","protected":false},"excerpt":{"rendered":"<p>CHETUMAL, MX.-&nbsp;Tras los accidentes registrados en varios tramos que se construyen del Tren Maya en Quintana Roo y que han dejado como resultado varios trabajadores lesionados e incluso algunas muertes, el presidente de la C\u00e1mara Mexicana de la Industria de la Construcci\u00f3n (CMIC), Ulises Morales Estrada, consider\u00f3 que son consecuencia de la premura con la [&hellip;]<\/p>\n","protected":false},"author":2,"featured_media":130828,"comment_status":"open","ping_status":"open","sticky":false,"template":"","format":"standard","meta":{"footnotes":""},"categories":[60],"tags":[],"class_list":["post-130827","post","type-post","status-publish","format-standard","has-post-thumbnail","hentry","category-estatales"],"_links":{"self":[{"href":"http:\/\/elcuartopoder.com.mx\/nw\/wp-json\/wp\/v2\/posts\/130827","targetHints":{"allow":["GET"]}}],"collection":[{"href":"http:\/\/elcuartopoder.com.mx\/nw\/wp-json\/wp\/v2\/posts"}],"about":[{"href":"http:\/\/elcuartopoder.com.mx\/nw\/wp-json\/wp\/v2\/types\/post"}],"author":[{"embeddable":true,"href":"http:\/\/elcuartopoder.com.mx\/nw\/wp-json\/wp\/v2\/users\/2"}],"replies":[{"embeddable":true,"href":"http:\/\/elcuartopoder.com.mx\/nw\/wp-json\/wp\/v2\/comments?post=130827"}],"version-history":[{"count":1,"href":"http:\/\/elcuartopoder.com.mx\/nw\/wp-json\/wp\/v2\/posts\/130827\/revisions"}],"predecessor-version":[{"id":130829,"href":"http:\/\/elcuartopoder.com.mx\/nw\/wp-json\/wp\/v2\/posts\/130827\/revisions\/130829"}],"wp:featuredmedia":[{"embeddable":true,"href":"http:\/\/elcuartopoder.com.mx\/nw\/wp-json\/wp\/v2\/media\/130828"}],"wp:attachment":[{"href":"http:\/\/elcuartopoder.com.mx\/nw\/wp-json\/wp\/v2\/media?parent=130827"}],"wp:term":[{"taxonomy":"category","embeddable":true,"href":"http:\/\/elcuartopoder.com.mx\/nw\/wp-json\/wp\/v2\/categories?post=130827"},{"taxonomy":"post_tag","embeddable":true,"href":"http:\/\/elcuartopoder.com.mx\/nw\/wp-json\/wp\/v2\/tags?post=130827"}],"curies":[{"name":"wp","href":"https:\/\/api.w.org\/{rel}","templated":true}]}}