{"id":130834,"date":"2024-07-16T16:36:36","date_gmt":"2024-07-16T21:36:36","guid":{"rendered":"http:\/\/elcuartopoder.com.mx\/nw\/?p=130834"},"modified":"2024-07-16T16:36:41","modified_gmt":"2024-07-16T21:36:41","slug":"las-situaciones-personales-de-morata-siempre-en-el-foco","status":"publish","type":"post","link":"http:\/\/elcuartopoder.com.mx\/nw\/entretenimiento\/deportes\/las-situaciones-personales-de-morata-siempre-en-el-foco\/","title":{"rendered":"Las situaciones personales de Morata, siempre en el foco"},"content":{"rendered":"\n<p>Hay dos Moratas en una sola persona, dos almas que conviven en el mismo cuerpo y que se manifiestan al exterior cada vez que hablan en p\u00fablico compa\u00f1eros, entrenadores o el propio protagonista. As\u00ed se ha reflejado durante\u00a0la Eurocopa en Alemania,\u00a0en particular en Donuaeschingen, la buc\u00f3lica residencia en la Selva Negra que qued\u00f3 atr\u00e1s para siempre en el recuerdo. Uno es un ejemplo como capit\u00e1n y compa\u00f1ero, seg\u00fan cuentan los jugadores que con \u00e9l conviven. La otra versi\u00f3n es la queja, el complejo de persecuci\u00f3n de alguien con la piel fina y ya muchos a\u00f1os en la jarana del f\u00fatbol.<\/p>\n\n\n\n<p>Morata ha establecido tres momentos en la Eurocopa como altavoz de sus cuitas en un entorno en el que han escaseado las situaciones personales o los planes de futuro mostrados al aire. Lo dijo Mikel Merino, el protagonista del gol decisivo ante Alemania. \u00abAqu\u00ed se trata de&nbsp;<strong>no poner caritas c<\/strong>uando no te toca jugar\u00bb, asegur\u00f3 el centrocampista de la Real Sociedad.<\/p>\n\n\n\n<p>Morata, sin embargo, se ha valido de los medios de comunicaci\u00f3n para lanzar sus mensajes. \u00abMis hijos no entienden por qu\u00e9 hay mucha gente que tiene mucha\u00a0<strong>rabia hacia su padre<\/strong>\u00bb, dijo a la Ser respecto a esa aureola de jugador pol\u00e9mico que lo acompa\u00f1a, sin que se sepa muy bien el motivo. Y ahond\u00f3 en el mercado veraniego y su posici\u00f3n en el Atl\u00e9tico.<\/p>\n\n\n\n<p>\u00abMe imagino que lo que sale en prensa es lo que han hablado ellos [en referencia a los dirigentes del club rojiblanco]. Yo no he hablado con nadie. Si leo que el Atleti quiere fichar a ocho delanteros me imagino que es porque no soy la prioridad del club. Tengo 31 a\u00f1os, no me puedo quedar en el Atleti para no jugar\u00bb.<\/p>\n\n\n\n<p>Mientras estas palabras alteraban de entrada el ambiente apacible en la selecci\u00f3n, los compa\u00f1eros de Morata elogiaban su figura de capit\u00e1n. \u00abEs muy fuerte,\u00a0<strong>tirando a lamentable.<\/strong>\u00a0Morata ha estado aqu\u00ed con nosotros muchos a\u00f1os, es el capit\u00e1n y el referente. No entiendo que no se le apoye\u00bb, dijo Dani Olmo.<\/p>\n\n\n\n<p>Mikel Merino, Cucurella, Zubimendi, Vivian, Nacho y tantos otros compa\u00f1eros han ensalzado las virtudes del jugador del Atl\u00e9tico como capit\u00e1n.&nbsp;<strong>Remiro,<\/strong>&nbsp;el portero de la Real, el \u00fanico espa\u00f1ol que no ha disputado un minuto en la Eurocopa, ha sido uno de los jugadores a los que m\u00e1s ha hablado Morata para animarlo. \u00abHa estado pendiente de m\u00ed en todo momento, hemos hablado much\u00edsimo\u00bb.<\/p>\n\n\n\n<p>Una segunda versi\u00f3n de Morata en tono lastimero se reflej\u00f3 en El Mundo, al insinuar el jugador que tal vez se podr\u00eda retirar de la selecci\u00f3n. Y en otro pasaje al margen de su retirada o no, asegur\u00f3 que en \u00abEspa\u00f1a no se respeta a nada y a nadie\u00bb.<\/p>\n\n\n\n<p>El seleccionador Luis de la Fuente, en una entrevista con ABC antes de la final ante Inglaterra, manifest\u00f3 sobre Morata y sus cuitas personales. \u00ab\u00c9l est\u00e1&nbsp;<strong>soportando ciertas cosas<\/strong>&nbsp;que llega un momento en que hay que decir ya vale, paro, lo cuento e inmediatamente llegas a la concentraci\u00f3n y te has olvidado\u00bb.<\/p>\n\n\n\n<p>El \u00faltimo foco de tinte pol\u00e9mico se produjo despu\u00e9s de la final ganada a los ingleses. En la zona mixta Morata inform\u00f3 que \u00abde no haber sido por&nbsp;<strong>Iniesta y Bojan<\/strong>&nbsp;no habr\u00eda jugado la Eurocopa\u00bb. El delantero habl\u00f3 de salud mental y sus problemas. \u00abEllos han pasado por lo que yo he pasado, y siempre est\u00e1 la luz al final del t\u00fanel\u00bb. Ambos pasaron una depresi\u00f3n. En la misma escena, con los familiares revoloteando por la zona mixta del Ol\u00edmpico, el padre de Morata descart\u00f3 que se vaya a retirar de la selecci\u00f3n.<\/p>\n\n\n\n<p>Carvajal, zorro viejo, hizo una atinada visi\u00f3n del problema en la Cope. \u00abEst\u00e1 mi cu\u00f1ado Joselu que se la suda todo, viene de Galicia de matar gallinas y en el otro extremo est\u00e1 Morata\u00bb, al tiempo que indic\u00f3 que siempre intenta ayudar a su compa\u00f1ero a restar importancia a las cr\u00edticas.<\/p>\n\n\n\n<p>Fuente: ABC<\/p>\n\n\n\n<p><a href=\"https:\/\/www.abc.es\/deportes\/futbol\/eurocopa\/imagenes-fiesta-espana-celebrar-eurocopa-20240715205905-ga.html\"><\/a><\/p>\n","protected":false},"excerpt":{"rendered":"<p>Hay dos Moratas en una sola persona, dos almas que conviven en el mismo cuerpo y que se manifiestan al exterior cada vez que hablan en p\u00fablico compa\u00f1eros, entrenadores o el propio protagonista. As\u00ed se ha reflejado durante\u00a0la Eurocopa en Alemania,\u00a0en particular en Donuaeschingen, la buc\u00f3lica residencia en la Selva Negra que qued\u00f3 atr\u00e1s para [&hellip;]<\/p>\n","protected":false},"author":2,"featured_media":130835,"comment_status":"open","ping_status":"open","sticky":false,"template":"","format":"standard","meta":{"footnotes":""},"categories":[7],"tags":[],"class_list":["post-130834","post","type-post","status-publish","format-standard","has-post-thumbnail","hentry","category-deportes"],"_links":{"self":[{"href":"http:\/\/elcuartopoder.com.mx\/nw\/wp-json\/wp\/v2\/posts\/130834","targetHints":{"allow":["GET"]}}],"collection":[{"href":"http:\/\/elcuartopoder.com.mx\/nw\/wp-json\/wp\/v2\/posts"}],"about":[{"href":"http:\/\/elcuartopoder.com.mx\/nw\/wp-json\/wp\/v2\/types\/post"}],"author":[{"embeddable":true,"href":"http:\/\/elcuartopoder.com.mx\/nw\/wp-json\/wp\/v2\/users\/2"}],"replies":[{"embeddable":true,"href":"http:\/\/elcuartopoder.com.mx\/nw\/wp-json\/wp\/v2\/comments?post=130834"}],"version-history":[{"count":1,"href":"http:\/\/elcuartopoder.com.mx\/nw\/wp-json\/wp\/v2\/posts\/130834\/revisions"}],"predecessor-version":[{"id":130836,"href":"http:\/\/elcuartopoder.com.mx\/nw\/wp-json\/wp\/v2\/posts\/130834\/revisions\/130836"}],"wp:featuredmedia":[{"embeddable":true,"href":"http:\/\/elcuartopoder.com.mx\/nw\/wp-json\/wp\/v2\/media\/130835"}],"wp:attachment":[{"href":"http:\/\/elcuartopoder.com.mx\/nw\/wp-json\/wp\/v2\/media?parent=130834"}],"wp:term":[{"taxonomy":"category","embeddable":true,"href":"http:\/\/elcuartopoder.com.mx\/nw\/wp-json\/wp\/v2\/categories?post=130834"},{"taxonomy":"post_tag","embeddable":true,"href":"http:\/\/elcuartopoder.com.mx\/nw\/wp-json\/wp\/v2\/tags?post=130834"}],"curies":[{"name":"wp","href":"https:\/\/api.w.org\/{rel}","templated":true}]}}