{"id":131411,"date":"2024-08-01T09:51:03","date_gmt":"2024-08-01T14:51:03","guid":{"rendered":"http:\/\/elcuartopoder.com.mx\/nw\/?p=131411"},"modified":"2024-08-01T09:51:08","modified_gmt":"2024-08-01T14:51:08","slug":"aumento-del-presupuesto-militar-no-reduce-delincuencia-asegura-estudio","status":"publish","type":"post","link":"http:\/\/elcuartopoder.com.mx\/nw\/varios\/aumento-del-presupuesto-militar-no-reduce-delincuencia-asegura-estudio\/","title":{"rendered":"Aumento del presupuesto militar no reduce delincuencia, asegura estudio"},"content":{"rendered":"\n<p>Un reciente informe de la organizaci\u00f3n civil Causa en Com\u00fan ha revelado que el desmesurado aumento del presupuesto a las Fuerzas Armadas en M\u00e9xico&nbsp;<strong>no se traduce en una mayor efectividad<\/strong>&nbsp;en el combate a la delincuencia.<\/p>\n\n\n\n<p>Este a\u00f1o, las Fuerzas Armadas, que incluyen a la Secretar\u00eda de la Defensa Nacional (Sedena), la Secretar\u00eda de Marina (Semar) y la Guardia Nacional (GN), ejercer\u00e1n un presupuesto conjunto de\u00a0<strong>383 mil<\/strong>\u00a0<strong>673 millones de pesos,<\/strong>\u00a0m\u00e1s transferencias directas y las empresas que administran.<\/p>\n\n\n\n<p>El estudio titulado&nbsp;<strong>\u00abObservatorio de la Guardia Nacional y la Militarizaci\u00f3n en M\u00e9xico\u00bb<\/strong>, presentado en el Senado, muestra que la Guardia Nacional, con 128 mil 233 elementos en 2022, realiz\u00f3 solo 2 mil 814 detenciones, menos que las efectuadas por la Polic\u00eda Municipal de Celaya con apenas 600 efectivos.<\/p>\n\n\n\n<p>A pesar de estos resultados,&nbsp;<strong>el presupuesto militar ha incrementado<\/strong>&nbsp;significativamente. La Sedena recibi\u00f3 este a\u00f1o 247 mil millones de pesos,&nbsp;<strong>un 121% m\u00e1s que en 2023<\/strong>, mientras que la Semar y la GN recibieron aumentos del 64% y 14 veces m\u00e1s que en 2020, respectivamente.<\/p>\n\n\n\n<p>Mar\u00eda Elena Morera, presidenta de Causa en Com\u00fan, y el senador Emilio \u00c1lvarez Icaza, criticaron la&nbsp;<strong>militarizaci\u00f3n de la seguridad p\u00fablica<\/strong>, argumentando que el verdadero prop\u00f3sito es imponer una ideolog\u00eda militar en lugar de combatir eficazmente el crimen.<\/p>\n\n\n\n<p>El informe tambi\u00e9n resalta que la GN no est\u00e1 desplegada en las zonas con mayor delincuencia, sino que se enfoca en la&nbsp;<strong>detenci\u00f3n de migrantes<\/strong>, adem\u00e1s de registrar 4 mil 12 quejas por presuntas violaciones a los derechos humanos entre enero de 2019 y marzo de 2023.<\/p>\n","protected":false},"excerpt":{"rendered":"<p>Un reciente informe de la organizaci\u00f3n civil Causa en Com\u00fan ha revelado que el desmesurado aumento del presupuesto a las Fuerzas Armadas en M\u00e9xico&nbsp;no se traduce en una mayor efectividad&nbsp;en el combate a la delincuencia. Este a\u00f1o, las Fuerzas Armadas, que incluyen a la Secretar\u00eda de la Defensa Nacional (Sedena), la Secretar\u00eda de Marina (Semar) [&hellip;]<\/p>\n","protected":false},"author":2,"featured_media":131412,"comment_status":"open","ping_status":"open","sticky":false,"template":"","format":"standard","meta":{"footnotes":""},"categories":[64],"tags":[],"class_list":["post-131411","post","type-post","status-publish","format-standard","has-post-thumbnail","hentry","category-varios"],"_links":{"self":[{"href":"http:\/\/elcuartopoder.com.mx\/nw\/wp-json\/wp\/v2\/posts\/131411","targetHints":{"allow":["GET"]}}],"collection":[{"href":"http:\/\/elcuartopoder.com.mx\/nw\/wp-json\/wp\/v2\/posts"}],"about":[{"href":"http:\/\/elcuartopoder.com.mx\/nw\/wp-json\/wp\/v2\/types\/post"}],"author":[{"embeddable":true,"href":"http:\/\/elcuartopoder.com.mx\/nw\/wp-json\/wp\/v2\/users\/2"}],"replies":[{"embeddable":true,"href":"http:\/\/elcuartopoder.com.mx\/nw\/wp-json\/wp\/v2\/comments?post=131411"}],"version-history":[{"count":1,"href":"http:\/\/elcuartopoder.com.mx\/nw\/wp-json\/wp\/v2\/posts\/131411\/revisions"}],"predecessor-version":[{"id":131413,"href":"http:\/\/elcuartopoder.com.mx\/nw\/wp-json\/wp\/v2\/posts\/131411\/revisions\/131413"}],"wp:featuredmedia":[{"embeddable":true,"href":"http:\/\/elcuartopoder.com.mx\/nw\/wp-json\/wp\/v2\/media\/131412"}],"wp:attachment":[{"href":"http:\/\/elcuartopoder.com.mx\/nw\/wp-json\/wp\/v2\/media?parent=131411"}],"wp:term":[{"taxonomy":"category","embeddable":true,"href":"http:\/\/elcuartopoder.com.mx\/nw\/wp-json\/wp\/v2\/categories?post=131411"},{"taxonomy":"post_tag","embeddable":true,"href":"http:\/\/elcuartopoder.com.mx\/nw\/wp-json\/wp\/v2\/tags?post=131411"}],"curies":[{"name":"wp","href":"https:\/\/api.w.org\/{rel}","templated":true}]}}