{"id":131447,"date":"2024-08-02T09:39:56","date_gmt":"2024-08-02T14:39:56","guid":{"rendered":"http:\/\/elcuartopoder.com.mx\/nw\/?p=131447"},"modified":"2024-08-02T09:39:58","modified_gmt":"2024-08-02T14:39:58","slug":"nada-austero-el-costo-del-perverso-control","status":"publish","type":"post","link":"http:\/\/elcuartopoder.com.mx\/nw\/opinion\/nada-austero-el-costo-del-perverso-control\/","title":{"rendered":"Nada austero el costo del perverso control"},"content":{"rendered":"\n<p>Ni austero ni necesario. Lo que es m\u00e1s, ser\u00e1 contraproducente. Se puede hablar incluso de un consenso: la reforma al Poder Judicial de L\u00f3pez Obrador tendr\u00e1 altos costos para el pa\u00eds en cualquier \u00e1mbito de la vida p\u00fablica.<\/p>\n\n\n\n<p>Otro consenso (ni siquiera los m\u00e1s fieles seguidores del presidente lo niegan en privado): el mandatario se ha ensa\u00f1ado con la rama judicial del Estado y a ello obedece su iniciativa. La venganza de un resentido a quien sus propios congregantes le temen.<\/p>\n\n\n\n<p>Pero ese llamado al \u201cresarcimiento\u201d de L\u00f3pez Obrador ha ca\u00eddo en tierra f\u00e9rtil. La necesidad de la 4t de repartir m\u00e1s cargos p\u00fablicos (no le alcanzan los de los Poderes Ejecutivo y Legislativo federales, as\u00ed como cientos de miles a nivel local) har\u00e1 que lo que podr\u00eda parecer un evento \u00fanico de descabezar al Poder Judicial contin\u00fae hasta lograr que la justicia deje de habitar en todo rinc\u00f3n de la Rep\u00fablica.<\/p>\n\n\n\n<p>Se vislumbra que, adicional y posteriormente, las generaciones de morenistas en el Poder Judicial decidir\u00e1n retorcer a\u00fan m\u00e1s la reforma y convertirse en inamovibles; que incorporen familiares y hereden los cargos. \u00bfSuena descabellado? No lo es tanto; as\u00ed sucedi\u00f3 con el PRI, las y los normalistas y el Magisterio Nacional.<\/p>\n\n\n\n<p>Queda claro \u2014y cada d\u00eda de manera m\u00e1s definida\u2014 que no se ha dise\u00f1ado la legislaci\u00f3n secundaria que acompa\u00f1ar\u00eda a la reforma mencionada. Y esto es reflejo precisamente de que esta no tiene sustento, tan solo la inquina voluntad de la Cuarta Transformaci\u00f3n y de Morena como su brazo ejecutor.<\/p>\n\n\n\n<p>L\u00f3pez Obrador actu\u00f3 como esos reyes espa\u00f1oles que tanto ha criticado( el Poder Legislativo se rindi\u00f3 a sus caprichos convirti\u00e9ndose en una caja de resonancia y lo mismo busca ocurra tras la reforma judicial.<\/p>\n\n\n\n<p>Tampoco se han pensado o calculado los costos requeridos (ni siquiera en t\u00e9rminos generales) para poner en marcha la reforma. Ricardo Monreal mencion\u00f3 en su momento la friolera cantidad de 3,500 millones de pesos, \u00fanicamente para poder realizar las elecciones de los jueces.<\/p>\n\n\n\n<p>Mas, cauta y temerosa, la mism\u00edsima consejera presidenta del INE, Guadalupe Taddei \u2014quien no acostumbra cuestionar nada que provenga de la 4t\u2014, ha aventurado decir en p\u00fablico lo que es una obviedad: las cifras que calcula Regeneraci\u00f3n Nacional no se basan en evidencia.<\/p>\n\n\n\n<p>Para abordarlo de forma correcta (y Taddei comienza a hacerlo) es menester responder primero a diversas preguntas sobre c\u00f3mo ser\u00eda con exactitud la elecci\u00f3n de los jueces. Inquietudes que esbozar\u00edan el reto de lo que significar\u00eda el poder elegirlos de manera democr\u00e1tica. Objetivo que, por cierto, no se satisface con el sorteo de juristas, magistrados y constitucionalistas v\u00eda t\u00f3mbola.<\/p>\n\n\n\n<p>Oyendo las reflexiones que plantea el cuerpo directivo del INE, pero tambi\u00e9n por parte de diversos especialistas nacionales e internacionales, se puede pensar que los presupuestos requeridos son mayores y que de no cumplirse estos, los procesos en que derivar\u00eda la reforma judicial estar\u00edan sujetos a injerencia o manipulaci\u00f3n y, por lo mismo, a una mayor indefensi\u00f3n ciudadana de la que de por s\u00ed existe.<\/p>\n\n\n\n<p>\u00bfCu\u00e1nto tiempo de campa\u00f1a tendr\u00e1n los posibles candidatos?, \u00bfqui\u00e9nes pretenden competir y cu\u00e1les son las atribuciones m\u00ednimas que deber\u00e1n tener?, \u00bfqui\u00e9n har\u00e1 la selecci\u00f3n de los posibles candidatos?, \u00bfcu\u00e1les ser\u00e1n los requisitos y lineamientos?<\/p>\n\n\n\n<p>Lo que es m\u00e1s, la reforma judicial deber\u00eda ir precedida por una reforma a las fiscal\u00edas, a la general de la Rep\u00fablica y a las estatales, para volverlas m\u00e1s eficientes, funcionales, independientes y profesionales.<\/p>\n\n\n\n<p>El costo calculado en m\u00e1s de 3,500 millones de pesos ser\u00e1 barato comparado con la p\u00e9rdida de todo elemento de autonom\u00eda de las estructuras que componen el Poder Judicial (jueces,&nbsp;proyectistas, secretarios, etc.). Perder la carrera judicial e implementar un control perverso resultar\u00e1 muy caro para todos los que vivimos en el pa\u00eds, incluyendo a los que hoy promueven las modificaciones a la ley.<\/p>\n\n\n\n<p>POR VER\u00d3NICA MALO GUZM\u00c1N<\/p>\n","protected":false},"excerpt":{"rendered":"<p>Ni austero ni necesario. Lo que es m\u00e1s, ser\u00e1 contraproducente. Se puede hablar incluso de un consenso: la reforma al Poder Judicial de L\u00f3pez Obrador tendr\u00e1 altos costos para el pa\u00eds en cualquier \u00e1mbito de la vida p\u00fablica. Otro consenso (ni siquiera los m\u00e1s fieles seguidores del presidente lo niegan en privado): el mandatario se [&hellip;]<\/p>\n","protected":false},"author":2,"featured_media":131448,"comment_status":"open","ping_status":"open","sticky":false,"template":"","format":"standard","meta":{"footnotes":""},"categories":[62],"tags":[],"class_list":["post-131447","post","type-post","status-publish","format-standard","has-post-thumbnail","hentry","category-opinion"],"_links":{"self":[{"href":"http:\/\/elcuartopoder.com.mx\/nw\/wp-json\/wp\/v2\/posts\/131447","targetHints":{"allow":["GET"]}}],"collection":[{"href":"http:\/\/elcuartopoder.com.mx\/nw\/wp-json\/wp\/v2\/posts"}],"about":[{"href":"http:\/\/elcuartopoder.com.mx\/nw\/wp-json\/wp\/v2\/types\/post"}],"author":[{"embeddable":true,"href":"http:\/\/elcuartopoder.com.mx\/nw\/wp-json\/wp\/v2\/users\/2"}],"replies":[{"embeddable":true,"href":"http:\/\/elcuartopoder.com.mx\/nw\/wp-json\/wp\/v2\/comments?post=131447"}],"version-history":[{"count":1,"href":"http:\/\/elcuartopoder.com.mx\/nw\/wp-json\/wp\/v2\/posts\/131447\/revisions"}],"predecessor-version":[{"id":131449,"href":"http:\/\/elcuartopoder.com.mx\/nw\/wp-json\/wp\/v2\/posts\/131447\/revisions\/131449"}],"wp:featuredmedia":[{"embeddable":true,"href":"http:\/\/elcuartopoder.com.mx\/nw\/wp-json\/wp\/v2\/media\/131448"}],"wp:attachment":[{"href":"http:\/\/elcuartopoder.com.mx\/nw\/wp-json\/wp\/v2\/media?parent=131447"}],"wp:term":[{"taxonomy":"category","embeddable":true,"href":"http:\/\/elcuartopoder.com.mx\/nw\/wp-json\/wp\/v2\/categories?post=131447"},{"taxonomy":"post_tag","embeddable":true,"href":"http:\/\/elcuartopoder.com.mx\/nw\/wp-json\/wp\/v2\/tags?post=131447"}],"curies":[{"name":"wp","href":"https:\/\/api.w.org\/{rel}","templated":true}]}}