{"id":131585,"date":"2024-08-07T10:15:53","date_gmt":"2024-08-07T15:15:53","guid":{"rendered":"http:\/\/elcuartopoder.com.mx\/nw\/?p=131585"},"modified":"2024-08-07T10:15:56","modified_gmt":"2024-08-07T15:15:56","slug":"amplian-plazo-para-inscripcion-del-premio-al-merito-juvenil","status":"publish","type":"post","link":"http:\/\/elcuartopoder.com.mx\/nw\/municipales\/amplian-plazo-para-inscripcion-del-premio-al-merito-juvenil\/","title":{"rendered":"AMPL\u00cdAN PLAZO PARA INSCRIPCI\u00d3N DEL PREMIO AL M\u00c9RITO JUVENIL"},"content":{"rendered":"\n<p class=\"wp-block-paragraph\"><strong>Canc\u00fan, Q. Roo.-<\/strong>\u00a0El gobierno de Benito Ju\u00e1rez, a trav\u00e9s del Instituto Municipal de la Juventud (IMJUVE), ampli\u00f3 el cierre de la convocatoria del Premio al M\u00e9rito Juvenil \u201cReconocerte Joven\u201d hasta el martes 13 de agosto, esto para que m\u00e1s cancunenses de entre 12 a 29 a\u00f1os puedan sumarse.<\/p>\n\n\n\n<p class=\"wp-block-paragraph\">Para poder registrarse las y los interesados tendr\u00e1n que cumplir con los siguientes requisitos: residir en el Municipio de Benito Ju\u00e1rez; no desempe\u00f1arse como servidor p\u00fablico de la Administraci\u00f3n P\u00fablica a nivel Federal, Estatal o Municipal y haber realizado acciones relativas a \u201cCiencia y Tecnolog\u00eda\u201d, \u201cResponsabilidad Ambiental y Animal\u201d, \u201cFomento a la Cultura y a las Artes\u201d, \u201cG\u00e9nero y Diversidad Sexual\u201d, \u201cAcci\u00f3n Social y C\u00edvica\u201d, \u201cEmprendimiento\u201d e \u201cInclusi\u00f3n\u201d.<\/p>\n\n\n\n<p class=\"wp-block-paragraph\">Adem\u00e1s, tienen que enviar la siguiente informaci\u00f3n de manera digital al correo electr\u00f3nico&nbsp;<a href=\"mailto:imjuvebj@gmail.com\" target=\"_blank\" rel=\"noreferrer noopener\">imjuvebj@gmail.com<\/a>: Acta de nacimiento, Clave \u00danica de Registro de Poblaci\u00f3n (CURP), comprobante de domicilio no mayor a tres meses, Constancia de Situaci\u00f3n Fiscal, INE, llenado de estudio socioecon\u00f3mico, carta de postulaci\u00f3n de su labor en formato PDF de m\u00e1ximo de cuatro cuartillas y un video explicativo de la labor, de su proyecto o acci\u00f3n con duraci\u00f3n m\u00ednima de 3 minutos y como l\u00edmite de 5 minutos.<\/p>\n\n\n\n<p class=\"wp-block-paragraph\">La ceremonia de premiaci\u00f3n se realizar\u00e1 el 20 de agosto en el Teatro de Octubre, ubicado en la avenida Chich\u00e9n Itz\u00e1 con avenida Tulum, donde se anunciar\u00e1n los ganadores y se les entregar\u00e1 un premio econ\u00f3mico y su respectivo reconocimiento.<\/p>\n\n\n\n<p class=\"wp-block-paragraph\">Para mayor informaci\u00f3n de la convocatoria los j\u00f3venes pueden ingresar al siguiente link:&nbsp;<a href=\"https:\/\/linktr.ee\/imjuvecancun\" target=\"_blank\" rel=\"noreferrer noopener\">https:\/\/linktr.ee\/imjuvecancun<\/a>&nbsp;o bien acudir de lunes a viernes de 9:00 a 16:00 horas a las oficinas de la dependencia ubicada sobre la avenida Carlos Nader, al interior del Edificio Plaza Centro.<\/p>\n","protected":false},"excerpt":{"rendered":"<p>Canc\u00fan, Q. Roo.-\u00a0El gobierno de Benito Ju\u00e1rez, a trav\u00e9s del Instituto Municipal de la Juventud (IMJUVE), ampli\u00f3 el cierre de la convocatoria del Premio al M\u00e9rito Juvenil \u201cReconocerte Joven\u201d hasta el martes 13 de agosto, esto para que m\u00e1s cancunenses de entre 12 a 29 a\u00f1os puedan sumarse. Para poder registrarse las y los interesados [&hellip;]<\/p>\n","protected":false},"author":2,"featured_media":131586,"comment_status":"open","ping_status":"open","sticky":false,"template":"","format":"standard","meta":{"footnotes":""},"categories":[6],"tags":[],"class_list":["post-131585","post","type-post","status-publish","format-standard","has-post-thumbnail","hentry","category-municipales"],"_links":{"self":[{"href":"http:\/\/elcuartopoder.com.mx\/nw\/wp-json\/wp\/v2\/posts\/131585","targetHints":{"allow":["GET"]}}],"collection":[{"href":"http:\/\/elcuartopoder.com.mx\/nw\/wp-json\/wp\/v2\/posts"}],"about":[{"href":"http:\/\/elcuartopoder.com.mx\/nw\/wp-json\/wp\/v2\/types\/post"}],"author":[{"embeddable":true,"href":"http:\/\/elcuartopoder.com.mx\/nw\/wp-json\/wp\/v2\/users\/2"}],"replies":[{"embeddable":true,"href":"http:\/\/elcuartopoder.com.mx\/nw\/wp-json\/wp\/v2\/comments?post=131585"}],"version-history":[{"count":1,"href":"http:\/\/elcuartopoder.com.mx\/nw\/wp-json\/wp\/v2\/posts\/131585\/revisions"}],"predecessor-version":[{"id":131587,"href":"http:\/\/elcuartopoder.com.mx\/nw\/wp-json\/wp\/v2\/posts\/131585\/revisions\/131587"}],"wp:featuredmedia":[{"embeddable":true,"href":"http:\/\/elcuartopoder.com.mx\/nw\/wp-json\/wp\/v2\/media\/131586"}],"wp:attachment":[{"href":"http:\/\/elcuartopoder.com.mx\/nw\/wp-json\/wp\/v2\/media?parent=131585"}],"wp:term":[{"taxonomy":"category","embeddable":true,"href":"http:\/\/elcuartopoder.com.mx\/nw\/wp-json\/wp\/v2\/categories?post=131585"},{"taxonomy":"post_tag","embeddable":true,"href":"http:\/\/elcuartopoder.com.mx\/nw\/wp-json\/wp\/v2\/tags?post=131585"}],"curies":[{"name":"wp","href":"https:\/\/api.w.org\/{rel}","templated":true}]}}