{"id":131588,"date":"2024-08-07T10:18:09","date_gmt":"2024-08-07T15:18:09","guid":{"rendered":"http:\/\/elcuartopoder.com.mx\/nw\/?p=131588"},"modified":"2024-08-07T10:18:12","modified_gmt":"2024-08-07T15:18:12","slug":"emma-coronel-detalla-como-es-su-relacion-actual-con-el-chapo-en-la-carcel-el-amor-sigue","status":"publish","type":"post","link":"http:\/\/elcuartopoder.com.mx\/nw\/varios\/emma-coronel-detalla-como-es-su-relacion-actual-con-el-chapo-en-la-carcel-el-amor-sigue\/","title":{"rendered":"Emma Coronel detalla c\u00f3mo es su relaci\u00f3n actual con \u00abEl Chapo\u00bb en la c\u00e1rcel: \u00abel amor sigue\u00bb"},"content":{"rendered":"\n<p class=\"wp-block-paragraph\"><strong>Emma Coronel\u00a0Aispuro<\/strong>\u00a0rompi\u00f3 el silencio, por primera vez, desde que sali\u00f3 de la c\u00e1rcel y dio a conocer\u00a0nuevos detalles sobre c\u00f3mo es su\u00a0<strong>relaci\u00f3n sentimental\u00a0<\/strong>\u00a0con\u00a0<strong>Joaqu\u00edn Guzm\u00e1n Loera<\/strong>, alias \u00ab<strong>El Chapo<\/strong>\u00ab. En entrevista con un canal de noticias estadounidense, la modelo platic\u00f3 sobre la nueva vida que pretende llevar en libertad y los nuevos proyectos que tiene para el futuro, en los que resaltan nuevos\u00a0negocios\u00a0que pretende emprender lejos de su esposo.<\/p>\n\n\n\n<p class=\"wp-block-paragraph\">Fue ante las c\u00e1maras de Despierta America que\u00a0<strong>Emma Coronel<\/strong>\u00a0cont\u00f3 c\u00f3mo ha sido su vida desde que\u00a0sali\u00f3 de prisi\u00f3n, el pasado 13 de septiembre de 2023; en exclusiva, la\u00a0<strong>esposa<\/strong>\u00a0de \u00ab<strong>El Chapo<\/strong>\u00bb detall\u00f3 que actualmente est\u00e1 trabajando como modelo y ha participado en sesiones fotogr\u00e1ficas y videos musicales, agreg\u00f3 que &#8211; sumado a su empleo- espera consolidarse como empresaria de\u00a0un nuevo negocio, del cual no quiso dar muchos detalles, ya que a\u00fan no sea consolidado.\u00a0\u00a0<\/p>\n\n\n\n<h2 class=\"wp-block-heading\">\u00bfC\u00f3mo es la relaci\u00f3n entre \u00abEl Chapo\u00bb y Emma Coronel?<\/h2>\n\n\n\n<figure class=\"wp-block-image\"><img decoding=\"async\" src=\"https:\/\/heraldodemexico.com.mx\/u\/fotografias\/m\/2023\/9\/13\/f768x1-802260_802387_5019.jpg\" alt=\"\"\/><figcaption>Al ser cuestionada sobre su esposo, Coronel asegur\u00f3 que llevan tiempo alejados. Foto: archivo.&nbsp;<\/figcaption><\/figure>\n\n\n\n<p class=\"wp-block-paragraph\">Durante la entrevista,<strong>&nbsp;Emma Coronel<\/strong>&nbsp;tambi\u00e9n fue cuestionada sobre la&nbsp;<strong>relaci\u00f3n sentimental<\/strong>&nbsp;que actualmente mantiene con el ex l\u00edder del C\u00e1rtel de Sinaloa, \u00ab<strong>El Chapo<\/strong>\u00ab, pero no quiso profundizar en el tema y \u00fanicamente confirm\u00f3 que lleva&nbsp;siete a\u00f1os sin poder ver a su&nbsp;<a href=\"https:\/\/heraldodemexico.com.mx\/estilo-de-vida\/2024\/4\/1\/emma-coronel-presume-su-libertad-con-una-foto-al-natural-ya-sin-el-chapo-guzman-590478.html\">esposo<\/a>, quien permanece recluido en la prisi\u00f3n de m\u00e1xima seguridad&nbsp;ADX Florence: \u00abyo y \u00e9l no podemos tener contacto\u00bb, dijo la modelo al hablar sobre c\u00f3mo es su matrimonio con&nbsp;<strong>Guzm\u00e1n Loera<\/strong>.&nbsp;&nbsp;<\/p>\n\n\n\n<p class=\"wp-block-paragraph\">No obstante,&nbsp;<strong>Emma Coronel<\/strong>&nbsp;asegur\u00f3 que el&nbsp;<strong>amor<\/strong>&nbsp;que siente por \u00ab<strong>El Chapo<\/strong>\u00bb contin\u00faa vigente y eso no va a cambiar:&nbsp;\u00abel&nbsp;<strong>amor<\/strong>&nbsp;siempre va a seguir\u00bb, dijo la modelo en la&nbsp;<a href=\"https:\/\/heraldodemexico.com.mx\/nacional\/2024\/5\/14\/emma-coronel-sorprende-en-redes-sociales-con-nuevo-vestido-por-el-dia-de-las-madres-602824.html\">entrevista<\/a>. De igual manera, asegur\u00f3 que en los \u00faltimos 10 a\u00f1os de su vida ha aprendido grandes lecciones: \u00absoy una mujer, no nueva, si no la misma mujer, pero con pensamientos nuevos, metas nuevas, ganas de vivir, con&nbsp;mucha tranquilidad,&nbsp;ansiosa de trabajar y hacer cosas bien\u00bb, coment\u00f3 al describirse a s\u00ed misma.&nbsp;<\/p>\n\n\n\n<h2 class=\"wp-block-heading\">Emma Coronel protagoniza su propio corrido: \u00abLa Se\u00f1ora\u00bb<\/h2>\n\n\n\n<figure class=\"wp-block-image\"><img decoding=\"async\" src=\"https:\/\/heraldodemexico.com.mx\/u\/fotografias\/m\/2024\/8\/5\/f768x1-988653_988780_5050.png\" alt=\"\"\/><figcaption>Emma Coronel tendr\u00e1 su propio corrido. Foto: @marielcolonmiroesq.<\/figcaption><\/figure>\n\n\n\n<p class=\"wp-block-paragraph\"><strong>Coronel&nbsp;Aispuro<\/strong>&nbsp;tambi\u00e9n revel\u00f3 que ya consigui\u00f3 su primer trabajo como modelo, esto tras salir de la c\u00e1rcel. La&nbsp;<strong>esposa de \u00abEl Chapo\u00bb&nbsp;<\/strong>adelant\u00f3 que ser\u00e1 la protagonista en el video musical de la canci\u00f3n \u00abLa Se\u00f1ora\u00bb, un tema interpretado por&nbsp;&nbsp;Mariel Col\u00f3n,&nbsp;abogada&nbsp;y amiga cercana de&nbsp;<strong>Guzm\u00e1n Loera<\/strong>&nbsp;y&nbsp;<strong>Emma Coronel<\/strong>.&nbsp;<\/p>\n\n\n\n<p class=\"wp-block-paragraph\">Aunque&nbsp;<strong>Emma Coronel<\/strong>&nbsp;no revel\u00f3 cu\u00e1ndo se estrenar\u00e1 el video musical que protagoniza, s\u00ed adelant\u00f3 que la canci\u00f3n fue escrita para ella y que relatar\u00e1 algunas de sus vivencias y los momentos m\u00e1s dif\u00edciles que tuvo que enfrentar al estar recluida en una prisi\u00f3n de Estados Unidos. Adem\u00e1s, confirm\u00f3 que est\u00e1 iniciando un nuevo negocio, con el que pretende lanzarse como empresaria y mantener a su familia.&nbsp;<\/p>\n","protected":false},"excerpt":{"rendered":"<p>Emma Coronel\u00a0Aispuro\u00a0rompi\u00f3 el silencio, por primera vez, desde que sali\u00f3 de la c\u00e1rcel y dio a conocer\u00a0nuevos detalles sobre c\u00f3mo es su\u00a0relaci\u00f3n sentimental\u00a0\u00a0con\u00a0Joaqu\u00edn Guzm\u00e1n Loera, alias \u00abEl Chapo\u00ab. En entrevista con un canal de noticias estadounidense, la modelo platic\u00f3 sobre la nueva vida que pretende llevar en libertad y los nuevos proyectos que tiene para [&hellip;]<\/p>\n","protected":false},"author":2,"featured_media":131589,"comment_status":"open","ping_status":"open","sticky":false,"template":"","format":"standard","meta":{"footnotes":""},"categories":[64],"tags":[],"class_list":["post-131588","post","type-post","status-publish","format-standard","has-post-thumbnail","hentry","category-varios"],"_links":{"self":[{"href":"http:\/\/elcuartopoder.com.mx\/nw\/wp-json\/wp\/v2\/posts\/131588","targetHints":{"allow":["GET"]}}],"collection":[{"href":"http:\/\/elcuartopoder.com.mx\/nw\/wp-json\/wp\/v2\/posts"}],"about":[{"href":"http:\/\/elcuartopoder.com.mx\/nw\/wp-json\/wp\/v2\/types\/post"}],"author":[{"embeddable":true,"href":"http:\/\/elcuartopoder.com.mx\/nw\/wp-json\/wp\/v2\/users\/2"}],"replies":[{"embeddable":true,"href":"http:\/\/elcuartopoder.com.mx\/nw\/wp-json\/wp\/v2\/comments?post=131588"}],"version-history":[{"count":1,"href":"http:\/\/elcuartopoder.com.mx\/nw\/wp-json\/wp\/v2\/posts\/131588\/revisions"}],"predecessor-version":[{"id":131590,"href":"http:\/\/elcuartopoder.com.mx\/nw\/wp-json\/wp\/v2\/posts\/131588\/revisions\/131590"}],"wp:featuredmedia":[{"embeddable":true,"href":"http:\/\/elcuartopoder.com.mx\/nw\/wp-json\/wp\/v2\/media\/131589"}],"wp:attachment":[{"href":"http:\/\/elcuartopoder.com.mx\/nw\/wp-json\/wp\/v2\/media?parent=131588"}],"wp:term":[{"taxonomy":"category","embeddable":true,"href":"http:\/\/elcuartopoder.com.mx\/nw\/wp-json\/wp\/v2\/categories?post=131588"},{"taxonomy":"post_tag","embeddable":true,"href":"http:\/\/elcuartopoder.com.mx\/nw\/wp-json\/wp\/v2\/tags?post=131588"}],"curies":[{"name":"wp","href":"https:\/\/api.w.org\/{rel}","templated":true}]}}