{"id":131601,"date":"2024-08-07T13:57:26","date_gmt":"2024-08-07T18:57:26","guid":{"rendered":"http:\/\/elcuartopoder.com.mx\/nw\/?p=131601"},"modified":"2024-08-07T13:57:30","modified_gmt":"2024-08-07T18:57:30","slug":"muere-de-forma-repentina-un-culturista-brasileno-mientras-competia","status":"publish","type":"post","link":"http:\/\/elcuartopoder.com.mx\/nw\/entretenimiento\/deportes\/muere-de-forma-repentina-un-culturista-brasileno-mientras-competia\/","title":{"rendered":"Muere de forma repentina un culturista brasile\u00f1o mientras compet\u00eda"},"content":{"rendered":"\n<p class=\"wp-block-paragraph\">Este 2024 no para de golpear al mundo del culturismo&nbsp;<strong>con malas noticias<\/strong>. Vuelve a te\u00f1irse de negro al conocer que el brasile\u00f1o&nbsp;<strong>Ant\u00f4nio Leso Br\u00e1s de Souza<\/strong>&nbsp;ha fallecido mientras formaba parte de una competici\u00f3n en su pa\u00eds natal.<\/p>\n\n\n\n<p class=\"wp-block-paragraph\">El culturista ha sufrido un paro cardiaco mientras compet\u00eda en el Navega\u00a0<strong>Open Championship 2024<\/strong>\u00a0en Navegantes, al suroeste de S\u00e3o Paulo. En cuanto se desplom\u00f3, la atenci\u00f3n m\u00e9dica actu\u00f3 r\u00e1pidamente, pero no pudieron mantener con vida al brasile\u00f1o. Su mujer, Yone Farias, junto con su entorno, han sido los que han confirmado las circunstancias de la muerte del deportista.<\/p>\n\n\n\n<p class=\"wp-block-paragraph\">Farias ha subido un v\u00eddeo a su red social Instagram de su marido en el que se le ve\u00eda compitiendo para dar a conocer la triste noticia. Este es el peque\u00f1o homenaje p\u00f3stumo que le ha dedicado: \u00abDescansa en paz, mi amor. Aunque la vida haya acabado,<strong>&nbsp;mi amor por ti va a ser para siempre<\/strong>\u00bb, escribi\u00f3. Su cuerpo ser\u00e1 trasladado a su ciudad, Manaus, para darle una \u00faltima despedida.<\/p>\n\n\n\n<p class=\"wp-block-paragraph\">Su prematura muerte\u00a0<strong>no es la primera de un culturista<\/strong>, pues en los \u00faltimos a\u00f1os, sobre todo este, han muerto varios igualmente j\u00f3venes, debido a los riesgos de salud que<strong>\u00a0implica forzar el cuerpo a semejantes l\u00edmites<\/strong>.<\/p>\n\n\n\n<p class=\"wp-block-paragraph\"><\/p>\n","protected":false},"excerpt":{"rendered":"<p>Este 2024 no para de golpear al mundo del culturismo&nbsp;con malas noticias. Vuelve a te\u00f1irse de negro al conocer que el brasile\u00f1o&nbsp;Ant\u00f4nio Leso Br\u00e1s de Souza&nbsp;ha fallecido mientras formaba parte de una competici\u00f3n en su pa\u00eds natal. El culturista ha sufrido un paro cardiaco mientras compet\u00eda en el Navega\u00a0Open Championship 2024\u00a0en Navegantes, al suroeste de [&hellip;]<\/p>\n","protected":false},"author":2,"featured_media":131602,"comment_status":"open","ping_status":"open","sticky":false,"template":"","format":"standard","meta":{"footnotes":""},"categories":[7],"tags":[],"class_list":["post-131601","post","type-post","status-publish","format-standard","has-post-thumbnail","hentry","category-deportes"],"_links":{"self":[{"href":"http:\/\/elcuartopoder.com.mx\/nw\/wp-json\/wp\/v2\/posts\/131601","targetHints":{"allow":["GET"]}}],"collection":[{"href":"http:\/\/elcuartopoder.com.mx\/nw\/wp-json\/wp\/v2\/posts"}],"about":[{"href":"http:\/\/elcuartopoder.com.mx\/nw\/wp-json\/wp\/v2\/types\/post"}],"author":[{"embeddable":true,"href":"http:\/\/elcuartopoder.com.mx\/nw\/wp-json\/wp\/v2\/users\/2"}],"replies":[{"embeddable":true,"href":"http:\/\/elcuartopoder.com.mx\/nw\/wp-json\/wp\/v2\/comments?post=131601"}],"version-history":[{"count":1,"href":"http:\/\/elcuartopoder.com.mx\/nw\/wp-json\/wp\/v2\/posts\/131601\/revisions"}],"predecessor-version":[{"id":131603,"href":"http:\/\/elcuartopoder.com.mx\/nw\/wp-json\/wp\/v2\/posts\/131601\/revisions\/131603"}],"wp:featuredmedia":[{"embeddable":true,"href":"http:\/\/elcuartopoder.com.mx\/nw\/wp-json\/wp\/v2\/media\/131602"}],"wp:attachment":[{"href":"http:\/\/elcuartopoder.com.mx\/nw\/wp-json\/wp\/v2\/media?parent=131601"}],"wp:term":[{"taxonomy":"category","embeddable":true,"href":"http:\/\/elcuartopoder.com.mx\/nw\/wp-json\/wp\/v2\/categories?post=131601"},{"taxonomy":"post_tag","embeddable":true,"href":"http:\/\/elcuartopoder.com.mx\/nw\/wp-json\/wp\/v2\/tags?post=131601"}],"curies":[{"name":"wp","href":"https:\/\/api.w.org\/{rel}","templated":true}]}}