{"id":131614,"date":"2024-08-07T15:21:01","date_gmt":"2024-08-07T20:21:01","guid":{"rendered":"http:\/\/elcuartopoder.com.mx\/nw\/?p=131614"},"modified":"2024-08-07T15:21:05","modified_gmt":"2024-08-07T20:21:05","slug":"el-poder-de-jalisco","status":"publish","type":"post","link":"http:\/\/elcuartopoder.com.mx\/nw\/policiacas\/el-poder-de-jalisco\/","title":{"rendered":"El poder de Jalisco"},"content":{"rendered":"\n<p>\u201cEl Mencho\u201d inici\u00f3 su carrera criminal en EU. Hoy dirige un imperio<\/p>\n\n\n\n<p><strong>\u201cEl Mencho\u201d, l\u00edder del CJNG, pas\u00f3 de ser un traficante de hero\u00edna en las calles de California de la d\u00e9cada de los 80 a, luego de ser deportado, uno de los narcotraficantes m\u00e1s buscados por las autoridades mexicanas y estadounidenses.<\/strong><\/p>\n\n\n\n<p>\u201c<strong>Nemesio Rub\u00e9n Oseguera-Cervantes<\/strong>, 17 de julio 1966, Aguililla, Michoac\u00e1n, cabello negro, ojos caf\u00e9s, nota: L\u00edder del&nbsp;<strong>C\u00e1rtel Jalisco Nueva Generaci\u00f3n\u201d.&nbsp;<\/strong>As\u00ed&nbsp;describe la<a href=\"https:\/\/www.state.gov\/nemesio-ruben-oseguera-cervantes\/\" target=\"_blank\" rel=\"noreferrer noopener\">&nbsp;ficha de la DEA<\/a>&nbsp;que ofrece 10 millones de d\u00f3lares por informaci\u00f3n para capturar a&nbsp;<strong>\u201cEl Mencho\u201d<\/strong>, el narcotraficante libre m\u00e1s poderoso de M\u00e9xico tras la reciente captura de&nbsp;<strong>Ismael \u201cEl Mayo\u201d Zambada<\/strong>, cofundador junto con&nbsp;<strong>Joaqu\u00edn \u201cEl Chapo Guzm\u00e1n\u201d<\/strong>&nbsp;del rival&nbsp;<strong>C\u00e1rtel de Sinaloa<\/strong>.<\/p>\n\n\n\n<p>El CJNG que fund\u00f3 hace 15 a\u00f1os es catalogado por autoridades y colectivos como uno de los grupos trasnacionales m\u00e1s peligrosos. Se le atribuye el&nbsp;<a href=\"https:\/\/www.jalisco.gob.mx\/es\/prensa\/noticias\/154030\" target=\"_blank\" rel=\"noreferrer noopener\">homicidio del exgobernador de Jalisco Arist\u00f3teles Sandoval<\/a>&nbsp;en diciembre de 2020, as\u00ed como el intento de asesinato de Omar Garc\u00eda Harfuch, quien ser\u00e1 el Secretario de Seguridad en el Gobierno de Claudia Shienbaum.<\/p>\n\n\n\n<blockquote class=\"wp-block-quote is-layout-flow wp-block-quote-is-layout-flow\"><p>\u201cEl C\u00e1rtel Jalisco Nueva Generaci\u00f3n hoy d\u00eda es es el c\u00e1rtel m\u00e1s poderoso de M\u00e9xico y el capo m\u00e1s sanguinario, el capo m\u00e1s relevante del que tendr\u00edamos que estar hablando hoy no ser\u00eda \u2018El Mayo\u2019, sino Nemesio Oseguera, \u2018El Mencho\u2019. Es un hombre sanguinario que le gusta la violencia, que le gusta ultrajar y acabar con sus rivales a como d\u00e9 lugar. Es un personaje que ya hab\u00eda sido involucrado en actividades de narcotr\u00e1fico desde los 90\u201d, coment\u00f3 Jos\u00e9 Luis Montenegro, conductor del podcast Mundo Narco.<\/p><\/blockquote>\n\n\n\n<p>Para H\u00e9ctor Flores Gonz\u00e1lez, del colectivo Luz de Esperanza Desaparecidos Jalisco, \u201cEl Mencho\u201d ha causado mucho dolor y terror no solo en Jalisco sino en la veintena de estados donde opera.<\/p>\n\n\n\n<blockquote class=\"wp-block-quote is-layout-flow wp-block-quote-is-layout-flow\"><p>\u201cEs un individuo que ha generado terror, incertidumbre y mucho dolor no solo en Jalisco, sino en much\u00edsimos estados de la Rep\u00fablica. Sus redes de corrupci\u00f3n han llegado hasta las m\u00e1s altas esferas del estado de Jalisco, hay una impunidad terrible y esta relaci\u00f3n del Estado, la Fiscal\u00eda y la polic\u00eda con el crimen organizado hace esta violencia irracional\u201d, dijo quien al buscar a su hijo desaparecido en mayo de 2021 ha visto decenas de fosas clandestinas con cuerpos desmembrados.<\/p><\/blockquote>\n\n\n\n<p>La&nbsp;<a href=\"https:\/\/web.archive.org\/web\/20170713011422\/http:\/\/www.rollingstone.com\/culture\/features\/the-brutal-rise-of-el-mencho-w491405\" target=\"_blank\" rel=\"noreferrer noopener\">revista&nbsp;<em>The Rolling Stone<\/em><\/a>&nbsp;public\u00f3 en 2017 el fragmento de una conversaci\u00f3n telef\u00f3nica entre un polic\u00eda de Jalisco y supuestamente \u201cEl Mencho\u201d que da una prueba de su temperamento:<\/p>\n\n\n\n<p>\u2013\u00bfDelta Uno? \u2013pregunt\u00f3 \u201cEl Mencho\u201d a un polic\u00eda local.<\/p>\n\n\n\n<p>\u2013S\u00ed, \u00bfqui\u00e9n habla?<\/p>\n\n\n\n<blockquote class=\"wp-block-quote is-layout-flow wp-block-quote-is-layout-flow\"><p>\u2013Escucha, hijo de puta. Este es \u2018Mencho\u2019. Diles a tus muchachos que retrocedan o los chingar\u00e9 en serio. Matar\u00e9 hasta a tus putos perros, hijo de puta.<\/p><\/blockquote>\n\n\n\n<p>\u2013S\u00ed, se\u00f1or. Les dir\u00e9 que se retiren\u2013 respondi\u00f3 el comandante.<\/p>\n\n\n\n<p>\u2013No me cuelgues, hijo de puta. S\u00e9 d\u00f3nde est\u00e1s: acabas de estar en Chapala\u2026<\/p>\n\n\n\n<p>Adem\u00e1s, se le conoce por su afici\u00f3n a las peleas de gallos, prohibidas en algunas entidades como Veracruz por ser maltrato y sufrimiento innecesario para los animales. Tambi\u00e9n gusta de la banda regional, g\u00e9nero donde varios grupos le han dedicado narcocorridos. En un reciente evento p\u00fablico se celebr\u00f3 en Tonaya, Jalisco, su cumplea\u00f1os 58 entre cabalgatas, mariachis y mucha m\u00fasica de regional mexicano.<\/p>\n\n\n\n<blockquote class=\"wp-block-quote is-layout-flow wp-block-quote-is-layout-flow\"><p>\u201cEspecialmente para el se\u00f1or, donde quiera que se encuentre\u201d,&nbsp;<a href=\"https:\/\/www.facebook.com\/AguasConElToroRaza\/videos\/750007957107014\" target=\"_blank\" rel=\"noreferrer noopener\">dijo un cantante de mariachis<\/a>&nbsp;tras entonar Las Ma\u00f1anitas en la fiesta del 17 de julio. Ya por la noche, el vocalista del grupo principal El Laberinto dijo: \u201cVamos a comenzar con un peque\u00f1o homenaje con las ma\u00f1anitas para \u2018El Se\u00f1or de los Gallos\u2019\u201d.<\/p><\/blockquote>\n\n\n\n<p>En contraste a esa festividad a los ojos de las autoridades mexicanas, \u201cEl Mayo\u201d Zambada fue capturado en Texas, Estados Unidos, una semana despu\u00e9s. Con los dos fundadores del C\u00e1rtel de Sinaloa detenidos, ahora \u201cEl Mencho\u201d es uno de los capos m\u00e1s buscados por el gobierno mexicano y estadounidense, al igual que&nbsp; \u201cLos Chapitos\u201d Iv\u00e1n Archivaldo y Alfredo Guzm\u00e1n.<\/p>\n\n\n\n<figure class=\"wp-block-image\" id=\"attachment_3803970\"><img decoding=\"async\" src=\"https:\/\/i1.wp.com\/www.sinembargo.mx\/wp-content\/uploads\/2020\/06\/el-mencho.jpg?resize=700%2C369&amp;quality=80&amp;strip=all&amp;ssl=1\" alt=\"\" class=\"wp-image-3803970\"\/><figcaption>Nemesio Oseguera-Cervantes con su hija Jessica y Rub\u00e9n, entonces menores de edad. Foto: Especial.<\/figcaption><\/figure>\n\n\n\n<p>Entre las pocas fotograf\u00edas p\u00fablicas que hay de Nemesio, ya desactualizadas, resalta en las que se le ve muy joven detenido en San Francisco en 1986 y 1989 con una sudadera azul y una chamarra jeans, respectivamente, as\u00ed como una imagen donde se le observa sentado en una mesa abrazando a sus entonces peque\u00f1os hijos Rub\u00e9n y Jessica. La m\u00e1s conocida es una foto de la DEA donde porta playera blanca y bigote. En esa ficha de b\u00fasqueda se dimensiona su poder:<\/p>\n\n\n\n<blockquote class=\"wp-block-quote is-layout-flow wp-block-quote-is-layout-flow\"><p>\u201cOseguera-Cervantes lleg\u00f3 al poder alrededor de 2009 cuando el l\u00edder del C\u00e1rtel del Milenio (El Lobo Valencia) comenz\u00f3 a perder poder. Aprovech\u00f3 esta pausa en el liderazgo y se uni\u00f3 a Los Cuinis para luchar contra la competencia por el control de las redes de distribuci\u00f3n de drogas en Jalisco, Nayarit y Colima (\u2026) Oseguera-Cervantes supuestamente ha hecho crecer al CJNG, de una organizaci\u00f3n de narcotr\u00e1fico con base regional, a una potencia del crimen organizado internacional, involucrada en la producci\u00f3n y distribuci\u00f3n de drogas en todo el mundo\u201d.<\/p><\/blockquote>\n\n\n\n<p>Ante los rumores de su supuesta muerte al haber reportes de que padece una enfermedad renal que le demanda di\u00e1lisis constantes, en marzo de este 2024 se public\u00f3 la canci\u00f3n de banda regional \u201cMe pongo belikon\u201d que comienza asegurando: \u201cAl mill\u00f3n sigo con mi gente \/ cuatro letras son las que ahora me dan respaldo\u201d. Posteriormente se dice: \u201cGracias a mi Dios es que todav\u00eda sigo en el camino\u201d.<\/p>\n\n\n\n<p>El relevo natural en la jefatura del CJNG, que domina casi todos los estados de M\u00e9xico y opera en Am\u00e9rica, Europa, Asia y \u00c1frica, ser\u00eda su hijo Rub\u00e9n Oseguera Gonz\u00e1lez, \u201cEl Menchito\u201d, pero est\u00e1 preso en Estados Unidos.<\/p>\n\n\n\n<blockquote class=\"wp-block-quote is-layout-flow wp-block-quote-is-layout-flow\"><p>\u201cHay pocas opciones para el C\u00e1rtel Jalisco. Ya lo refer\u00eda Ricardo Ravelo en su libro&nbsp;<em>El Amo de Jalisco:<\/em>&nbsp;hay varias escisiones del mismo grupo que pueden surgir a ra\u00edz de la captura de \u2018El Mencho\u2019 o tambi\u00e9n se habla de que este personaje ya muri\u00f3 desde hace tiempo y solamente se opera bajo su nombre\u201d, dijo Jos\u00e9 Luis Montenegro, autor de Los Chapitos (<em>Aguilar<\/em>, 2024) y el podcast Mundo Narco.<\/p><\/blockquote>\n\n\n\n<p>Uno de los grupos que busca afanosamente el liderazgo del CJNG est\u00e1 encabezado por Juan Carlos Valencia, \u2018El O3\u2019, escribi\u00f3 el columnista de&nbsp;<strong>SinEmbargo<\/strong>&nbsp;Ricardo Ravelo, quien se especializa en temas del narcotr\u00e1fico.<\/p>\n\n\n\n<p>Este personaje se ostenta como hijo de Oseguera Cervantes. Opera en Michoac\u00e1n y quienes lo conocen aseguran que ya se erige como el relevo natural de \u201cEl Mencho\u201d.&nbsp;El otro podr\u00eda ser \u201cLa Garra\u201d, conocido por sus sanguinarios m\u00e9todos para ejercer intimidaci\u00f3n; se caracteriza por decapitar a sus v\u00edctimas y, en el peor de los casos, suele descuartizarlos y exhibirlos a trav\u00e9s de las redes sociales.<\/p>\n\n\n\n<p><strong>DEPORTADO DE EU<\/strong><\/p>\n\n\n\n<p>Nemesio Oseguera-Cervantes ya estuvo detenido en Estados Unidos en tres ocasiones, pero las autoridades lo deportaron. La situaci\u00f3n de pobreza de su familia agricultora lo orill\u00f3 a dejar la primaria trunca y ya como adolescente fue un migrante m\u00e1s en b\u00fasqueda de una situaci\u00f3n econ\u00f3mica mejor a la que ten\u00eda entre huertas de aguacate en su natal Michoac\u00e1n.<\/p>\n\n\n\n<p>Ya en Estados Unidos, donde se juntaba con pandillas de la zona, comenz\u00f3 a delinquir. En la d\u00e9cada de los ochenta fue detenido por posesi\u00f3n de arma (1986) y luego fue capturado con su hermano Abraham \u201cEl Rodo\u201d por tr\u00e1fico de drogas (1989) en California, document\u00f3 la cadena&nbsp;<em>Univisi\u00f3n<\/em>&nbsp;con base en documentos de la corte. Fotograf\u00edas policiacas lo muestran a sus 19-23 a\u00f1os con cabello abundante, sin bigote y sonrisa ir\u00f3nica.<\/p>\n\n\n\n<p>En 1992, tras ser deportado y haber regresado a EU, volvi\u00f3 a ser aprehendido por venta de hero\u00edna. All\u00e1, con su cu\u00f1ado Abigael Gonz\u00e1lez Valencia, de Los Cuinis, hab\u00eda laborado en el negocio de la metanfetamina. Nemesio fue sentenciado a cinco a\u00f1os en una prisi\u00f3n de Texas que albergaba principalmente a migrantes indocumentados. En enero de 1997, fue puesto en libertad condicional.<\/p>\n\n\n\n<figure class=\"wp-block-image\" id=\"attachment_3817268\"><img decoding=\"async\" src=\"https:\/\/i1.wp.com\/www.sinembargo.mx\/wp-content\/uploads\/2020\/07\/06e59cd4-7ebd-437b-a7f2-22e2b9e574e0.jpg?resize=700%2C369&amp;quality=80&amp;strip=all&amp;ssl=1\" alt=\"\" class=\"wp-image-3817268\"\/><figcaption>\u201cEl Mencho\u201d de 19 a\u00f1os detenido en 1986 en California por posesi\u00f3n de arma. Foto: Especial.<\/figcaption><\/figure>\n\n\n\n<p>Deportado de nuevo a M\u00e9xico, ya a sus 30 a\u00f1os, \u201cEl Mencho\u201d fue polic\u00eda en Tomatl\u00e1n, Jalisco. Finalmente se form\u00f3 como sicario en el C\u00e1rtel de Milenio, liderado por su paisano michoacano \u00d3scar \u201cEl Lobo\u201d Valencia. En ese momento era aliado del C\u00e1rtel de Sinaloa, encabezado por Ignacio Coronel. En el juicio contra Genaro Garc\u00eda Luna, declarado culpable de nexos con el c\u00e1rtel de Sinaloa, \u201cEl Lobo\u201d fue uno de los testigos.<\/p>\n\n\n\n<p>Insight Crime, una organizaci\u00f3n internacional que investiga al crimen organizado,&nbsp;<a href=\"https:\/\/insightcrime.org\/es\/noticias-crimen-organizado-mexico\/cartel-jalisco-nueva-generacion-cjng\/\" target=\"_blank\" rel=\"noreferrer noopener\">ha documentado<\/a>&nbsp;que tras el asesinato de \u201cNacho\u201d Coronel&nbsp; y la captura de \u201cEl Lobo\u201d Valencia en 2009, \u201cEl Mencho\u201d aprovech\u00f3 para fundar el C\u00e1rtel Jalisco Nueva Generaci\u00f3n, antes conocidos como los Matazetas por la masacre en Boca del R\u00edo, Veracruz, donde dejaron cad\u00e1veres frente a un centro comercial como mensaje para Los Zetas.<\/p>\n\n\n\n<blockquote class=\"wp-block-quote is-layout-flow wp-block-quote-is-layout-flow\"><p>\u201cAl momento de la muerte de \u2018Nacho Coronel\u2019, \u2018El Lobo\u2019 hab\u00eda sido capturado y el C\u00e1rtel del Milenio hab\u00eda sufrido una serie de fracturas internas, dividi\u00e9ndose en dos facciones: \u2018La Resistencia\u2019 y \u2018Los Torcidos\u2019. \u2018La Resistencia\u2019 acusaba a los \u00faltimos de haber entregado a \u2018El Lobo\u2019 a las autoridades. En el vac\u00edo de poder que dej\u00f3 la muerte de Coronel, ambos grupos se enfrentaron por el control del tr\u00e1fico de drogas en Jalisco y \u2018Los Torcidos\u2019 se convirtieron en lo que ahora es conocido como el CJNG, surgiendo como los sucesores de la red del capo sinaloense en la regi\u00f3n\u201d, plantea Insight Crime.<\/p><\/blockquote>\n\n\n\n<figure class=\"wp-block-image\" id=\"attachment_4301461\"><img decoding=\"async\" src=\"https:\/\/i2.wp.com\/www.sinembargo.mx\/wp-content\/uploads\/2022\/12\/siglas-del-cjng.jpg?resize=700%2C369&amp;quality=80&amp;strip=all&amp;ssl=1\" alt=\"Elementos de la Secretar\u00eda de la Defensa Nacional (Sedena) detuvieron a Antonio Oseguera Cervantes, mejor conocido como &quot;Tony Montana&quot; y hermano de &quot;El Mencho&quot;, l\u00edder del C\u00e1rtel Jalisco Nueva Generaci\u00f3n (CJNG).\" class=\"wp-image-4301461\"\/><figcaption>Siglas del CJNG en una fachada. Foto: Juan Jos\u00e9 Estrada Seraf\u00edn, Cuartoscuro<\/figcaption><\/figure>\n\n\n\n<p>En un video que publicaron se presentaron como \u201clos vigilantes del orden social en Jalisco\u201d. En el D\u00eda de Reyes de este 2024 volvieron a regalar juguetes a los ni\u00f1os como lo hicieron en otros a\u00f1os. Pero Jalisco, su feudo, enfrenta una crisis de&nbsp;<a href=\"https:\/\/imdhd.org\/redlupa\/informes-y-analisis\/informes-estatales\/region-bajio\/personas-desaparecidas-jalisco\/#:~:text=Guadalajara%20concentra%20la%20mayor%20cantidad,de%202997%20a%202996%20casos.\" target=\"_blank\" rel=\"noreferrer noopener\">desaparecidos y fosas clandestinas<\/a>.<\/p>\n\n\n\n<blockquote class=\"wp-block-quote is-layout-flow wp-block-quote-is-layout-flow\"><p>\u201cEs una burla que una organizaci\u00f3n criminal responsable de homicidios, torturas y desaparici\u00f3n de personas quiera dar la imagen de que est\u00e1 del lado de la sociedad. Si ellos estuvieran del lado del pueblo, no desaparecer\u00edan gente, no matar\u00edan, no encontrar\u00edamos cuerpos desmembrados, torturados, en fosas clandestinas, no hubiera todos los d\u00edas ejecuciones en todo el estado\u201d, dijo H\u00e9ctor Flores, del colectivo Luz de Esperanza Desaparecidos Jalisco.<\/p><\/blockquote>\n\n\n\n<p>Son capaces de todo, incluso de secuestrar a Iv\u00e1n y Alfredo, dos hijos de \u201cEl Chapo\u201d que festejaban un cumplea\u00f1os en agosto de 2016, en el restaurante La Leche en Puerto Vallarta, territorio del CJNG. Ambos chapitos tambi\u00e9n son buscados por la DEA y los otros dos, Ovidio y Joaqu\u00edn Guzm\u00e1n L\u00f3pez, ya fueron capturados.<\/p>\n\n\n\n<p><strong>LANZAGRANADAS CONTRA SU CAPTURA<\/strong><\/p>\n\n\n\n<p>La DEA cree que \u201cEl Mencho\u201d podr\u00eda estar escondido en zonas serranas e incluso lo dieron por muerto por la insuficiencia renal que padece. En muchos sentidos&nbsp;<a href=\"https:\/\/www.nbcnews.com\/news\/latino\/new-chapo-inside-look-hunt-el-mencho-mexico-s-bloodiest-n1113761\" target=\"_blank\" rel=\"noreferrer noopener\">ha sido un \u201cfantasma\u201d<\/a>, dijo una fuente en 2021 a la cadena estadounidense&nbsp;<em>NBC News<\/em>. Pero en 2012 y 2015 se han aproximado a su captura.<\/p>\n\n\n\n<blockquote class=\"wp-block-quote is-layout-flow wp-block-quote-is-layout-flow\"><p>\u201cMe cayeron en un pueblo, me tir\u00e9 a matar pal\u2019 cerro, lejos de los inocentes, sin vela en este entierro \/ como estoy bien preparado pa\u2019 cualquier tipo de ataque, les tumb\u00e9 cuatro boludos que me tiraban del aire, por sus propios intereses me echaron todo el Gobierno y ten\u00eda que defenderme, as\u00ed se los dijo \u2018Mencho\u2019\u201d, dice un narcocorrido de 2017 del grupo Voz de Mando.<\/p><\/blockquote>\n\n\n\n<p>La estrofa podr\u00eda referirse a aquel 1 de mayo de 2015, cuando un operativo del Ej\u00e9rcito intent\u00f3 detenerlo, pero la respuesta fue muy violenta. Se registraron bloqueos en avenidas y carreteras as\u00ed como incendios de gasolineras en Guadalajara, Puerto Vallarta, Guanajuato y Colima. Un lanzagranadas del C\u00e1rtel Jalisco Nueva Generaci\u00f3n tumb\u00f3 un helic\u00f3ptero militar en Villa Purificaci\u00f3n. La Sedena entonces inform\u00f3: Un helic\u00f3ptero Cougar matr\u00edcula 1009 fue derribado con 18 elementos a bordo. Tres militares murieron.<\/p>\n\n\n\n<figure class=\"wp-block-image\" id=\"attachment_4395423\"><img decoding=\"async\" src=\"https:\/\/i0.wp.com\/www.sinembargo.mx\/wp-content\/uploads\/2023\/08\/cjng.jpg?resize=700%2C370&amp;quality=80&amp;strip=all&amp;ssl=1\" alt=\"\" class=\"wp-image-4395423\"\/><figcaption>\u201cLos c\u00e1rteles de la droga aspiran a obtener dominio de territorios nacionales infundiendo terror entre la poblaci\u00f3n\u201d. Foto: Juan Jos\u00e9 Estrada Seraf\u00edn, Cuartoscuro.<\/figcaption><\/figure>\n\n\n\n<p>En agosto de 2012, a\u00fan en el Gobierno de Felipe Calder\u00f3n, la Secretar\u00eda de Marina tambi\u00e9n busc\u00f3 detenerlo, pero el operativo finaliz\u00f3 tras bloqueos sobre la carreteraGuadalajara-Chapala.<\/p>\n\n\n\n<p>\u2013\u00bfCambiar\u00eda algo en la crisis de desaparecidos de Jalisco si \u201cEl Mencho\u201d es capturado?\u2013 se le cuestion\u00f3 al integrante de colectivo Luz de Esperanza Desaparecidos Jalisco, H\u00e9ctor Flores.<\/p>\n\n\n\n<blockquote class=\"wp-block-quote is-layout-flow wp-block-quote-is-layout-flow\"><p>\u2013Yo creo que no porque lo que hace falta no solo es la detenci\u00f3n de estos l\u00edderes, de estos capos del crimen organizado, sino falta una pol\u00edtica integral por parte del Gobierno federal para tratar el tema. Lo que hemos visto es que agarran a un jefe y salen muchos grupos que se pelean, generan mucha m\u00e1s violencia, muertes y desapariciones. No solo es la detenci\u00f3n de estas personas, sino la desarticulaci\u00f3n de los mismos grupos de poder en los c\u00e1rteles, en este caso el C\u00e1rtel Jalisco. El hecho de que detuvieran a la cabeza no va a detener a las dem\u00e1s c\u00e9lulas que ostentan tambi\u00e9n much\u00edsimo poder.<\/p><\/blockquote>\n\n\n\n<figure class=\"wp-block-image\" id=\"attachment_4062736\"><img decoding=\"async\" src=\"https:\/\/i0.wp.com\/www.sinembargo.mx\/wp-content\/uploads\/2021\/11\/la-familia-de-el-mencho.jpg?resize=700%2C369&amp;quality=80&amp;strip=all&amp;ssl=1\" alt=\"\" class=\"wp-image-4062736\"\/><figcaption>La familia de \u201cEl Mencho\u201d ha sido detenida mientras \u00e9l sigue huyendo. Ilustraci\u00f3n: Omar Vargas<\/figcaption><\/figure>\n\n\n\n<p>Sin embargo, su esposa, hijos, hermanos y cu\u00f1ado s\u00ed han sido capturados.<\/p>\n\n\n\n<blockquote class=\"wp-block-quote is-layout-flow wp-block-quote-is-layout-flow\"><p>\u201cEs un capo, al igual que \u2018El Mayo\u2019 Zambada, que se vislumbra como uno de los m\u00e1s escurridizos del Gobierno mexicano y de las autoridades estadounidenses. A lo largo de los a\u00f1os han ca\u00eddo varias cabezas del CJNG\u201d, dijo Jos\u00e9 Luis Montenegro, autor de Los Chapitos.<\/p><\/blockquote>\n\n\n\n<p>Su esposa Rosalinda Gonz\u00e1lez Valencia, \u201cLa Jefa\u201d, fue clave en la expansi\u00f3n del CJNG, era operadora financiera y cofund\u00f3 Los Cuinis, un grupo que de acuerdo con las autoridades gestiona las finanzas y lavado de dinero del c\u00e1rtel. Est\u00e1 detenida desde 2018 en una prisi\u00f3n de Morelos. El cu\u00f1ado de \u201cEl Mencho\u201d y cofundador de Los Cuinis, Abigael Gonz\u00e1lez, tambi\u00e9n est\u00e1 detenido en el penal de Puente Grande.<\/p>\n\n\n\n<p>Su hijo Rub\u00e9n Oseguera Gonz\u00e1lez, alias \u201cEl Menchito\u201d, fue detenido por primera vez en enero 2014 y extraditado a Estados Unidos en febrero de 2020. Su hija, Jessica Johanna Oseguera, fue detenida en Estados Unidos cuando acudi\u00f3 a la audiencia de su hermano. Aunque fue puesta en libertad anticipada en 2022, la FGR la indaga por presuntas operaciones con recursos il\u00edcitos.<\/p>\n\n\n\n<p>En diciembre de ese a\u00f1o, arrestaron adem\u00e1s a su hermano Antonio Oseguera-Cervantes, alias \u201cTony Montana\u201d, quien operaba desde Tlajomulco, Jalisco. No fue menor: era acusado de preparar la log\u00edstica, comprar armas, lavar dinero para el c\u00e1rtel y organizar violentas ofensivas contra grupos antag\u00f3nicos. Su hermano \u201cEl Rodo\u201den cambio fue liberado en abril de 2024 tras una orden de un juez por irregularidades en su detenci\u00f3n realizada d\u00edas antes en Autl\u00e1n, Jalisco.<\/p>\n\n\n\n<figure class=\"wp-block-image\" id=\"attachment_4529521\"><img decoding=\"async\" src=\"https:\/\/i0.wp.com\/www.sinembargo.mx\/wp-content\/uploads\/2024\/07\/989766-amlo-conferencia-seguridad-4-web.jpg?resize=700%2C467&amp;quality=80&amp;strip=all&amp;ssl=1\" alt=\"\" class=\"wp-image-4529521\"\/><figcaption>Luis Rodr\u00edguez Bucio, subsecretario de Seguridad P\u00fablica, muestra la ficha de Abraham \u201cN\u201d alias \u201cDon Rodo\u201d beneficiado por un juez federal.&nbsp;FOTO: GALO CA\u00d1AS\/CUARTOSCURO.COM<\/figcaption><\/figure>\n\n\n\n<p>Un agente de la DEA en los \u00c1ngeles atribuye a su disciplina el que haya logrado evitar su detenci\u00f3n durante a\u00f1os. \u201c\u2018El Mencho\u2019 parece ser&nbsp;<a href=\"https:\/\/www.nbcnews.com\/news\/latino\/new-chapo-inside-look-hunt-el-mencho-mexico-s-bloodiest-n1113761\" target=\"_blank\" rel=\"noreferrer noopener\">mucho m\u00e1s disciplinado<\/a>&nbsp;que \u2018El Chapo\u2019. A \u2018El Chapo\u2019 le gustaba vivir un estilo de vida llamativo: autos, mujeres, buenos restaurantes, alcohol. \u2018El Mencho\u2019 se contenta con mantenerse alejado de esas cosas, hacer ejercicio, comer bien y mantenerse fuera del radar\u201d, declar\u00f3 a la cadena&nbsp;<em>NBC News.<\/em><\/p>\n\n\n\n<p>Sin embargo, ni sus miles de millones de d\u00f3lares ni su poder territorial que construy\u00f3 durante 15 a\u00f1os lo salv\u00f3 de una enfermedad cr\u00f3nica. De acuerdo con el periodista especializado en crimen organizado, Ricardo Ravelo, ya hay varios en la fila para sucederlo como \u201cEl 03\u201d o \u201cLa Garra\u201d, al igual que Nemesio Oseguera-Cervantes, en su momento, traicion\u00f3 y sucedi\u00f3 a su mentores, Nacho Coronel y \u201cEl Lobo\u201d Valencia.<\/p>\n\n\n\n<p>Sea \u201cEl Mencho\u201d o su sucesor, \u00bfcu\u00e1l ser\u00e1 el trato que el Gobierno mexicano le d\u00e9 al CJNG el pr\u00f3ximo sexenio?<\/p>\n","protected":false},"excerpt":{"rendered":"<p>\u201cEl Mencho\u201d inici\u00f3 su carrera criminal en EU. Hoy dirige un imperio \u201cEl Mencho\u201d, l\u00edder del CJNG, pas\u00f3 de ser un traficante de hero\u00edna en las calles de California de la d\u00e9cada de los 80 a, luego de ser deportado, uno de los narcotraficantes m\u00e1s buscados por las autoridades mexicanas y estadounidenses. \u201cNemesio Rub\u00e9n Oseguera-Cervantes, [&hellip;]<\/p>\n","protected":false},"author":2,"featured_media":131615,"comment_status":"open","ping_status":"open","sticky":false,"template":"","format":"standard","meta":{"footnotes":""},"categories":[23],"tags":[],"class_list":["post-131614","post","type-post","status-publish","format-standard","has-post-thumbnail","hentry","category-policiacas"],"_links":{"self":[{"href":"http:\/\/elcuartopoder.com.mx\/nw\/wp-json\/wp\/v2\/posts\/131614","targetHints":{"allow":["GET"]}}],"collection":[{"href":"http:\/\/elcuartopoder.com.mx\/nw\/wp-json\/wp\/v2\/posts"}],"about":[{"href":"http:\/\/elcuartopoder.com.mx\/nw\/wp-json\/wp\/v2\/types\/post"}],"author":[{"embeddable":true,"href":"http:\/\/elcuartopoder.com.mx\/nw\/wp-json\/wp\/v2\/users\/2"}],"replies":[{"embeddable":true,"href":"http:\/\/elcuartopoder.com.mx\/nw\/wp-json\/wp\/v2\/comments?post=131614"}],"version-history":[{"count":1,"href":"http:\/\/elcuartopoder.com.mx\/nw\/wp-json\/wp\/v2\/posts\/131614\/revisions"}],"predecessor-version":[{"id":131616,"href":"http:\/\/elcuartopoder.com.mx\/nw\/wp-json\/wp\/v2\/posts\/131614\/revisions\/131616"}],"wp:featuredmedia":[{"embeddable":true,"href":"http:\/\/elcuartopoder.com.mx\/nw\/wp-json\/wp\/v2\/media\/131615"}],"wp:attachment":[{"href":"http:\/\/elcuartopoder.com.mx\/nw\/wp-json\/wp\/v2\/media?parent=131614"}],"wp:term":[{"taxonomy":"category","embeddable":true,"href":"http:\/\/elcuartopoder.com.mx\/nw\/wp-json\/wp\/v2\/categories?post=131614"},{"taxonomy":"post_tag","embeddable":true,"href":"http:\/\/elcuartopoder.com.mx\/nw\/wp-json\/wp\/v2\/tags?post=131614"}],"curies":[{"name":"wp","href":"https:\/\/api.w.org\/{rel}","templated":true}]}}