{"id":131623,"date":"2024-08-07T16:06:31","date_gmt":"2024-08-07T21:06:31","guid":{"rendered":"http:\/\/elcuartopoder.com.mx\/nw\/?p=131623"},"modified":"2024-08-07T16:06:33","modified_gmt":"2024-08-07T21:06:33","slug":"derecho-y-poder","status":"publish","type":"post","link":"http:\/\/elcuartopoder.com.mx\/nw\/qtp\/derecho-y-poder\/","title":{"rendered":"Derecho y poder"},"content":{"rendered":"\n<p>La izquierda ha tenido problemas muy profundos para echar ra\u00edces en la sociedad cuando tiene que demostrar su compromiso democr\u00e1tico, por una parte y su respeto a la legalidad establecida, por la otra. Por cuanto a lo primero, es recurrente que caiga por un tobog\u00e1n hacia la pol\u00edtica de adversarios, la que se propone que toda contradicci\u00f3n lleva a suprimir al contrario; por cuanto a la segunda, menudean las frases redondas a trav\u00e9s de las cuales se expresa: \u201cno me vengan con que la ley es la ley\u201d solo es derecho formal y burgu\u00e9s, como se repet\u00eda hasta la saciedad no hace muchas d\u00e9cadas. Hab\u00eda una especie de \u00e9xtasis, de alcanzar el do de pecho, al citar a Ricardo Flores Mag\u00f3n y decir: \u201cel revolucionario es un ilegal por excelencia\u201d. Esa y otras lindezas.<\/p>\n\n\n\n<p>No pretendo decir nada nuevo; s\u00ed en cambio, subrayar que en la actual coyuntura, nacional e internacional, ambos temas tienen una importancia superlativa que permite sostener que las reflexiones sobre lo que es el Derecho, precisamente con may\u00fascula, y su relaci\u00f3n con el poder, deviene una necesidad pol\u00edtica b\u00e1sica, sobre todo cuando en la realidad se desborda y todo lo quiere abrazar bajo su mando.<\/p>\n\n\n\n<p>Cada uno de estos temas, a su modo, hoy deben preocupar por lo que pasa en M\u00e9xico, en Venezuela y en otras partes del mundo por la mezcla que se da entre democracia y legalidad precisamente y por la tendencia a tener en el Derecho algo a modo arbitrario en manos de quienes ejercen el poder o tratan de construir una hegemon\u00eda largoplacista, porque eternas no las hay.<\/p>\n\n\n\n<p>En M\u00e9xico nos falta un precepto constitucional y desde luego su reconocimiento c\u00edvico para que exista, como el que estableci\u00f3 la Ley Fundamental que surgi\u00f3 en Alemania despu\u00e9s de la Segunda Guerra Mundial y encima de las ruinas y las cenizas que provoc\u00f3 el nazismo totalitario de Adolfo Hitler.<\/p>\n\n\n\n<p>Esa Ley de 1949 dispuso sin m\u00e1s y de manera contundente, en su art\u00edculo 20, fracci\u00f3n III, que \u201cEl Poder Legislativo est\u00e1 sometido al orden constitucional; los poderes Ejecutivo y Judicial a la ley y al Derecho\u201d. Abund\u00f3, adem\u00e1s, en los l\u00edmites de una divisi\u00f3n de poderes, materias y facultades que no dejaron lugar a duda. En particular se previno la posibilidad del resurgimiento del totalitarismo, con barniz constitucionalista.<\/p>\n\n\n\n<p>Esta referencia me sirve de punto de partida para bosquejar algunas de las preocupaciones por lo que sucede en M\u00e9xico a las puertas de pretender generar un cambio para girar a la inauguraci\u00f3n de un \u201cnuevo r\u00e9gimen\u201d y autocr\u00e1ticamente garantizarlo dotando al partido Morena de una mayor\u00eda congresional de orden federal sobradamente calificada y que de manera soberbia, arrogante y amenazadora se pretende sacar adelante, transgrediendo la ley.<\/p>\n\n\n\n<p>Hay que decirlo fuerte y sobre todo argumentarlo de fondo, que el pasado 2 de junio exclusivamente fuimos convocados a una elecci\u00f3n constitucional con el resultado de todos conocido y que no se trat\u00f3 de un plebiscito que mandate un giro como el que pretende dar por el presidente L\u00f3pez Obrador y la legislatura que lo acompa\u00f1a en la hora postrera de su mandato. El 2 de junio establece un mandato, no puesto en duda por nadie, para que se instale una nueva administraci\u00f3n federal con Claudia Sheinbaum a la cabeza y una nueva legislatura federal, en ambas de sus c\u00e1maras, solo eso, que por cierto no es poco.<\/p>\n\n\n\n<p>Pensar que esa elecci\u00f3n es un cheque en blanco, al estilo de triunfos revolucionarios del pasado, para hacer y deshacer, es un fraude a nuestra Rep\u00fablica, a su historia, a la herencia de nuestro liberalismo pol\u00edtico y a los mismos criterios progresivos de nuestra Constituci\u00f3n para proponerse proyectos de franca mejor\u00eda en los niveles de justicia y equidad a que son acreedores millones de mexicanos. De ninguna manera es poca cosa, insisto.<\/p>\n\n\n\n<p>Adosarle al resultado de la elecci\u00f3n de junio una lectura impuesta por el discurso de L\u00f3pez Obrador en Quer\u00e9taro el 5 de febrero pasado y con todas las iniciativas que se presentaron despu\u00e9s y se pretenden tramitar a mata caballo es un claro golpe a la Constituci\u00f3n y, adem\u00e1s, el futuro legislativo que pronto se instalar\u00e1 no est\u00e1 legitimado para sacar esa empresa cual si hubiera un plebiscito vinculante cargado de mandatos imperativos para diputados y senadores. Su l\u00edmite es la Constituci\u00f3n misma y en todo caso si el prop\u00f3sito fuera otro, de trascendencia hist\u00f3rica como lo fueron los c\u00f3digos de 1857 y 1917, lo viable ser\u00eda convocar a un nuevo constituyente que lo decida. Estos graves problemas pueden convertirse en veneno puro para la futura presidenta.<\/p>\n\n\n\n<p>Ese constituyente, no puede ser suplantado ahora como se pretende, m\u00e1s porque lleva consigo una regresi\u00f3n a un presidencialismo autocr\u00e1tico y el pisoteo del principio de que nuestra Rep\u00fablica es representativa, menoscabando a las minor\u00edas y su irrecusable derecho a disentir.<\/p>\n\n\n\n<p>M\u00e9xico, se ha dicho y con raz\u00f3n, no cabe en un solo partido. Venezuela lo grita en estos d\u00edas. Debemos hacer del pluralismo una riqueza democr\u00e1tica nacional, no el blanco de los odios y la discriminaci\u00f3n y ah\u00ed en ese terreno la Constituci\u00f3n debe ser el valladar, su divisi\u00f3n de poderes (incluidos los \u00f3rganos aut\u00f3nomos) su mejor escudo.<\/p>\n\n\n\n<p>Que el Ejecutivo sepa que tiene l\u00edmites bien demarcados en la ley y no pretenda ejercer un poder negando la esencia del Poder Judicial de la Naci\u00f3n y en particular el derecho de todas las personas a recurrir al juicio de amparo y el enorme papel que debe jugar como tribunal constitucional.<\/p>\n\n\n\n<p><\/p>\n","protected":false},"excerpt":{"rendered":"<p>La izquierda ha tenido problemas muy profundos para echar ra\u00edces en la sociedad cuando tiene que demostrar su compromiso democr\u00e1tico, por una parte y su respeto a la legalidad establecida, por la otra. Por cuanto a lo primero, es recurrente que caiga por un tobog\u00e1n hacia la pol\u00edtica de adversarios, la que se propone que [&hellip;]<\/p>\n","protected":false},"author":2,"featured_media":131624,"comment_status":"open","ping_status":"open","sticky":false,"template":"","format":"standard","meta":{"footnotes":""},"categories":[58],"tags":[],"class_list":["post-131623","post","type-post","status-publish","format-standard","has-post-thumbnail","hentry","category-qtp"],"_links":{"self":[{"href":"http:\/\/elcuartopoder.com.mx\/nw\/wp-json\/wp\/v2\/posts\/131623","targetHints":{"allow":["GET"]}}],"collection":[{"href":"http:\/\/elcuartopoder.com.mx\/nw\/wp-json\/wp\/v2\/posts"}],"about":[{"href":"http:\/\/elcuartopoder.com.mx\/nw\/wp-json\/wp\/v2\/types\/post"}],"author":[{"embeddable":true,"href":"http:\/\/elcuartopoder.com.mx\/nw\/wp-json\/wp\/v2\/users\/2"}],"replies":[{"embeddable":true,"href":"http:\/\/elcuartopoder.com.mx\/nw\/wp-json\/wp\/v2\/comments?post=131623"}],"version-history":[{"count":1,"href":"http:\/\/elcuartopoder.com.mx\/nw\/wp-json\/wp\/v2\/posts\/131623\/revisions"}],"predecessor-version":[{"id":131625,"href":"http:\/\/elcuartopoder.com.mx\/nw\/wp-json\/wp\/v2\/posts\/131623\/revisions\/131625"}],"wp:featuredmedia":[{"embeddable":true,"href":"http:\/\/elcuartopoder.com.mx\/nw\/wp-json\/wp\/v2\/media\/131624"}],"wp:attachment":[{"href":"http:\/\/elcuartopoder.com.mx\/nw\/wp-json\/wp\/v2\/media?parent=131623"}],"wp:term":[{"taxonomy":"category","embeddable":true,"href":"http:\/\/elcuartopoder.com.mx\/nw\/wp-json\/wp\/v2\/categories?post=131623"},{"taxonomy":"post_tag","embeddable":true,"href":"http:\/\/elcuartopoder.com.mx\/nw\/wp-json\/wp\/v2\/tags?post=131623"}],"curies":[{"name":"wp","href":"https:\/\/api.w.org\/{rel}","templated":true}]}}