{"id":131733,"date":"2024-08-09T15:29:48","date_gmt":"2024-08-09T20:29:48","guid":{"rendered":"http:\/\/elcuartopoder.com.mx\/nw\/?p=131733"},"modified":"2024-08-09T15:29:52","modified_gmt":"2024-08-09T20:29:52","slug":"onu-aprueba-primer-tratado-contra-la-cibercriminalidad","status":"publish","type":"post","link":"http:\/\/elcuartopoder.com.mx\/nw\/internacionales\/onu-aprueba-primer-tratado-contra-la-cibercriminalidad\/","title":{"rendered":"ONU aprueba primer tratado contra la cibercriminalidad"},"content":{"rendered":"\n<p>Los estados miembros de la ONU aprobaron este jueves el<strong>\u00a0primer tratado para luchar contra la cibercriminalidad<\/strong>, pese a la oposici\u00f3n cerrada de defensores de derechos humanos que alertan del riesgo de esta\u00a0herramienta de vigilancia mundial.<\/p>\n\n\n\n<p>Luego de tres a\u00f1os de negociaciones y una \u00faltima ronda de dos semanas, la \u00abConvenci\u00f3n de Naciones Unidas contra la cibercriminalidad\u00bb fue adoptada por consenso y deber\u00e1 ser sometida al voto de la Asamblea General para su adopci\u00f3n formal.<\/p>\n\n\n\n<p>\u00abConsidero que los documentos (&#8230;) son adoptados. Muchas gracias. \u00a1Enhorabuena a todos!\u00bb dijo en medio de los aplausos Faouzia Boumaiza Mebarki, presidenta del comit\u00e9 intergubernamental creado en 2019 para redactar este tratado propuesto por Rusia.<\/p>\n\n\n\n<p>El nuevo tratado, que podr\u00e1 entrar en vigor una vez que haya sido ratificado por 40 pa\u00edses, pretende \u00abcombatir m\u00e1s eficazmente la cibercriminalidad\u00bb y reforzar la cooperaci\u00f3n internacional en este campo, en particular en los\u00a0\u00e1mbitos de la pederastia y el blanqueo de dinero.<\/p>\n\n\n\n<p>Pero sus detractores, una alianza inhabitual entre&nbsp;<strong>defensores de derechos humanos&nbsp;<\/strong>y grandes empresas tecnol\u00f3gicas, denuncian un per\u00edmetro demasiado amplio que lo convertir\u00e1, seg\u00fan ellos, en un tratado para la \u00abvigilancia\u00bb mundial.<\/p>\n\n\n\n<p>El texto prev\u00e9 que un estado que investigue cualquier delito punible, con un m\u00ednimo de cuatro a\u00f1os de prisi\u00f3n con arreglo a su legislaci\u00f3n nacional, podr\u00e1 solicitar a las autoridades de otro estado cualquier prueba electr\u00f3nica relacionada con ese delito, as\u00ed como solicitar datos a un proveedor de acceso.<\/p>\n\n\n\n<p>Los defensores de los<strong>&nbsp;derechos humanos<\/strong>&nbsp;temen que el texto pueda ser utilizado por&nbsp;<strong>Estados que criminalizan la homosexualidad<\/strong>&nbsp;o por gobiernos que persiguen a disidentes o periodistas.<\/p>\n\n\n\n<p>\u00abPedimos a los estados que garanticen que los derechos humanos est\u00e1n en el centro de la Convenci\u00f3n que se adoptar\u00e1 esta semana\u00bb, declar\u00f3 la Oficina del Alto Comisionado de la ONU para los Derechos Humanos en X esta semana.<\/p>\n\n\n\n<p>\u00abLos defensores de los derechos, los investigadores y los ni\u00f1os no deben temer la criminalizaci\u00f3n de actividades protegidas\u00bb, agreg\u00f3<\/p>\n","protected":false},"excerpt":{"rendered":"<p>Los estados miembros de la ONU aprobaron este jueves el\u00a0primer tratado para luchar contra la cibercriminalidad, pese a la oposici\u00f3n cerrada de defensores de derechos humanos que alertan del riesgo de esta\u00a0herramienta de vigilancia mundial. Luego de tres a\u00f1os de negociaciones y una \u00faltima ronda de dos semanas, la \u00abConvenci\u00f3n de Naciones Unidas contra la [&hellip;]<\/p>\n","protected":false},"author":2,"featured_media":131734,"comment_status":"open","ping_status":"open","sticky":false,"template":"","format":"standard","meta":{"footnotes":""},"categories":[8],"tags":[],"class_list":["post-131733","post","type-post","status-publish","format-standard","has-post-thumbnail","hentry","category-internacionales"],"_links":{"self":[{"href":"http:\/\/elcuartopoder.com.mx\/nw\/wp-json\/wp\/v2\/posts\/131733","targetHints":{"allow":["GET"]}}],"collection":[{"href":"http:\/\/elcuartopoder.com.mx\/nw\/wp-json\/wp\/v2\/posts"}],"about":[{"href":"http:\/\/elcuartopoder.com.mx\/nw\/wp-json\/wp\/v2\/types\/post"}],"author":[{"embeddable":true,"href":"http:\/\/elcuartopoder.com.mx\/nw\/wp-json\/wp\/v2\/users\/2"}],"replies":[{"embeddable":true,"href":"http:\/\/elcuartopoder.com.mx\/nw\/wp-json\/wp\/v2\/comments?post=131733"}],"version-history":[{"count":1,"href":"http:\/\/elcuartopoder.com.mx\/nw\/wp-json\/wp\/v2\/posts\/131733\/revisions"}],"predecessor-version":[{"id":131735,"href":"http:\/\/elcuartopoder.com.mx\/nw\/wp-json\/wp\/v2\/posts\/131733\/revisions\/131735"}],"wp:featuredmedia":[{"embeddable":true,"href":"http:\/\/elcuartopoder.com.mx\/nw\/wp-json\/wp\/v2\/media\/131734"}],"wp:attachment":[{"href":"http:\/\/elcuartopoder.com.mx\/nw\/wp-json\/wp\/v2\/media?parent=131733"}],"wp:term":[{"taxonomy":"category","embeddable":true,"href":"http:\/\/elcuartopoder.com.mx\/nw\/wp-json\/wp\/v2\/categories?post=131733"},{"taxonomy":"post_tag","embeddable":true,"href":"http:\/\/elcuartopoder.com.mx\/nw\/wp-json\/wp\/v2\/tags?post=131733"}],"curies":[{"name":"wp","href":"https:\/\/api.w.org\/{rel}","templated":true}]}}