{"id":131800,"date":"2024-08-12T11:42:01","date_gmt":"2024-08-12T16:42:01","guid":{"rendered":"http:\/\/elcuartopoder.com.mx\/nw\/?p=131800"},"modified":"2024-08-12T11:42:05","modified_gmt":"2024-08-12T16:42:05","slug":"despiden-a-nina-victima-de-ataque-en-inglaterra-con-llamado-a-la-concordia","status":"publish","type":"post","link":"http:\/\/elcuartopoder.com.mx\/nw\/destacadas\/despiden-a-nina-victima-de-ataque-en-inglaterra-con-llamado-a-la-concordia\/","title":{"rendered":"Despiden a ni\u00f1a v\u00edctima de ataque en Inglaterra con llamado a la concordia"},"content":{"rendered":"\n<p>La comunidad de Southport, Inglaterra, se congreg\u00f3 para rendir homenaje a\u00a0<strong>Alice da Silva Aguiar<\/strong>, una ni\u00f1a de 9 a\u00f1os que perdi\u00f3 la vida en un tr\u00e1gico ataque mientras participaba en una clase de baile inspirada en la m\u00fasica de Taylor Swift.<\/p>\n\n\n\n<p>El funeral, el primero de tres que se llevar\u00e1n a cabo en memoria de las ni\u00f1as que fueron v\u00edctimas de este violento acto, se desarroll\u00f3 en medio de un ambiente de profundo dolor y consternaci\u00f3n.<\/p>\n\n\n\n<p>La iglesia cat\u00f3lica de San Patricio, el lugar elegido para la ceremonia, fue el epicentro de una manifestaci\u00f3n de luto y&nbsp;<strong>solidaridad que desbord\u00f3 el templo<\/strong>.<\/p>\n\n\n\n<p>Cientos de personas se reunieron para despedir a Alice, inundando no solo el interior de la iglesia, sino tambi\u00e9n las calles adyacentes. Las cintas y globos rosas que adornaban el lugar se erigieron como s\u00edmbolos de la inocencia y alegr\u00eda que caracterizaban a la peque\u00f1a.<\/p>\n\n\n\n<p>Entre los asistentes se encontraba Serena Kennedy, jefa de la polic\u00eda de Merseyside, quien no solo represent\u00f3 a las autoridades, sino que tambi\u00e9n llev\u00f3 consigo un mensaje en nombre de los padres de Alice, apelando a la paz y condenando cualquier acto de violencia que pudiera surgir en su nombre.<\/p>\n\n\n\n<blockquote class=\"wp-block-quote is-layout-flow wp-block-quote-is-layout-flow\"><p>\u201cMe averg\u00fcenzo y lamento mucho que hayan tenido que tomar esto en cuenta al planificar el funeral de su hermosa hija, Alice\u201d,<\/p><\/blockquote>\n\n\n\n<p>expres\u00f3 Kennedy, en un discurso que reson\u00f3 entre los presentes.<\/p>\n\n\n\n<p>El ataque que cobr\u00f3 la vida de Alice ha sido utilizado por grupos de ultraderecha como un pretexto para incitar al odio y la violencia, aprovechando la difusi\u00f3n de informaci\u00f3n err\u00f3nea y rumores en redes sociales.<\/p>\n\n\n\n<p>Desde la tragedia, han surgido disturbios y saqueos, dirigidos principalmente contra mezquitas, comercios y hoteles vinculados a comunidades inmigrantes. Estos actos, motivados&nbsp;<strong>por falsas acusaciones de que el perpetrador<\/strong>&nbsp;del ataque era un solicitante de asilo o un inmigrante musulm\u00e1n, han sumido a la regi\u00f3n en una espiral de violencia y temor.<\/p>\n\n\n\n<p>Sin embargo, la verdad que ha salido a la luz contradice estas narrativas de odio. El agresor, cuyo origen ha sido motivo de malentendidos y manipulaci\u00f3n,&nbsp;<strong>naci\u00f3 en Gales y se traslad\u00f3 a Southport en 2013 junto a sus padres<\/strong>, quienes emigraron de Ruanda.<\/p>\n\n\n\n<p>Este detalle, ignorado o deliberadamente ocultado por quienes han promovido el caos, subraya la importancia de abordar la tragedia desde la empat\u00eda y la verdad, evitando caer en los peligrosos terrenos de la desinformaci\u00f3n y la xenofobia.<\/p>\n\n\n\n<p>El funeral de Alice no solo ha sido un acto de despedida, sino tambi\u00e9n un llamado a la reflexi\u00f3n y la unidad. La comunidad de Southport, marcada por el dolor, enfrenta ahora el reto de sanar sus heridas y resistir a la tentaci\u00f3n de dejarse llevar por el odio.<\/p>\n\n\n\n<p>(Con informaci\u00f3n de The Associated Press)<\/p>\n","protected":false},"excerpt":{"rendered":"<p>La comunidad de Southport, Inglaterra, se congreg\u00f3 para rendir homenaje a\u00a0Alice da Silva Aguiar, una ni\u00f1a de 9 a\u00f1os que perdi\u00f3 la vida en un tr\u00e1gico ataque mientras participaba en una clase de baile inspirada en la m\u00fasica de Taylor Swift. El funeral, el primero de tres que se llevar\u00e1n a cabo en memoria de [&hellip;]<\/p>\n","protected":false},"author":2,"featured_media":131801,"comment_status":"open","ping_status":"open","sticky":false,"template":"","format":"standard","meta":{"footnotes":""},"categories":[59],"tags":[],"class_list":["post-131800","post","type-post","status-publish","format-standard","has-post-thumbnail","hentry","category-destacadas"],"_links":{"self":[{"href":"http:\/\/elcuartopoder.com.mx\/nw\/wp-json\/wp\/v2\/posts\/131800","targetHints":{"allow":["GET"]}}],"collection":[{"href":"http:\/\/elcuartopoder.com.mx\/nw\/wp-json\/wp\/v2\/posts"}],"about":[{"href":"http:\/\/elcuartopoder.com.mx\/nw\/wp-json\/wp\/v2\/types\/post"}],"author":[{"embeddable":true,"href":"http:\/\/elcuartopoder.com.mx\/nw\/wp-json\/wp\/v2\/users\/2"}],"replies":[{"embeddable":true,"href":"http:\/\/elcuartopoder.com.mx\/nw\/wp-json\/wp\/v2\/comments?post=131800"}],"version-history":[{"count":1,"href":"http:\/\/elcuartopoder.com.mx\/nw\/wp-json\/wp\/v2\/posts\/131800\/revisions"}],"predecessor-version":[{"id":131802,"href":"http:\/\/elcuartopoder.com.mx\/nw\/wp-json\/wp\/v2\/posts\/131800\/revisions\/131802"}],"wp:featuredmedia":[{"embeddable":true,"href":"http:\/\/elcuartopoder.com.mx\/nw\/wp-json\/wp\/v2\/media\/131801"}],"wp:attachment":[{"href":"http:\/\/elcuartopoder.com.mx\/nw\/wp-json\/wp\/v2\/media?parent=131800"}],"wp:term":[{"taxonomy":"category","embeddable":true,"href":"http:\/\/elcuartopoder.com.mx\/nw\/wp-json\/wp\/v2\/categories?post=131800"},{"taxonomy":"post_tag","embeddable":true,"href":"http:\/\/elcuartopoder.com.mx\/nw\/wp-json\/wp\/v2\/tags?post=131800"}],"curies":[{"name":"wp","href":"https:\/\/api.w.org\/{rel}","templated":true}]}}