{"id":131856,"date":"2024-08-13T22:51:36","date_gmt":"2024-08-14T03:51:36","guid":{"rendered":"http:\/\/elcuartopoder.com.mx\/nw\/?p=131856"},"modified":"2024-08-13T22:51:40","modified_gmt":"2024-08-14T03:51:40","slug":"reconocen-a-cinco-nuevos-pueblos-originarios-de-la-ciudad-de-mexico","status":"publish","type":"post","link":"http:\/\/elcuartopoder.com.mx\/nw\/nacionales\/reconocen-a-cinco-nuevos-pueblos-originarios-de-la-ciudad-de-mexico\/","title":{"rendered":"Reconocen a cinco nuevos pueblos originarios de la Ciudad de M\u00e9xico"},"content":{"rendered":"\n<p>Tras el reconocimiento de cinco nuevos pueblos originarios en la capital del pa\u00eds por parte de la Secretar\u00eda de Pueblos y Barrios Originarios y Comunidades Ind\u00edgenas Residentes de la Ciudad de M\u00e9xico (SEPI), el Instituto Electoral de la Ciudad de M\u00e9xico (IECM) comunicar\u00e1 a sus representaciones y a sus habitantes sus nuevos derechos, como lo son el de organizaci\u00f3n, elecci\u00f3n de sus autoridades y toma de decisiones en torno al Presupuesto Participativo.<\/p>\n\n\n\n<p>A partir de este reconocimiento, las que antes eran cinco unidades territoriales ahora tienen el estatus de pueblos originarios, siendo estos: La Candelaria, en la Alcald\u00eda Coyoac\u00e1n; Cuautepec, en Gustavo A. Madero; Iztacalco, en la Alcald\u00eda del mismo nombre; Pe\u00f1\u00f3n de los Ba\u00f1os y Mixiuhca, en Venustiano Carranza.<\/p>\n\n\n\n<p>Al participar en la ceremonia de entrega de constancias del Sistema de Registro y Documentaci\u00f3n de Pueblos Originarios y Comunidades Ind\u00edgenas Residentes, organizada por el Gobierno de la Ciudad de M\u00e9xico, la consejera presidente del IECM, Patricia Avenda\u00f1o Dur\u00e1n, afirm\u00f3: \u201cel reconocimiento a estos pueblos, que est\u00e1 otorgando la Secretar\u00eda de Pueblos y Barrios, implica que nosotros tendremos que establecer contacto con quienes ahora son los representantes, que llevaron a cabo estas gestiones, y tendremos que irles a informar a las y los habitantes de estos \u00e1mbitos territoriales: Tu categor\u00eda cambi\u00f3, ya no eres una colonia, ahora eres un pueblo y tienes otros derechos\u201d.<\/p>\n\n\n\n<p>Detall\u00f3, adem\u00e1s, que el IECM ofrecer\u00e1 a la ciudadan\u00eda de los nuevos pueblos toda la informaci\u00f3n pol\u00edtico electoral y de participaci\u00f3n ciudadana para que puedan ejercer plenamente sus derechos, que est\u00e1n garantizados en las leyes que les protegen, entre los que destacan la autodeterminaci\u00f3n del Presupuesto Participativo y la elecci\u00f3n de sus representaciones y autoridades, mediante mecanismos basados en usos y costumbres.<\/p>\n\n\n\n<p>La legislaci\u00f3n vincula al IECM a cumplir una funci\u00f3n de educaci\u00f3n c\u00edvica, difusi\u00f3n, capacitaci\u00f3n, asesor\u00eda y orientaci\u00f3n a quienes habitan estos pueblos originarios. Estas acciones ser\u00e1n realizadas en coordinaci\u00f3n con las autoridades de la Ciudad de M\u00e9xico, y en especial con la SEPI.<\/p>\n\n\n\n<p>Con la inclusi\u00f3n de cinco nuevos pueblos originarios, suman ya 55 los existentes distribuidos en 11 alcald\u00edas de la Ciudad de M\u00e9xico.<\/p>\n","protected":false},"excerpt":{"rendered":"<p>Tras el reconocimiento de cinco nuevos pueblos originarios en la capital del pa\u00eds por parte de la Secretar\u00eda de Pueblos y Barrios Originarios y Comunidades Ind\u00edgenas Residentes de la Ciudad de M\u00e9xico (SEPI), el Instituto Electoral de la Ciudad de M\u00e9xico (IECM) comunicar\u00e1 a sus representaciones y a sus habitantes sus nuevos derechos, como lo [&hellip;]<\/p>\n","protected":false},"author":2,"featured_media":131857,"comment_status":"open","ping_status":"open","sticky":false,"template":"","format":"standard","meta":{"footnotes":""},"categories":[55],"tags":[],"class_list":["post-131856","post","type-post","status-publish","format-standard","has-post-thumbnail","hentry","category-nacionales"],"_links":{"self":[{"href":"http:\/\/elcuartopoder.com.mx\/nw\/wp-json\/wp\/v2\/posts\/131856","targetHints":{"allow":["GET"]}}],"collection":[{"href":"http:\/\/elcuartopoder.com.mx\/nw\/wp-json\/wp\/v2\/posts"}],"about":[{"href":"http:\/\/elcuartopoder.com.mx\/nw\/wp-json\/wp\/v2\/types\/post"}],"author":[{"embeddable":true,"href":"http:\/\/elcuartopoder.com.mx\/nw\/wp-json\/wp\/v2\/users\/2"}],"replies":[{"embeddable":true,"href":"http:\/\/elcuartopoder.com.mx\/nw\/wp-json\/wp\/v2\/comments?post=131856"}],"version-history":[{"count":1,"href":"http:\/\/elcuartopoder.com.mx\/nw\/wp-json\/wp\/v2\/posts\/131856\/revisions"}],"predecessor-version":[{"id":131858,"href":"http:\/\/elcuartopoder.com.mx\/nw\/wp-json\/wp\/v2\/posts\/131856\/revisions\/131858"}],"wp:featuredmedia":[{"embeddable":true,"href":"http:\/\/elcuartopoder.com.mx\/nw\/wp-json\/wp\/v2\/media\/131857"}],"wp:attachment":[{"href":"http:\/\/elcuartopoder.com.mx\/nw\/wp-json\/wp\/v2\/media?parent=131856"}],"wp:term":[{"taxonomy":"category","embeddable":true,"href":"http:\/\/elcuartopoder.com.mx\/nw\/wp-json\/wp\/v2\/categories?post=131856"},{"taxonomy":"post_tag","embeddable":true,"href":"http:\/\/elcuartopoder.com.mx\/nw\/wp-json\/wp\/v2\/tags?post=131856"}],"curies":[{"name":"wp","href":"https:\/\/api.w.org\/{rel}","templated":true}]}}