{"id":132886,"date":"2024-09-27T20:34:35","date_gmt":"2024-09-28T01:34:35","guid":{"rendered":"http:\/\/elcuartopoder.com.mx\/nw\/?p=132886"},"modified":"2024-09-27T20:34:39","modified_gmt":"2024-09-28T01:34:39","slug":"del-calentamiento-al-enfriamiento-global-la-onu-traza-la-ruta-para-refrigerar-un-futuro-de-calor-insano","status":"publish","type":"post","link":"http:\/\/elcuartopoder.com.mx\/nw\/varios\/del-calentamiento-al-enfriamiento-global-la-onu-traza-la-ruta-para-refrigerar-un-futuro-de-calor-insano\/","title":{"rendered":"Del calentamiento al enfriamiento global: la ONU traza la ruta para refrigerar un futuro de calor insano"},"content":{"rendered":"\n<p>Que la vida en la Tierra estar\u00e1 marcada por el calor extremo en las d\u00e9cadas venideras es algo que ya tiene asumido Naciones Unidas. El discurso de su secretario general, Antonio Guterres del pasado mes de julio no dejaba mucho lugar a las dudas cuando, a sus llamamientos para la acci\u00f3n global contra las emisiones de\u00a0gases de efecto invernadero\u00a0y el calentamiento global, sum\u00f3 una nueva tarea para los gobiernos: trabajar por el &#8216;enfriamiento global&#8217;. \u00abEl calor extremo amplifica la desigualdad, exacerba la\u00a0inseguridad alimentaria\u00a0y empuja a las personas a una mayor pobreza. Debemos responder aumentando masivamente el acceso a la refrigeraci\u00f3n de bajas emisiones de carbono; expandiendo la refrigeraci\u00f3n pasiva, como las soluciones naturales y el dise\u00f1o urbano; y haciendo m\u00e1s limpias las tecnolog\u00edas existentes, al tiempo que aumentamos su eficiencia\u00bb.<\/p>\n\n\n\n<p>En esta declaraci\u00f3n se resumen las l\u00edneas maestras del informe elaborado por la Cool Coalition, una divisi\u00f3n del programa medioambiental de Naciones Unidas (PNUMA) que est\u00e1 integrada por m\u00e1s de 130 socios procedentes de una veintena de pa\u00edses, incluidos miembros de gobiernos, organizaciones, empresas, grupos de la sociedad civil, etc., y cuyo objetivo es promover la transici\u00f3n global hacia una refrigeraci\u00f3n que ser\u00e1 necesaria en un futuro. Esta, obviamente, deber\u00e1 ser sostenible porque si las soluciones pensadas para hacer frente al calentamiento global incrementan el consumo energ\u00e9tico y la contaminaci\u00f3n -como sucede ahora con muchos equipos- la soluci\u00f3n, m\u00e1s que soluci\u00f3n, ser\u00eda un problema agravado a la larga.<\/p>\n\n\n\n<p>Ya en el presente, el&nbsp;<a href=\"https:\/\/www.abc.es\/antropia\/abci-ola-de-calor-cambio-climatico-efectos-salud-muertes-20220520232214_noticia.html\">calor<\/a>&nbsp;genera problemas de una gran envergadura a escala global: el aumento de las temperaturas en todo el mundo ha provocado casi medio mill\u00f3n de muertes relacionadas con el calor por a\u00f1o y una p\u00e9rdida de PIB de 2,0 billones de d\u00f3lares, debido a la reducci\u00f3n de la&nbsp;<a href=\"https:\/\/www.abc.es\/antropia\/cambio-climatico-entra-convenio-colectivo-20240430212743-nt.html\">productividad<\/a>, seg\u00fan datos estos \u00faltimos de la Organizaci\u00f3n Internacional del Trabajo (OIT).<\/p>\n\n\n\n<p>La imposibilidad de conservar vacunas adecuadamente, la mortalidad infantil derivada de \u00e9sta y otras circunstancias y la p\u00e9rdida de alimentos por la falta de una cadena de fr\u00edo adecuada contribuyen a este\u00a0<a href=\"https:\/\/www.abc.es\/antropia\/abci-ola-calor-extremo-europa-nueva-normalidad-consecuencias-salud-20220720145046_noticia.html\">p\u00e9simo panorama<\/a>. Por ejemplo, la FAO calcul\u00f3 en 2019 que se perdi\u00f3 una tercera parte de los alimentos producidos por este motivo.<\/p>\n\n\n\n<p>Frente a esta situaci\u00f3n, armarse de estrategias para refrigerar los espacios (viviendas, centros de trabajo, comercios, almacenes y un largo etc\u00e9tera) se impone como obligaci\u00f3n, no solo como alternativa individual, sino m\u00e1s bien como estrategia global que ata\u00f1e tambi\u00e9n a las autoridades gubernamentales.<\/p>\n\n\n\n<p>Los aparatos de aire acondicionado -entre otros sistemas de refrigeraci\u00f3n actuales- no pueden ser entendidos como la \u00fanica estrategia frente al calentamiento global. Por individualista y contaminante. La cantidad de energ\u00eda y recursos que consumen estas instalaciones actualmente es ingente. Seg\u00fan el citado informe Global Cooling Watch, la refrigeraci\u00f3n consume actualmente el 20 % de la electricidad a nivel mundial y que la demanda se triplicar\u00e1 para 2050.<\/p>\n\n\n\n<p>Sin estrategias&nbsp;<a href=\"https:\/\/www.abc.es\/antropia\/abci-ciudades-verdes-naturaleza-soluciones-urbanismo-barcelona-20220503165342_noticia.html\">alternativas y sostenibles&nbsp;<\/a>a los sistemas actuales, las emisiones derivadas de la refrigeraci\u00f3n podr\u00edan duplicarse para 2050 -a\u00f1o del objetivo cero emisiones- y alcanzar los 6.100 millones de toneladas de di\u00f3xido de carbono. \u00abDebemos satisfacer las necesidades de refrigeraci\u00f3n sin reforzar un c\u00edrculo vicioso de mayores emisiones de gases de efecto invernadero, que conducir\u00edan a un planeta m\u00e1s caliente, lo que requerir\u00eda m\u00e1s refrigeraci\u00f3n\u00bb, resumen los autores del trabajo.<\/p>\n\n\n\n<h3 class=\"wp-block-heading\">Una apuesta multilateral<\/h3>\n\n\n\n<p>\u00bfC\u00f3mo romper esta espiral? Con estrategias globales que tienen m\u00e1s que ver con la gobernanza de los pa\u00edses. As\u00ed lo manifest\u00f3 tras la presentaci\u00f3n del trabajo Inger Andersen, directora ejecutiva del PNUMA, al reclamar soluciones \u00absostenibles, asequibles y energ\u00e9ticamente eficientes\u00bb que satisfagan la creciente demanda y apoyen el clima, la salud y el desarrollo econ\u00f3mico. \u00abLos gobiernos, las empresas privadas y los bancos multilaterales pueden utilizar este informe para aprovechar una amplia gama de instrumentos financieros para la refrigeraci\u00f3n sostenible y la resiliencia al calor extremo\u00bb, declar\u00f3.<\/p>\n\n\n\n<p>Estas medidas sostenibles de las que hablan est\u00e1n relacionadas con el enfriamiento pasivo a base de aislamiento de edificios,&nbsp;<a href=\"https:\/\/www.abc.es\/antropia\/abci-asfalto-frio-reduce-20211209162729_noticia.html\">materiales reflectantes&nbsp;<\/a>en calles, mejora de las \u00e1reas verdes en las urbes para&nbsp;<a href=\"https:\/\/www.abc.es\/abc\/abcnacional\/noticias\/202207\/30\/antropia\/objetivo-enfriar-ciudades.xml\">reducir el efecto isla de calor<\/a>, nuevos c\u00f3digos energ\u00e9ticos para la construcci\u00f3n, as\u00ed como la inversi\u00f3n en innovaci\u00f3n para alumbrar aparatos de refrigeraci\u00f3n extremadamente eficientes.<\/p>\n\n\n\n<p>De llevarse a cabo adecuadamente, proteger\u00edan a 3.600 millones de personas en todo el mundo y, adem\u00e1s del ahorro en emisiones, los ciudadanos se ahorrar\u00edan en gasto energ\u00e9tico un total de un bill\u00f3n de d\u00f3lares al a\u00f1o.<\/p>\n\n\n\n<h3 class=\"wp-block-heading\">Los pa\u00edses en desarrollo, m\u00e1s se\u00f1alados<\/h3>\n\n\n\n<p>Entre las zonas del planeta que con m\u00e1s urgencia requieren de este tipo de estrategias, Naciones Unidas se\u00f1ala \u00c1frica y el sur de Asia. \u00abLos&nbsp;<a href=\"https:\/\/www.abc.es\/antropia\/abci-cop27-paises-pobres-acuerdo-ayudas-economicas-perdidas-20221106132357_noticia.html\">pa\u00edses en desarrollo&nbsp;<\/a>suelen estar en la primera l\u00ednea de los impactos del cambio clim\u00e1tico, y esto incluye los efectos del calentamiento global. Muchos est\u00e1n expuestos a temperaturas m\u00e1s altas debido a sus ubicaciones. Tambi\u00e9n se espera que tengan un crecimiento demogr\u00e1fico y econ\u00f3mico m\u00e1s r\u00e1pido, lo que impulsar\u00e1 la mayor demanda de refrigeraci\u00f3n en las pr\u00f3ximas d\u00e9cadas\u00bb, recoge el informe. No en vano, seg\u00fan datos del programa medioambiental de la ONU, dos tercios de las emisiones procedentes por la refrigeraci\u00f3n se originan en estas regiones. Y la proporci\u00f3n podr\u00eda aumentar por encima del 80% en tres d\u00e9cadas.<\/p>\n\n\n\n<p>El informe presentado ofrece ideas a los gobiernos, tanto en soluciones como en m\u00e9todos de financiaci\u00f3n. De hecho, pone cifra al negocio que supondr\u00e1 este cambio que debe afrontar la sociedad en adelante. Se espera que el mercado de refrigeraci\u00f3n en las econom\u00edas en desarrollo crezca de aproximadamente de 300.000 millones de d\u00f3lares a 600.000 millones para 2050.<\/p>\n\n\n\n<p><\/p>\n\n\n\n<p>Otro c\u00e1lculo que realiza el informe es a la inversa. Esto es, cu\u00e1nto se podr\u00eda ahorrar en t\u00e9rminos de energ\u00eda en estas econom\u00edas en desarrollo de abrazar un plan global de enfriamiento sostenible. En total, calculan los expertos que este camino podr\u00eda generar m\u00e1s de 8 billones de d\u00f3lares de beneficio por costes derivados de la energ\u00eda y otros conceptos relacionados. As\u00ed, los consumidores se ahorrar\u00edan 5,6 billones de d\u00f3lares en consumo energ\u00e9tico directo o 800.000 millones de d\u00f3lares en la necesidad de nuevos equipos. Finalmente, se evitar\u00edan inversiones adicionales en infraestructura energ\u00e9tica por 1,8 billones de d\u00f3lares necesarias para satisfacer la demanda.<\/p>\n\n\n\n<p>De cualquier modo, y aunque los beneficios econ\u00f3micos sean importantes, las ventajas m\u00e1s destacadas tienen que ver m\u00e1s con la salud de la poblaci\u00f3n a largo plazo, ya que se evitar\u00eda el golpe del calor extremo que tanto afecta a distintos \u00e1mbitos de la vida y el bienestar de los pa\u00edses, desde la&nbsp;<a href=\"https:\/\/www.abc.es\/antropia\/inundaciones-calor-extremo-tifones-dejan-colegio-millones-20240531135625-nt.html\">educaci\u00f3n<\/a>&nbsp;al trabajo.<\/p>\n\n\n\n<p>El nuevo informe ofrece un plan para financiar la refrigeraci\u00f3n sostenible, haciendo hincapi\u00e9 en la necesidad de \u00abdesbloquear la financiaci\u00f3n\u00bb y especialmente movilizar el capital privado para que se invierta en estas nuevas necesidades.<\/p>\n","protected":false},"excerpt":{"rendered":"<p>Que la vida en la Tierra estar\u00e1 marcada por el calor extremo en las d\u00e9cadas venideras es algo que ya tiene asumido Naciones Unidas. El discurso de su secretario general, Antonio Guterres del pasado mes de julio no dejaba mucho lugar a las dudas cuando, a sus llamamientos para la acci\u00f3n global contra las emisiones [&hellip;]<\/p>\n","protected":false},"author":2,"featured_media":132887,"comment_status":"open","ping_status":"open","sticky":false,"template":"","format":"standard","meta":{"footnotes":""},"categories":[64],"tags":[],"class_list":["post-132886","post","type-post","status-publish","format-standard","has-post-thumbnail","hentry","category-varios"],"_links":{"self":[{"href":"http:\/\/elcuartopoder.com.mx\/nw\/wp-json\/wp\/v2\/posts\/132886","targetHints":{"allow":["GET"]}}],"collection":[{"href":"http:\/\/elcuartopoder.com.mx\/nw\/wp-json\/wp\/v2\/posts"}],"about":[{"href":"http:\/\/elcuartopoder.com.mx\/nw\/wp-json\/wp\/v2\/types\/post"}],"author":[{"embeddable":true,"href":"http:\/\/elcuartopoder.com.mx\/nw\/wp-json\/wp\/v2\/users\/2"}],"replies":[{"embeddable":true,"href":"http:\/\/elcuartopoder.com.mx\/nw\/wp-json\/wp\/v2\/comments?post=132886"}],"version-history":[{"count":1,"href":"http:\/\/elcuartopoder.com.mx\/nw\/wp-json\/wp\/v2\/posts\/132886\/revisions"}],"predecessor-version":[{"id":132888,"href":"http:\/\/elcuartopoder.com.mx\/nw\/wp-json\/wp\/v2\/posts\/132886\/revisions\/132888"}],"wp:featuredmedia":[{"embeddable":true,"href":"http:\/\/elcuartopoder.com.mx\/nw\/wp-json\/wp\/v2\/media\/132887"}],"wp:attachment":[{"href":"http:\/\/elcuartopoder.com.mx\/nw\/wp-json\/wp\/v2\/media?parent=132886"}],"wp:term":[{"taxonomy":"category","embeddable":true,"href":"http:\/\/elcuartopoder.com.mx\/nw\/wp-json\/wp\/v2\/categories?post=132886"},{"taxonomy":"post_tag","embeddable":true,"href":"http:\/\/elcuartopoder.com.mx\/nw\/wp-json\/wp\/v2\/tags?post=132886"}],"curies":[{"name":"wp","href":"https:\/\/api.w.org\/{rel}","templated":true}]}}