{"id":133054,"date":"2024-10-04T09:10:05","date_gmt":"2024-10-04T14:10:05","guid":{"rendered":"http:\/\/elcuartopoder.com.mx\/nw\/?p=133054"},"modified":"2024-10-04T09:10:08","modified_gmt":"2024-10-04T14:10:08","slug":"buscan-empresarios-mas-presupuesto-para-q-roo-con-sheinbaum","status":"publish","type":"post","link":"http:\/\/elcuartopoder.com.mx\/nw\/economia\/buscan-empresarios-mas-presupuesto-para-q-roo-con-sheinbaum\/","title":{"rendered":"Buscan empresarios m\u00e1s presupuesto para Q. Roo con Sheinbaum"},"content":{"rendered":"\n<p><strong>CANC\u00daN, MX.-<\/strong>&nbsp;El sector empresarial ya comenz\u00f3 a \u201ccabildear\u201d por mayores recursos para el estado en el primer a\u00f1o del gobierno de la presidenta Claudia Sheinbaum Pardo.<\/p>\n\n\n\n<p>\u201cQuintana Roo requiere de un fondo presupuestal especial, debido al n\u00famero de turistas que recibe cada a\u00f1o\u201d, dijo Sergio Le\u00f3n, presidente de Empresarios por Quintana Roo.<\/p>\n\n\n\n<p>Se\u00f1al\u00f3 que los empresarios tienen muchas esperanzas que la ampliaci\u00f3n de este recurso se consolide en los pr\u00f3ximos meses, luego que Marcelo Ebrard, con quien tuvieron una excelente relaci\u00f3n cuando era canciller, fue nombrado Secretario de Econom\u00eda.<\/p>\n\n\n\n<p>\u201cDesde el 2022, logramos tener una ventanilla de trabajo con quien era nuestro canciller en ese momento, Marcelo Ebrard, tuvimos algunas reuniones con \u00e9l, y la relaci\u00f3n ha sido muy buena, as\u00ed que ahora que est\u00e1 en la Secretar\u00eda de Econom\u00eda, abriremos una ventanilla directa de Empresarios por Quintana Roo con el gobierno federal\u201d, a\u00f1adi\u00f3.<\/p>\n\n\n\n<p>Coment\u00f3 que Quintana Roo requiere un recurso especial, tal como el llamado \u201cFondo Metropolitano\u201d, debido a que en el presupuesto federal que recibe cada a\u00f1o no se contempla la \u201cmasa de visitantes\u201d que recibe el estado cada a\u00f1o.<\/p>\n\n\n\n<p>Asegur\u00f3 que a m\u00e1s tardar en mes y medio presentar\u00e1n un proyecto que ser\u00e1 enviado a la Federaci\u00f3n, para que sea contemplado un aumento presupuestal para Quintana Roo el pr\u00f3ximo a\u00f1o.<\/p>\n\n\n\n<p>Indic\u00f3 que el hoy senador Eugenio Segura puso en su agenda de trabajo el compromiso de gesti\u00f3n de esta ampliaci\u00f3n presupuestal, por lo que espera que el legislador est\u00e9 haciendo lo propio desde su esca\u00f1o. (<strong>Agencia SIM<\/strong>)<\/p>\n","protected":false},"excerpt":{"rendered":"<p>CANC\u00daN, MX.-&nbsp;El sector empresarial ya comenz\u00f3 a \u201ccabildear\u201d por mayores recursos para el estado en el primer a\u00f1o del gobierno de la presidenta Claudia Sheinbaum Pardo. \u201cQuintana Roo requiere de un fondo presupuestal especial, debido al n\u00famero de turistas que recibe cada a\u00f1o\u201d, dijo Sergio Le\u00f3n, presidente de Empresarios por Quintana Roo. Se\u00f1al\u00f3 que los [&hellip;]<\/p>\n","protected":false},"author":2,"featured_media":133055,"comment_status":"open","ping_status":"open","sticky":false,"template":"","format":"standard","meta":{"footnotes":""},"categories":[1],"tags":[],"class_list":["post-133054","post","type-post","status-publish","format-standard","has-post-thumbnail","hentry","category-economia"],"_links":{"self":[{"href":"http:\/\/elcuartopoder.com.mx\/nw\/wp-json\/wp\/v2\/posts\/133054","targetHints":{"allow":["GET"]}}],"collection":[{"href":"http:\/\/elcuartopoder.com.mx\/nw\/wp-json\/wp\/v2\/posts"}],"about":[{"href":"http:\/\/elcuartopoder.com.mx\/nw\/wp-json\/wp\/v2\/types\/post"}],"author":[{"embeddable":true,"href":"http:\/\/elcuartopoder.com.mx\/nw\/wp-json\/wp\/v2\/users\/2"}],"replies":[{"embeddable":true,"href":"http:\/\/elcuartopoder.com.mx\/nw\/wp-json\/wp\/v2\/comments?post=133054"}],"version-history":[{"count":1,"href":"http:\/\/elcuartopoder.com.mx\/nw\/wp-json\/wp\/v2\/posts\/133054\/revisions"}],"predecessor-version":[{"id":133056,"href":"http:\/\/elcuartopoder.com.mx\/nw\/wp-json\/wp\/v2\/posts\/133054\/revisions\/133056"}],"wp:featuredmedia":[{"embeddable":true,"href":"http:\/\/elcuartopoder.com.mx\/nw\/wp-json\/wp\/v2\/media\/133055"}],"wp:attachment":[{"href":"http:\/\/elcuartopoder.com.mx\/nw\/wp-json\/wp\/v2\/media?parent=133054"}],"wp:term":[{"taxonomy":"category","embeddable":true,"href":"http:\/\/elcuartopoder.com.mx\/nw\/wp-json\/wp\/v2\/categories?post=133054"},{"taxonomy":"post_tag","embeddable":true,"href":"http:\/\/elcuartopoder.com.mx\/nw\/wp-json\/wp\/v2\/tags?post=133054"}],"curies":[{"name":"wp","href":"https:\/\/api.w.org\/{rel}","templated":true}]}}