{"id":133320,"date":"2024-10-10T16:52:37","date_gmt":"2024-10-10T21:52:37","guid":{"rendered":"http:\/\/elcuartopoder.com.mx\/nw\/?p=133320"},"modified":"2024-10-10T16:52:39","modified_gmt":"2024-10-10T21:52:39","slug":"violento-ataque-en-cancun-trabajadora-de-hotel-es-ejecutada-en-plena-manana","status":"publish","type":"post","link":"http:\/\/elcuartopoder.com.mx\/nw\/policiacas\/violento-ataque-en-cancun-trabajadora-de-hotel-es-ejecutada-en-plena-manana\/","title":{"rendered":"Violento ataque en Canc\u00fan: trabajadora de hotel es ejecutada en plena ma\u00f1ana"},"content":{"rendered":"\n<p><strong>Canc\u00fan QRoo., a 10 de octubre del 2024.-<\/strong>&nbsp;Una trabajadora de limpieza fue asesinada a balazos en el interior del Hotel Avenida, ubicado en la avenida Jos\u00e9 L\u00f3pez Portillo, en la supermanzana 60 de Canc\u00fan, en un hecho que ha conmocionado a la comunidad local. El ataque ocurri\u00f3 antes de las 7 de la ma\u00f1ana, cuando presuntos sicarios ingresaron al lugar aparentemente en busca de un hombre. Sin embargo, al salir la v\u00edctima, le dispararon sin mediar palabra, provocando su muerte de manera inmediata.<\/p>\n\n\n\n<p>Las autoridades locales fueron alertadas y r\u00e1pidamente desplegaron un operativo en la zona, pero hasta el momento no se ha informado sobre la captura de los responsables. La Fiscal\u00eda General del Estado ya se encuentra investigando el caso para determinar los motivos detr\u00e1s del crimen y dar con los culpables.<\/p>\n\n\n\n<p>Este violento suceso ha despertado preocupaci\u00f3n entre los habitantes de la supermanzana 60, quienes temen por la creciente inseguridad en la zona. El hotel fue resguardado mientras se realizaban las diligencias correspondientes, y el cuerpo de la v\u00edctima fue trasladado al Servicio M\u00e9dico Forense para los estudios pertinentes.<\/p>\n","protected":false},"excerpt":{"rendered":"<p>Canc\u00fan QRoo., a 10 de octubre del 2024.-&nbsp;Una trabajadora de limpieza fue asesinada a balazos en el interior del Hotel Avenida, ubicado en la avenida Jos\u00e9 L\u00f3pez Portillo, en la supermanzana 60 de Canc\u00fan, en un hecho que ha conmocionado a la comunidad local. El ataque ocurri\u00f3 antes de las 7 de la ma\u00f1ana, cuando [&hellip;]<\/p>\n","protected":false},"author":2,"featured_media":133321,"comment_status":"open","ping_status":"open","sticky":false,"template":"","format":"standard","meta":{"footnotes":""},"categories":[23],"tags":[],"class_list":["post-133320","post","type-post","status-publish","format-standard","has-post-thumbnail","hentry","category-policiacas"],"_links":{"self":[{"href":"http:\/\/elcuartopoder.com.mx\/nw\/wp-json\/wp\/v2\/posts\/133320","targetHints":{"allow":["GET"]}}],"collection":[{"href":"http:\/\/elcuartopoder.com.mx\/nw\/wp-json\/wp\/v2\/posts"}],"about":[{"href":"http:\/\/elcuartopoder.com.mx\/nw\/wp-json\/wp\/v2\/types\/post"}],"author":[{"embeddable":true,"href":"http:\/\/elcuartopoder.com.mx\/nw\/wp-json\/wp\/v2\/users\/2"}],"replies":[{"embeddable":true,"href":"http:\/\/elcuartopoder.com.mx\/nw\/wp-json\/wp\/v2\/comments?post=133320"}],"version-history":[{"count":1,"href":"http:\/\/elcuartopoder.com.mx\/nw\/wp-json\/wp\/v2\/posts\/133320\/revisions"}],"predecessor-version":[{"id":133322,"href":"http:\/\/elcuartopoder.com.mx\/nw\/wp-json\/wp\/v2\/posts\/133320\/revisions\/133322"}],"wp:featuredmedia":[{"embeddable":true,"href":"http:\/\/elcuartopoder.com.mx\/nw\/wp-json\/wp\/v2\/media\/133321"}],"wp:attachment":[{"href":"http:\/\/elcuartopoder.com.mx\/nw\/wp-json\/wp\/v2\/media?parent=133320"}],"wp:term":[{"taxonomy":"category","embeddable":true,"href":"http:\/\/elcuartopoder.com.mx\/nw\/wp-json\/wp\/v2\/categories?post=133320"},{"taxonomy":"post_tag","embeddable":true,"href":"http:\/\/elcuartopoder.com.mx\/nw\/wp-json\/wp\/v2\/tags?post=133320"}],"curies":[{"name":"wp","href":"https:\/\/api.w.org\/{rel}","templated":true}]}}