{"id":133323,"date":"2024-10-10T16:54:04","date_gmt":"2024-10-10T21:54:04","guid":{"rendered":"http:\/\/elcuartopoder.com.mx\/nw\/?p=133323"},"modified":"2024-10-10T16:54:07","modified_gmt":"2024-10-10T21:54:07","slug":"alumnado-del-conalep-chetumal-recibe-platicas-en-prevencion-del-delito-sesesp","status":"publish","type":"post","link":"http:\/\/elcuartopoder.com.mx\/nw\/estatales\/alumnado-del-conalep-chetumal-recibe-platicas-en-prevencion-del-delito-sesesp\/","title":{"rendered":"Alumnado del CONALEP Chetumal recibe pl\u00e1ticas en prevenci\u00f3n del delito: SESESP"},"content":{"rendered":"\n<p>Chetumal.- Con la finalidad de otorgar herramientas que permitan a la juventud no ser v\u00edctimas de alg\u00fan delito de violencia o de acoso en las redes sociales, personal del Secretariado Ejecutivo del Sistema Estatal de Seguridad P\u00fablica (SESESP), mantiene un constante acercamiento con el alumnado de nivel medio superior, para impartir pl\u00e1ticas de prevenci\u00f3n del delito, inform\u00f3 el titular del SESESP, Adri\u00e1n Mart\u00ednez Ortega.<\/p>\n\n\n\n<p>Refiri\u00f3 que como parte del Nuevo Acuerdo por el Bienestar y Desarrollo de Quintana Roo, que encabeza la gobernadora Mara Lezama Espinosa, se trabaja en estrecha coordinaci\u00f3n con la Secretar\u00eda del Sistema de Protecci\u00f3n de Ni\u00f1as, Ni\u00f1os y Adolescentes (SIPINNA) de Quintana Roo, para impartir pl\u00e1ticas con diversos temas que otorguen las herramientas a los j\u00f3venes de prevenci\u00f3n del delito.<\/p>\n\n\n\n<p>Personal del SESESP a trav\u00e9s del Centro Estatal de Prevenci\u00f3n Social del Delito y Participaci\u00f3n Ciudadana (CEPSQROO), visitaron a los alumnos del CONALEP Chetumal, donde les impartieron los temas \u201cPrevenci\u00f3n de la violencia en el noviazgo\u201d y \u00abEl buen uso de las Redes Sociales\u00bb.<\/p>\n\n\n\n<p>Estas pl\u00e1ticas buscan sensibilizar a la comunidad escolar, adquiriendo herramientas que les permita identificar las situaciones de acoso, sus causas y consecuencias, as\u00ed como las medidas para su prevenci\u00f3n.<\/p>\n\n\n\n<p>Esto con el objetivo de que los participantes aprendan el uso seguro de las redes sociales, as\u00ed como las medidas que se pueden implementar para reducir la probabilidad de ser v\u00edctimas de alg\u00fan delito&nbsp;o&nbsp;ciberdelito.<\/p>\n","protected":false},"excerpt":{"rendered":"<p>Chetumal.- Con la finalidad de otorgar herramientas que permitan a la juventud no ser v\u00edctimas de alg\u00fan delito de violencia o de acoso en las redes sociales, personal del Secretariado Ejecutivo del Sistema Estatal de Seguridad P\u00fablica (SESESP), mantiene un constante acercamiento con el alumnado de nivel medio superior, para impartir pl\u00e1ticas de prevenci\u00f3n del [&hellip;]<\/p>\n","protected":false},"author":2,"featured_media":133324,"comment_status":"open","ping_status":"open","sticky":false,"template":"","format":"standard","meta":{"footnotes":""},"categories":[60],"tags":[],"class_list":["post-133323","post","type-post","status-publish","format-standard","has-post-thumbnail","hentry","category-estatales"],"_links":{"self":[{"href":"http:\/\/elcuartopoder.com.mx\/nw\/wp-json\/wp\/v2\/posts\/133323","targetHints":{"allow":["GET"]}}],"collection":[{"href":"http:\/\/elcuartopoder.com.mx\/nw\/wp-json\/wp\/v2\/posts"}],"about":[{"href":"http:\/\/elcuartopoder.com.mx\/nw\/wp-json\/wp\/v2\/types\/post"}],"author":[{"embeddable":true,"href":"http:\/\/elcuartopoder.com.mx\/nw\/wp-json\/wp\/v2\/users\/2"}],"replies":[{"embeddable":true,"href":"http:\/\/elcuartopoder.com.mx\/nw\/wp-json\/wp\/v2\/comments?post=133323"}],"version-history":[{"count":1,"href":"http:\/\/elcuartopoder.com.mx\/nw\/wp-json\/wp\/v2\/posts\/133323\/revisions"}],"predecessor-version":[{"id":133325,"href":"http:\/\/elcuartopoder.com.mx\/nw\/wp-json\/wp\/v2\/posts\/133323\/revisions\/133325"}],"wp:featuredmedia":[{"embeddable":true,"href":"http:\/\/elcuartopoder.com.mx\/nw\/wp-json\/wp\/v2\/media\/133324"}],"wp:attachment":[{"href":"http:\/\/elcuartopoder.com.mx\/nw\/wp-json\/wp\/v2\/media?parent=133323"}],"wp:term":[{"taxonomy":"category","embeddable":true,"href":"http:\/\/elcuartopoder.com.mx\/nw\/wp-json\/wp\/v2\/categories?post=133323"},{"taxonomy":"post_tag","embeddable":true,"href":"http:\/\/elcuartopoder.com.mx\/nw\/wp-json\/wp\/v2\/tags?post=133323"}],"curies":[{"name":"wp","href":"https:\/\/api.w.org\/{rel}","templated":true}]}}