{"id":133544,"date":"2024-10-16T19:14:24","date_gmt":"2024-10-17T00:14:24","guid":{"rendered":"https:\/\/elcuartopoder.com.mx\/nw\/?p=133544"},"modified":"2024-10-16T19:14:27","modified_gmt":"2024-10-17T00:14:27","slug":"la-prensa-sueca-asegura-que-mbappe-es-sospechoso-de-la-supuesta-violacion","status":"publish","type":"post","link":"http:\/\/elcuartopoder.com.mx\/nw\/entretenimiento\/deportes\/la-prensa-sueca-asegura-que-mbappe-es-sospechoso-de-la-supuesta-violacion\/","title":{"rendered":"La prensa sueca asegura que Mbapp\u00e9 es sospechoso de la supuesta violaci\u00f3n"},"content":{"rendered":"\n<p class=\"wp-block-paragraph\">La prensa sueca asegura que el delantero franc\u00e9s del&nbsp;<strong>Real Madrid<\/strong>, Kylian Mbapp\u00e9, est\u00e1 siendo investigado por la polic\u00eda por una supuesta violaci\u00f3n ocurrida la semana pasada en Estocolmo, un hecho desmentido por el futbolista y su entorno, seg\u00fan informa Europa Press.<\/p>\n\n\n\n<p class=\"wp-block-paragraph\">As\u00ed, el diario &#8216;Aftonbladet&#8217; asegura en su p\u00e1gina web que puede confirmar que el jugador parisino, que estuvo la pasada semana en la capital sueca, es el investigado por el hecho denunciado y presuntamente sucedido el pasado jueves.\u00a0&#8216;Expresen&#8217;\u00a0tambi\u00e9n cita al jugador como \u00abrazonablemente sospechoso\u00bb (el grado de sospecha m\u00e1s bajo previsto en la legislaci\u00f3n del pa\u00eds escandinavo) de esta supuesta agresi\u00f3n en\u00a0<strong>un hotel de Estocolmo<\/strong>\u00a0y detalla que durante la investigaci\u00f3n realizada en las dependencias del citado establecimiento la polic\u00eda se hab\u00eda llevado varias prendas de ropa para analizarlas.<\/p>\n\n\n\n<p class=\"wp-block-paragraph\">&#8216;SVT&#8217;, cadena de televisi\u00f3n p\u00fablica, tambi\u00e9n inform\u00f3 del asunto y recalc\u00f3 que la demandante acudi\u00f3 el s\u00e1bado a un hospital donde denunci\u00f3 que hab\u00eda sido v\u00edctima de una agresi\u00f3n y que&nbsp;<strong>hab\u00eda se\u00f1alado a Mbapp\u00e9 como el agresor<\/strong>.<\/p>\n\n\n\n<p class=\"wp-block-paragraph\">Por su parte, la Fiscal\u00eda confirm\u00f3 en un comunicado tras estas informaciones en los medios que hab\u00eda una investigaci\u00f3n por una sospecha de violaci\u00f3n. \u00abEl fiscal puede confirmar que&nbsp;<strong>la polic\u00eda ha recibido un informe de violaci\u00f3n<\/strong>, seg\u00fan el cual el incidente tuvo lugar el 10 de octubre de 2024 en un hotel del centro de Estocolmo\u00bb, recalc\u00f3 sin dar m\u00e1s datos.<\/p>\n\n\n\n<p class=\"wp-block-paragraph\">\u00abLa fiscal no est\u00e1 disponible para los medios y no puede brindar m\u00e1s informaci\u00f3n en este momento. Cuando haya m\u00e1s informaci\u00f3n disponible, se enviar\u00e1 un nuevo comunicado de prensa\u00bb, a\u00f1adi\u00f3.<\/p>\n\n\n\n<p class=\"wp-block-paragraph\">Tras conocer lo publicado en Suecia, representantes de Mbapp\u00e9 enviaron el siguiente comunicado a la agencia de noticias francesa AFP: \u00abHoy,&nbsp;<strong>un nuevo rumor difamatorio<\/strong>&nbsp;comienza a difundirse desde el medio sueco &#8216;Aftonbladet&#8217;. Estas acusaciones son completamente falsas e irresponsables y su propagaci\u00f3n es inaceptable. Para poner fin a esta destrucci\u00f3n met\u00f3dica de la imagen de<strong>&nbsp;Kylian Mbapp\u00e9<\/strong>, se emprender\u00e1n todas las acciones legales necesarias para restablecer la verdad y perseguir a cualquier persona o medio de comunicaci\u00f3n implicado en el acoso moral y el trato difamatorio que Kylian Mbapp\u00e9 est\u00e1 sufriendo repetidamente\u00bb.<\/p>\n\n\n\n<h3 class=\"wp-block-heading\">Su abogada: \u00abKylian nunca est\u00e1 solo\u00bb<\/h3>\n\n\n\n<p class=\"wp-block-paragraph\"><strong>Marie-Alix Canu Bernard<\/strong>, abogada de Mbapp\u00e9, acudi\u00f3 la noche de este martes al informativo de la televisi\u00f3n francesa &#8216;TF1&#8217; para dar la versi\u00f3n del jugador. \u00abEstamos hablando de una denuncia, de una presentaci\u00f3n de denuncia, pero en este momento no sabemos contra qui\u00e9n. Una denuncia no establece la verdad, no prueba nada, y ni siquiera s\u00e9 si la denuncia est\u00e1 dirigida a \u00e9l\u00bb, declar\u00f3.<\/p>\n\n\n\n<p class=\"wp-block-paragraph\">Y desvel\u00f3 que el futbolista franc\u00e9s \u00abnunca est\u00e1 solo\u00bb.&nbsp;<strong>\u00abNunca est\u00e1 expuesto a encontrarse en una situaci\u00f3n en la que exista un riesgo para \u00e9l<\/strong>, por lo que se excluye por completo la posibilidad de que haya habido acciones reprobables por su parte\u00bb.<\/p>\n\n\n\n<p class=\"wp-block-paragraph\">\u00abKylian est\u00e1 tranquilo, pero, por otro lado, est\u00e1 totalmente asombrado por este tipo de exageraci\u00f3n medi\u00e1tica y no entiende en absoluto de qu\u00e9 se le puede acusar\u00bb, a\u00f1adi\u00f3 antes de insistir en que ejercer\u00e1 acciones por denuncias calumniosas contra los medios de comunicaci\u00f3n responsables de las mismas en las pr\u00f3ximas horas.<\/p>\n\n\n\n<p class=\"wp-block-paragraph\"><strong>Didier Deschamps<\/strong>, seleccionador de Francia, tambi\u00e9n tuvo que responder a preguntas sobre este asunto. Se mostr\u00f3 cauto y, sobre todo, pidi\u00f3 cautela a la prensa: \u00ab<strong>Tened cuidado<\/strong>. Ser\u00eda mejor dar un paso atr\u00e1s antes de publicar cualquier cosa, pero esto pasa muy a menudo. Hay cosas que no son dif\u00edciles de verificar, pero si le das cr\u00e9dito a cualquier cosa&#8230; En cualquier caso, no voy a hablar con \u00e9l sobre el tema. Ya es lo suficientemente mayor como para saber comunicarse\u00bb.<\/p>\n","protected":false},"excerpt":{"rendered":"<p>La prensa sueca asegura que el delantero franc\u00e9s del&nbsp;Real Madrid, Kylian Mbapp\u00e9, est\u00e1 siendo investigado por la polic\u00eda por una supuesta violaci\u00f3n ocurrida la semana pasada en Estocolmo, un hecho desmentido por el futbolista y su entorno, seg\u00fan informa Europa Press. As\u00ed, el diario &#8216;Aftonbladet&#8217; asegura en su p\u00e1gina web que puede confirmar que el [&hellip;]<\/p>\n","protected":false},"author":2,"featured_media":133545,"comment_status":"open","ping_status":"open","sticky":false,"template":"","format":"standard","meta":{"footnotes":""},"categories":[7],"tags":[],"class_list":["post-133544","post","type-post","status-publish","format-standard","has-post-thumbnail","hentry","category-deportes"],"_links":{"self":[{"href":"http:\/\/elcuartopoder.com.mx\/nw\/wp-json\/wp\/v2\/posts\/133544","targetHints":{"allow":["GET"]}}],"collection":[{"href":"http:\/\/elcuartopoder.com.mx\/nw\/wp-json\/wp\/v2\/posts"}],"about":[{"href":"http:\/\/elcuartopoder.com.mx\/nw\/wp-json\/wp\/v2\/types\/post"}],"author":[{"embeddable":true,"href":"http:\/\/elcuartopoder.com.mx\/nw\/wp-json\/wp\/v2\/users\/2"}],"replies":[{"embeddable":true,"href":"http:\/\/elcuartopoder.com.mx\/nw\/wp-json\/wp\/v2\/comments?post=133544"}],"version-history":[{"count":1,"href":"http:\/\/elcuartopoder.com.mx\/nw\/wp-json\/wp\/v2\/posts\/133544\/revisions"}],"predecessor-version":[{"id":133546,"href":"http:\/\/elcuartopoder.com.mx\/nw\/wp-json\/wp\/v2\/posts\/133544\/revisions\/133546"}],"wp:featuredmedia":[{"embeddable":true,"href":"http:\/\/elcuartopoder.com.mx\/nw\/wp-json\/wp\/v2\/media\/133545"}],"wp:attachment":[{"href":"http:\/\/elcuartopoder.com.mx\/nw\/wp-json\/wp\/v2\/media?parent=133544"}],"wp:term":[{"taxonomy":"category","embeddable":true,"href":"http:\/\/elcuartopoder.com.mx\/nw\/wp-json\/wp\/v2\/categories?post=133544"},{"taxonomy":"post_tag","embeddable":true,"href":"http:\/\/elcuartopoder.com.mx\/nw\/wp-json\/wp\/v2\/tags?post=133544"}],"curies":[{"name":"wp","href":"https:\/\/api.w.org\/{rel}","templated":true}]}}