{"id":133550,"date":"2024-10-16T19:19:04","date_gmt":"2024-10-17T00:19:04","guid":{"rendered":"https:\/\/elcuartopoder.com.mx\/nw\/?p=133550"},"modified":"2024-10-16T19:19:07","modified_gmt":"2024-10-17T00:19:07","slug":"culto-a-la-personalidad-y-personalidad-del-culto","status":"publish","type":"post","link":"http:\/\/elcuartopoder.com.mx\/nw\/opinion\/culto-a-la-personalidad-y-personalidad-del-culto\/","title":{"rendered":"Culto a la personalidad y personalidad del culto"},"content":{"rendered":"\n<p class=\"wp-block-paragraph\">Se necesita una personalidad muy enferma para financiar hoy el \u201cculto a la personalidad\u201d. Mareados en las c\u00faspides de sus egolatr\u00edas, muchos \u201cpol\u00edticos\u201d, \u201cempresarios\u201d e \u201cintelectuales\u201d, se hacen adorar y se adoran echando mano del viejo truco de \u201cmanejar la caja\u201d y extorsionar siervos a cambio de migajas dinerarias o afectivas. Eso es un tema de an\u00e1lisis semi\u00f3tico en combate. Toda personalidad que rinde culto a cualquier \u201cpersonalidad\u201d, adora la sublimaci\u00f3n incluso hasta niveles \u201cdivinos\u201d y le asignan cualidades inefables consideradas incluso infalibles. As\u00ed es la burgues\u00eda, y sus imitadores, en general.<\/p>\n\n\n\n<p class=\"wp-block-paragraph\">Muchos basan su \u201cculto\u201d en la cultura del \u201ccarisma\u201d que se regodea en la tesis de que los \u201cl\u00edderes carism\u00e1ticos\u201d poseen cualidades personales \u00fanicas para seducir a sus seguidores. Se creen \u201cautoridades\u201d capaces de llevar a sus reba\u00f1os por el buen camino. Una personalidad carism\u00e1tica cree que nace para iluminar al mundo ante infinidad de problemas, mereciendo de todos y de s\u00ed el \u201cculto a su personalidad\u201d. Y hay \u201ccultos\u201d que los asesoran y suelen llamarse \u201cintelectuales org\u00e1nicos\u201d.<\/p>\n\n\n\n<p class=\"wp-block-paragraph\">Ciertas \u201cpersonalidades\u201d embriagadas con su culto se hacen iluminar por las mieles de la propaganda y la comunicaci\u00f3n de masas que compran para crear y mantener su \u201cculto a la personalidad\u201d fabricado a medida. Ellos son la far\u00e1ndula de las vanidades m\u00e1s bizarras que pagan medios de comunicaci\u00f3n para construirse una \u201cimagen p\u00fablica\u201d barnizada con ambiciones imp\u00fadicas \u2013e impunes\u2013 de poder individualista. Otros, fabrican el culto a su personalidad jugando al sabelotodo para arg\u00fcir que ellos son respuesta a \u201clas necesidades humanas\u201d y tienen el poder de dar sentido de pertenencia, identidad y prop\u00f3sito existencial, cuando el capitalismo arrecia sus guerras ideol\u00f3gicas especializadas en contextos de alienaci\u00f3n y desesperanza.<\/p>\n\n\n\n<p class=\"wp-block-paragraph\">Es indispensable analizar cr\u00edticamente el \u201cculto a la personalidad\u201d, porque la mayor\u00eda tiende a descarrilarse hacia reg\u00edmenes totalitarios. Operan para ser s\u00edmbolo vali\u00e9ndose de la propaganda de s\u00ed mismos, para ser venerados por la poblaci\u00f3n. Anulan todo pensamiento cr\u00edtico y se entregan al regodeo de creerse \u201cla simpat\u00eda\u201d, \u201cla inteligencia\u201d y \u201cla gracia\u201d descendidas del cielo. Algunos llegan a expandir su \u201cculto a la personalidad\u201d a trav\u00e9s de mitolog\u00edas que los ascienden a representantes \u00fanicos de la verdad y la esperanza, la lealtad y el amor al pueblo.<\/p>\n\n\n\n<p class=\"wp-block-paragraph\">As\u00ed son Mussolini y Stalin, Winston Churchill, Augusto Pinochet, Milei y Donald Trump, entre miles. Semejantes extremos y delirios sobre el \u201cculto a la personalidad\u201d, se naturalizaron como fen\u00f3meno pol\u00edtico y social que deriva en una sicopatolog\u00eda propia del poder burgu\u00e9s contra el inconsciente colectivo y las estructuras econ\u00f3mico-sociales. Se hace proyecci\u00f3n y transferencia de los peores productos de las burgues\u00edas que son distorsi\u00f3n de la sique colectiva, donde los egos con poder econ\u00f3mico-pol\u00edtico proyectan sus propias inseguridades, deseos y anhelos corruptos. Tal proyecci\u00f3n crea vicios emocionales que fomentan lealtad y apoyo incondicional a la corrupci\u00f3n tolerada a toda costa. Su transferencia de egos desfigurados ocurre cuando los seguidores transfieren, a su vez, sentimientos de admiraci\u00f3n, temor o devoci\u00f3n, y luego replican en su vida cotidiana las f\u00f3rmulas de autoritarismo.<\/p>\n\n\n\n<p class=\"wp-block-paragraph\">Hay sectores populares que se identifican con el desorden s\u00edquico de algunos l\u00edderes paridos por su egolatr\u00eda; de ellos adoptan muecas y gesticulaciones, actitudes o creencias de vanidades que se multiplican en el peor de los individualismos. Esta distorsi\u00f3n de lo social es central en la formaci\u00f3n de grupos fan\u00e1ticos que se ven a s\u00ed mismos como parte del \u00e9xito del l\u00edder. Es una forma de alienaci\u00f3n en que los seguidores renuncian a su autonom\u00eda en favor de la figura del l\u00edder, y eso sirve para perpetuar las estructuras burguesas de poder material e ideol\u00f3gico.<\/p>\n\n\n\n<p class=\"wp-block-paragraph\">Hay que desarrollar mecanismos de defensa. Todas las luchas sociales o pol\u00edticas deber\u00edan usar estrategias de defensa contra la adoraci\u00f3n y el fanatismo ante los l\u00edderes. Hay que repudiar el \u201cculto a la personalidad\u201d porque en su individualismo se ningunean los pueblos eclipsados por la egolatr\u00eda del l\u00edder. Urge la cr\u00edtica cient\u00edfica para romper con toda autoidolatr\u00eda y sus repercusiones deleznables disfrazadas de \u201cbien com\u00fan\u201d.<\/p>\n\n\n\n<p class=\"wp-block-paragraph\">Ya que la egolatr\u00eda de la clase dominante sirve para perpetuar sus controles sobre las masas, es preciso derrotar su \u201cculto a la personalidad\u201d que es arma ideol\u00f3gica para distraer la atenci\u00f3n sobre las corruptelas del capitalismo y de las condiciones materiales que afectan al proletariado. Centrar la atenci\u00f3n en el l\u00edder, sirve para desviar la atenci\u00f3n en la lucha de clases, es una emboscada cargada con injusticias inherentes. El \u201cculto a la personalidad\u201d fomenta la negaci\u00f3n de la propia historia y la cultura. Convierte a los pueblos en espectadores de la \u201cgrandeza\u201d del l\u00edder y fomenta la falta de conciencia cr\u00edtica. Es una manipulaci\u00f3n para consolidar el poder burgu\u00e9s, farandulizando la dependencia en torno a una figura histri\u00f3nica.<\/p>\n\n\n\n<p class=\"wp-block-paragraph\">Hoy el \u201cculto a la personalidad\u201d es tambi\u00e9n una mercanc\u00eda fabricada por los publicistas que negocian con medios de comunicaci\u00f3n y redes sociales para construir y mantener sus mercanc\u00edas del ego. Urge un an\u00e1lisis semi\u00f3tico de la mercanc\u00eda burguesa expresada en el \u201cculto a la personalidad\u201d, mientras padecemos a la ideolog\u00eda de la clase dominante golpeando a los pueblos en lo objetivo y en lo subjetivo.<\/p>\n\n\n\n<p class=\"wp-block-paragraph\">Urge denunciar las estrategias usadas para manipular las emociones y necesidades humanas, as\u00ed como las estructuras mercenarias de poder. Si queremos una revoluci\u00f3n humanista de las conciencias, es necesario desplegar una lucha franca contra las idolatr\u00edas y a cambio promover la participaci\u00f3n activa y consciente de los individuos en la construcci\u00f3n de formas nuevas de direcci\u00f3n pol\u00edtica. Terminar con las debilidades pol\u00edticas en aquello que deber\u00edan ser fortalezas. El \u201cculto a la personalidad\u201d es negaci\u00f3n de las fuerzas de las masas y debilitamiento de la autoridad pol\u00edtica, porque reduce la militancia al \u201cmagnetismo\u201d de la imagen individual. Y eso es un error, o es una trampa, porque dejan de ser viables las fuerzas de las bases aplastadas por las trampas de los iconoclastas o los id\u00f3latras del \u201cculto a la personalidad\u201d que es la dictadura ideol\u00f3gica del individualismo. En persona.<\/p>\n","protected":false},"excerpt":{"rendered":"<p>Se necesita una personalidad muy enferma para financiar hoy el \u201cculto a la personalidad\u201d. Mareados en las c\u00faspides de sus egolatr\u00edas, muchos \u201cpol\u00edticos\u201d, \u201cempresarios\u201d e \u201cintelectuales\u201d, se hacen adorar y se adoran echando mano del viejo truco de \u201cmanejar la caja\u201d y extorsionar siervos a cambio de migajas dinerarias o afectivas. Eso es un tema [&hellip;]<\/p>\n","protected":false},"author":2,"featured_media":133551,"comment_status":"open","ping_status":"open","sticky":false,"template":"","format":"standard","meta":{"footnotes":""},"categories":[62],"tags":[],"class_list":["post-133550","post","type-post","status-publish","format-standard","has-post-thumbnail","hentry","category-opinion"],"_links":{"self":[{"href":"http:\/\/elcuartopoder.com.mx\/nw\/wp-json\/wp\/v2\/posts\/133550","targetHints":{"allow":["GET"]}}],"collection":[{"href":"http:\/\/elcuartopoder.com.mx\/nw\/wp-json\/wp\/v2\/posts"}],"about":[{"href":"http:\/\/elcuartopoder.com.mx\/nw\/wp-json\/wp\/v2\/types\/post"}],"author":[{"embeddable":true,"href":"http:\/\/elcuartopoder.com.mx\/nw\/wp-json\/wp\/v2\/users\/2"}],"replies":[{"embeddable":true,"href":"http:\/\/elcuartopoder.com.mx\/nw\/wp-json\/wp\/v2\/comments?post=133550"}],"version-history":[{"count":1,"href":"http:\/\/elcuartopoder.com.mx\/nw\/wp-json\/wp\/v2\/posts\/133550\/revisions"}],"predecessor-version":[{"id":133552,"href":"http:\/\/elcuartopoder.com.mx\/nw\/wp-json\/wp\/v2\/posts\/133550\/revisions\/133552"}],"wp:featuredmedia":[{"embeddable":true,"href":"http:\/\/elcuartopoder.com.mx\/nw\/wp-json\/wp\/v2\/media\/133551"}],"wp:attachment":[{"href":"http:\/\/elcuartopoder.com.mx\/nw\/wp-json\/wp\/v2\/media?parent=133550"}],"wp:term":[{"taxonomy":"category","embeddable":true,"href":"http:\/\/elcuartopoder.com.mx\/nw\/wp-json\/wp\/v2\/categories?post=133550"},{"taxonomy":"post_tag","embeddable":true,"href":"http:\/\/elcuartopoder.com.mx\/nw\/wp-json\/wp\/v2\/tags?post=133550"}],"curies":[{"name":"wp","href":"https:\/\/api.w.org\/{rel}","templated":true}]}}