{"id":133553,"date":"2024-10-16T19:20:37","date_gmt":"2024-10-17T00:20:37","guid":{"rendered":"https:\/\/elcuartopoder.com.mx\/nw\/?p=133553"},"modified":"2024-10-16T19:20:40","modified_gmt":"2024-10-17T00:20:40","slug":"hezbola-amenaza-con-realizar-ataques-en-todo-israel","status":"publish","type":"post","link":"http:\/\/elcuartopoder.com.mx\/nw\/internacionales\/hezbola-amenaza-con-realizar-ataques-en-todo-israel\/","title":{"rendered":"Hezbol\u00e1 amenaza con realizar ataques en \u00abtodo\u00bb Israel"},"content":{"rendered":"\n<p class=\"wp-block-paragraph\">Hezbol\u00e1 amenaz\u00f3 este martes con llevar a cabo ataques en \u00abtodo\u00bb Israel, que intensifica los bombardeos de bastiones del movimiento islamista proiran\u00ed y en otros puntos de L\u00edbano.<\/p>\n\n\n\n<p class=\"wp-block-paragraph\">En un discurso, el n\u00famero dos de Hezbol\u00e1, Naim Qasem, afirm\u00f3 que \u00abla soluci\u00f3n\u00bb para poner fin a la guerra en L\u00edbano es \u00abun alto el fuego\u00bb, y asegur\u00f3 que su movimiento no ser\u00e1 \u00abderrotado\u00bb.<\/p>\n\n\n\n<p class=\"wp-block-paragraph\">\u00abYa que el enemigo israel\u00ed apunt\u00f3 contra todo L\u00edbano, tenemos derecho, desde una posici\u00f3n defensiva, a apuntar contra cualquier lugar\u00bb de Israel, \u00abya sea el centro, el norte o el sur\u00bb, se\u00f1al\u00f3 Qasem.<\/p>\n\n\n\n<p class=\"wp-block-paragraph\">Despu\u00e9s de casi a\u00f1o de enfrentamientos armados con Hezbol\u00e1 en la frontera israel\u00ed-libanesa y despu\u00e9s de debilitar a Ham\u00e1s en la Franja de Gaza, a mediados de septiembre el ej\u00e9rcito israel\u00ed puso el foco de la guerra en L\u00edbano, donde ha intensificado sus ataques contra los bastiones del movimiento chiita.<\/p>\n\n\n\n<p class=\"wp-block-paragraph\">El objetivo es alejar a Hezbol\u00e1 de las regiones fronterizas entre L\u00edbano e Israel y poner fin al lanzamiento de cohetes para que puedan regresar a sus casas los cerca de 60.000 israel\u00edes desplazados.<\/p>\n\n\n\n<p class=\"wp-block-paragraph\">Para ello, emprendi\u00f3 el 23 de septiembre una intensa campa\u00f1a de bombardeos a\u00e9reos contra feudos del movimiento proiran\u00ed, y el 30, una ofensiva terrestre en el sur del pa\u00eds.<\/p>\n\n\n\n<p class=\"wp-block-paragraph\">El primer ministro liban\u00e9s, Najib Mikati, declar\u00f3 el martes a AFP que Israel est\u00e1 llevando a cabo \u00abbreves incursiones\u00bb en el sur y a\u00f1adi\u00f3 que su pa\u00eds est\u00e1 dispuesto a reforzar sus tropas en esa regi\u00f3n, fronteriza con Israel, si se produce \u00abun alto el fuego\u00bb.<\/p>\n\n\n\n<p class=\"wp-block-paragraph\">Mikati agreg\u00f3 que su gobierno reforz\u00f3 las medidas de seguridad en el aeropuerto internacional de Beirut para \u00abquitarle cualquier pretexto\u00bb a Israel si pretende atacarlo.<\/p>\n\n\n\n<p class=\"wp-block-paragraph\">El ej\u00e9rcito israel\u00ed acus\u00f3 a Ir\u00e1n de intentar suministrar armas a Hezbol\u00e1 a trav\u00e9s de ese aeropuerto, y asegur\u00f3 que impedir\u00eda esos intentos. Las autoridades libanesas desmintieron esas acusaciones.<\/p>\n\n\n\n<p class=\"wp-block-paragraph\"><strong>\u00abNoche violenta\u00bb<\/strong><\/p>\n\n\n\n<p class=\"wp-block-paragraph\">El ej\u00e9rcito israel\u00ed lanz\u00f3 el martes varios ataques en el sur del pa\u00eds y en la regi\u00f3n de Bec\u00e1 (este), donde dej\u00f3 inoperativo un hospital en la ciudad de Baalbeck, seg\u00fan la agencia oficial de noticias libanesa ANI.<\/p>\n\n\n\n<p class=\"wp-block-paragraph\">\u00abFue una noche violenta en Baalbeck, no hab\u00edamos vivido una como esta desde la guerra de 2006\u00bb entre Israel y Hezbol\u00e1, dijo Nidal al Solh, de 50 a\u00f1os.<\/p>\n\n\n\n<p class=\"wp-block-paragraph\">Por su parte, la ONU reclam\u00f3 que se investigue un bombardeo israel\u00ed ocurrido el lunes en la aldea cristiana de Aito, en el norte de L\u00edbano, que dej\u00f3 que dej\u00f3 22 muertos, incluyendo 12 mujeres y dos ni\u00f1os, seg\u00fan la ONU.<\/p>\n\n\n\n<p class=\"wp-block-paragraph\">En total, los bombardeos israel\u00edes del lunes en L\u00edbano causaron 41 muertos y 124 heridos, seg\u00fan el Ministerio liban\u00e9s de Salud.<\/p>\n\n\n\n<p class=\"wp-block-paragraph\">Desde el 23 de septiembre, al menos 1.356 personas han muerto en L\u00edbano, seg\u00fan un recuento a partir de cifras oficiales.<\/p>\n\n\n\n<p class=\"wp-block-paragraph\">La ONU ha reportado casi 700.000 desplazados.<\/p>\n\n\n\n<p class=\"wp-block-paragraph\">En el sur del pa\u00eds, la fuerza de mantenimiento de la paz de la ONU, la Finul, decidi\u00f3 mantener sus posiciones pese a los tiros del ej\u00e9rcito israel\u00ed contra sus posiciones y a que el primer ministro israel\u00ed, Benjamin Netanyahu, hubiera pedido que evacuaran la zona.<\/p>\n\n\n\n<p class=\"wp-block-paragraph\">Hezbol\u00e1 indic\u00f3 este martes que dispar\u00f3 cohetes contra Haifa y otras regiones del norte de Israel y report\u00f3 combates con soldados \u00abinfiltrados\u00bb en el sur de L\u00edbano.<\/p>\n\n\n\n<p class=\"wp-block-paragraph\">Tambi\u00e9n dijo que dispar\u00f3 misiles contra \u00abtres topadoras y un tanque\u00bb del ej\u00e9rcito israel\u00ed, que resultaron incendiados, cerca de una aldea del sur de L\u00edbano.<\/p>\n\n\n\n<p class=\"wp-block-paragraph\"><strong>\u00abInter\u00e9s nacional\u00bb<\/strong><\/p>\n\n\n\n<p class=\"wp-block-paragraph\">Al tiempo que contin\u00faan su guerra contra Hezbol\u00e1 en L\u00edbano y contra Ham\u00e1s en la Franja de Gaza, los israel\u00edes siguen preparando una respuesta al ataque de Ir\u00e1n del 1 de octubre, cuando la Rep\u00fablica Isl\u00e1mica lanz\u00f3 cerca de 200 misiles contra Israel.<\/p>\n\n\n\n<p class=\"wp-block-paragraph\">Netanyahu afirm\u00f3 este martes que su pa\u00eds decidir\u00e1 en solitario cu\u00e1les ser\u00e1n los objetivos de un eventual ataque contra Ir\u00e1n, despu\u00e9s de que el presidente estadounidense, Joe Biden, lo instara a no apuntar contra sitios petroleros ni nucleares.<\/p>\n\n\n\n<p class=\"wp-block-paragraph\">\u00abEscuchamos las opiniones de Estados Unidos, pero tomaremos nuestras decisiones finales en funci\u00f3n de nuestro inter\u00e9s nacional\u00bb, dijo Netanyahu.<\/p>\n\n\n\n<p class=\"wp-block-paragraph\">Ir\u00e1n sostiene que atac\u00f3 a Israel para vengar las muertes del general iran\u00ed Ab\u00e1s Nilforoushan y del jefe de Hezbol\u00e1, Has\u00e1n Nasral\u00e1, abatidos el 27 de septiembre en un bombardeo israel\u00ed en un suburbio al sur de Beirut.<\/p>\n\n\n\n<p class=\"wp-block-paragraph\">El ataque iran\u00ed tambi\u00e9n buscaba vengar la muerte del jefe de Ham\u00e1s, Ismail Haniyeh, muerto el 31 de julio en Teher\u00e1n en un ataque que Ir\u00e1n y el movimiento islamista palestino atribuyeron a Israel.<\/p>\n\n\n\n<p class=\"wp-block-paragraph\">Durante el funeral de Ab\u00e1s Nilforoushan este martes en Teher\u00e1n, el comandante iran\u00ed Esmail Qaani reapareci\u00f3 en p\u00fablico, despu\u00e9s de que los medios afirmaran que fue blanco de ataques israel\u00edes el 4 de octubre en el sur de Beirut.<\/p>\n\n\n\n<p class=\"wp-block-paragraph\">El ataque de Hamas el 7 de octubre de 2023 mat\u00f3 a 1.206 personas en Israel, en su mayor\u00eda civiles, seg\u00fan un recuento basado en cifras oficiales israel\u00edes y que incluye los rehenes que murieron en cautiverio en Gaza.<\/p>\n\n\n\n<p class=\"wp-block-paragraph\">Al menos 42.344 palestinos han muerto, en su mayor\u00eda civiles, en la ofensiva de represalia israel\u00ed en Gaza, seg\u00fan datos del Ministerio de Salud del gobierno de Ham\u00e1s, considerados fiables por la ONU.<\/p>\n","protected":false},"excerpt":{"rendered":"<p>Hezbol\u00e1 amenaz\u00f3 este martes con llevar a cabo ataques en \u00abtodo\u00bb Israel, que intensifica los bombardeos de bastiones del movimiento islamista proiran\u00ed y en otros puntos de L\u00edbano. En un discurso, el n\u00famero dos de Hezbol\u00e1, Naim Qasem, afirm\u00f3 que \u00abla soluci\u00f3n\u00bb para poner fin a la guerra en L\u00edbano es \u00abun alto el fuego\u00bb, [&hellip;]<\/p>\n","protected":false},"author":2,"featured_media":133554,"comment_status":"open","ping_status":"open","sticky":false,"template":"","format":"standard","meta":{"footnotes":""},"categories":[8],"tags":[],"class_list":["post-133553","post","type-post","status-publish","format-standard","has-post-thumbnail","hentry","category-internacionales"],"_links":{"self":[{"href":"http:\/\/elcuartopoder.com.mx\/nw\/wp-json\/wp\/v2\/posts\/133553","targetHints":{"allow":["GET"]}}],"collection":[{"href":"http:\/\/elcuartopoder.com.mx\/nw\/wp-json\/wp\/v2\/posts"}],"about":[{"href":"http:\/\/elcuartopoder.com.mx\/nw\/wp-json\/wp\/v2\/types\/post"}],"author":[{"embeddable":true,"href":"http:\/\/elcuartopoder.com.mx\/nw\/wp-json\/wp\/v2\/users\/2"}],"replies":[{"embeddable":true,"href":"http:\/\/elcuartopoder.com.mx\/nw\/wp-json\/wp\/v2\/comments?post=133553"}],"version-history":[{"count":1,"href":"http:\/\/elcuartopoder.com.mx\/nw\/wp-json\/wp\/v2\/posts\/133553\/revisions"}],"predecessor-version":[{"id":133555,"href":"http:\/\/elcuartopoder.com.mx\/nw\/wp-json\/wp\/v2\/posts\/133553\/revisions\/133555"}],"wp:featuredmedia":[{"embeddable":true,"href":"http:\/\/elcuartopoder.com.mx\/nw\/wp-json\/wp\/v2\/media\/133554"}],"wp:attachment":[{"href":"http:\/\/elcuartopoder.com.mx\/nw\/wp-json\/wp\/v2\/media?parent=133553"}],"wp:term":[{"taxonomy":"category","embeddable":true,"href":"http:\/\/elcuartopoder.com.mx\/nw\/wp-json\/wp\/v2\/categories?post=133553"},{"taxonomy":"post_tag","embeddable":true,"href":"http:\/\/elcuartopoder.com.mx\/nw\/wp-json\/wp\/v2\/tags?post=133553"}],"curies":[{"name":"wp","href":"https:\/\/api.w.org\/{rel}","templated":true}]}}