{"id":133559,"date":"2024-10-16T19:23:29","date_gmt":"2024-10-17T00:23:29","guid":{"rendered":"https:\/\/elcuartopoder.com.mx\/nw\/?p=133559"},"modified":"2024-10-16T19:23:33","modified_gmt":"2024-10-17T00:23:33","slug":"esta-es-la-cualidad-que-comparten-las-personas-mas-inteligentes-segun-especialista","status":"publish","type":"post","link":"http:\/\/elcuartopoder.com.mx\/nw\/destacadas\/esta-es-la-cualidad-que-comparten-las-personas-mas-inteligentes-segun-especialista\/","title":{"rendered":"Esta es la cualidad que comparten las personas m\u00e1s inteligentes, seg\u00fan especialista"},"content":{"rendered":"\n<p>Todas las\u00a0personas\u00a0somos distintas y a la vez iguales en muchos aspectos. Algunas se destacan m\u00e1s por su\u00a0<strong>inteligencia<\/strong>, mientras que otras por su energ\u00eda, su forma de comunicarse, la habilidad para resolver problemas y hasta su poder de organizaci\u00f3n, entre muchas otras cualidades o facultades.<\/p>\n\n\n\n<figure class=\"wp-block-image\"><img decoding=\"async\" src=\"https:\/\/heraldodemexico.com.mx\/u\/fotografias\/m\/2024\/10\/14\/f768x1-1025940_1026067_5050.jpg\" alt=\"\"\/><figcaption class=\"wp-element-caption\">Personas inteligentes. Fuente: iStock<\/figcaption><\/figure>\n\n\n\n<p>Lo se\u00f1alado puede marcar la diferencia entre unas&nbsp;<strong>personas&nbsp;<\/strong>y otras, mientras que entre las similitudes podemos se\u00f1alar algunos par\u00e1metros de comportamiento y, en lo que respecta al tema de hoy, algunas respuestas mec\u00e1nicas que, por lo general, terminan gener\u00e1ndonos un dolor de cabeza.<\/p>\n\n\n\n<h2 class=\"wp-block-heading\">Una cualidad de las personas inteligentes<\/h2>\n\n\n\n<p>James Clear es un experto en h\u00e1bitos y autor del libro \u201cH\u00e1bitos at\u00f3micos\u201d, entre sus preceptos se\u00f1ala que muchas&nbsp;<strong>personas&nbsp;<\/strong>deben aprender a decir que no. En este caso hace referencia a un mecanismo pr\u00e1cticamente autom\u00e1tico que muchas personas emplean con el fin de no ser groseros o por temor a la desaprobaci\u00f3n.<\/p>\n\n\n\n<figure class=\"wp-block-image\"><img decoding=\"async\" src=\"https:\/\/heraldodemexico.com.mx\/u\/fotografias\/m\/2024\/10\/14\/f768x1-1025941_1026068_5050.jpg\" alt=\"\"\/><figcaption class=\"wp-element-caption\">Personas inteligentes. Fuente: iStock<\/figcaption><\/figure>\n\n\n\n<p>Clear afirma que muchas personas se suman obligaciones que no desean por el simple hecho de no saber decir que no. Entonces, hace un paralelismo al se\u00f1alar que las personas m\u00e1s inteligentes tienen la capacidad de priorizar el tiempo y la energ\u00eda. Esta es la&nbsp;<strong>cualidad&nbsp;<\/strong>que comparten aquellas personas que gozan de&nbsp;<a href=\"https:\/\/es.wikipedia.org\/wiki\/Inteligencia\" target=\"_blank\" rel=\"noreferrer noopener\">inteligencia<\/a>&nbsp;y que adem\u00e1s son m\u00e1s felices.<\/p>\n\n\n\n<figure class=\"wp-block-image\"><img decoding=\"async\" src=\"https:\/\/heraldodemexico.com.mx\/u\/fotografias\/m\/2024\/10\/14\/f768x1-1025942_1026069_5050.jpg\" alt=\"\"\/><figcaption class=\"wp-element-caption\">Personas inteligentes. Fuente: iStock<\/figcaption><\/figure>\n\n\n\n<p>Para lograr adoptar esta&nbsp;<strong>cualidad<\/strong>, el experto en h\u00e1bitos afirma que un primer paso ser\u00eda tomarse un tiempo antes de obligarse a dar una respuesta inmediata. De esta manera, se evitar\u00e1 decir que s\u00ed r\u00e1pidamente y daremos lugar a la posibilidad de analizar muy bien la petici\u00f3n que nos hayan hecho y luego estaremos en condiciones de saber si la respuesta adecuada ser\u00eda un s\u00ed o un no.<\/p>\n","protected":false},"excerpt":{"rendered":"<p>Todas las\u00a0personas\u00a0somos distintas y a la vez iguales en muchos aspectos. Algunas se destacan m\u00e1s por su\u00a0inteligencia, mientras que otras por su energ\u00eda, su forma de comunicarse, la habilidad para resolver problemas y hasta su poder de organizaci\u00f3n, entre muchas otras cualidades o facultades. Lo se\u00f1alado puede marcar la diferencia entre unas&nbsp;personas&nbsp;y otras, mientras que [&hellip;]<\/p>\n","protected":false},"author":2,"featured_media":133560,"comment_status":"open","ping_status":"open","sticky":false,"template":"","format":"standard","meta":{"footnotes":""},"categories":[59],"tags":[],"class_list":["post-133559","post","type-post","status-publish","format-standard","has-post-thumbnail","hentry","category-destacadas"],"_links":{"self":[{"href":"http:\/\/elcuartopoder.com.mx\/nw\/wp-json\/wp\/v2\/posts\/133559","targetHints":{"allow":["GET"]}}],"collection":[{"href":"http:\/\/elcuartopoder.com.mx\/nw\/wp-json\/wp\/v2\/posts"}],"about":[{"href":"http:\/\/elcuartopoder.com.mx\/nw\/wp-json\/wp\/v2\/types\/post"}],"author":[{"embeddable":true,"href":"http:\/\/elcuartopoder.com.mx\/nw\/wp-json\/wp\/v2\/users\/2"}],"replies":[{"embeddable":true,"href":"http:\/\/elcuartopoder.com.mx\/nw\/wp-json\/wp\/v2\/comments?post=133559"}],"version-history":[{"count":1,"href":"http:\/\/elcuartopoder.com.mx\/nw\/wp-json\/wp\/v2\/posts\/133559\/revisions"}],"predecessor-version":[{"id":133561,"href":"http:\/\/elcuartopoder.com.mx\/nw\/wp-json\/wp\/v2\/posts\/133559\/revisions\/133561"}],"wp:featuredmedia":[{"embeddable":true,"href":"http:\/\/elcuartopoder.com.mx\/nw\/wp-json\/wp\/v2\/media\/133560"}],"wp:attachment":[{"href":"http:\/\/elcuartopoder.com.mx\/nw\/wp-json\/wp\/v2\/media?parent=133559"}],"wp:term":[{"taxonomy":"category","embeddable":true,"href":"http:\/\/elcuartopoder.com.mx\/nw\/wp-json\/wp\/v2\/categories?post=133559"},{"taxonomy":"post_tag","embeddable":true,"href":"http:\/\/elcuartopoder.com.mx\/nw\/wp-json\/wp\/v2\/tags?post=133559"}],"curies":[{"name":"wp","href":"https:\/\/api.w.org\/{rel}","templated":true}]}}