{"id":133570,"date":"2024-10-17T09:33:25","date_gmt":"2024-10-17T14:33:25","guid":{"rendered":"http:\/\/elcuartopoder.com.mx\/nw\/?p=133570"},"modified":"2024-10-17T09:33:51","modified_gmt":"2024-10-17T14:33:51","slug":"el-acne-afecta-la-salud-mental-de-los-adolescentes-mexicanos-esto-dicen-especialistas","status":"publish","type":"post","link":"http:\/\/elcuartopoder.com.mx\/nw\/entretenimiento\/salud\/el-acne-afecta-la-salud-mental-de-los-adolescentes-mexicanos-esto-dicen-especialistas\/","title":{"rendered":"\u00bfEl acn\u00e9 afecta la salud mental de los adolescentes mexicanos? Esto dicen especialistas"},"content":{"rendered":"\n<p>Casi el 90 por ciento de los\u00a0adolescentes en M\u00e9xico padecen acn\u00e9, una condici\u00f3n que tambi\u00e9n afecta a casi el 40 por ciento de los adultos en el pa\u00eds y que\u00a0<strong>provoca baja autoestima<\/strong>\u00a0y afectaciones emocionales y\u00a0<strong>de salud mental,\u00a0<\/strong>advirti\u00f3 este mi\u00e9rcoles la dermat\u00f3loga Mar\u00eda Jos\u00e9 Garc\u00eda Alonso.<\/p>\n\n\n\n<p>\u201cEn general se estima que a\u00a0nivel mundial al 80 por ciento de los adolescentes les afecta el acn\u00e9,\u00a0pero en Latinoam\u00e9rica se ha visto que este porcentaje sube hasta el 90 por ciento. Adem\u00e1s, recientemente es una afecci\u00f3n que se ve m\u00e1s com\u00fan todav\u00eda en adultos\u201d, dijo a EFE la especialista en\u00a0cuidado de la piel.<\/p>\n\n\n\n<p>La doctora explic\u00f3 que si bien esta condici\u00f3n tiene un importante factor gen\u00e9tico, tambi\u00e9n tiene mucho que ver con\u00a0el estilo de vida, la alimentaci\u00f3n y el ejercicio.<\/p>\n\n\n\n<p>\u201cSe sabe que la falta de ejercicio, la mala alimentaci\u00f3n, el estr\u00e9s son factores que influyen y eso es lo que tambi\u00e9n est\u00e1 haciendo que tengamos m\u00e1s acn\u00e9 no s\u00f3lo en j\u00f3venes, sino tambi\u00e9n en adultos\u201d, acot\u00f3.<\/p>\n\n\n\n<hr class=\"wp-block-separator has-alpha-channel-opacity\"\/>\n\n\n\n<h2 class=\"wp-block-heading\">\u00bfC\u00f3mo afecta el acn\u00e9 a la salud mental de los adolescentes?<\/h2>\n\n\n\n<p>Seg\u00fan la experta, los granos, barros y espinillas son las lesiones m\u00e1s comunes en la piel de los mexicanos, y la mayor\u00eda de ellas pueden visualizarse en el rostro, lo que impacta la&nbsp;<strong>autoestima de los pacientes.<\/strong><\/p>\n\n\n\n<p>\u201cHay s\u00edntomas que molestan f\u00edsicamente, pero adem\u00e1s&nbsp;<a href=\"https:\/\/www.elfinanciero.com.mx\/salud\/2024\/10\/08\/dia-mundial-de-la-salud-mental-como-protegernos-de-desarrollar-un-trastorno\/\" target=\"_blank\" rel=\"noreferrer noopener\">emocionalmente generan toda esta inseguridad<\/a>, piensas que todo el mundo te est\u00e1 viendo, que te est\u00e1 juzgando, que te ves mal y adem\u00e1s est\u00e1n las lesiones activas que dejan manchas o cicatrices\u201d, describi\u00f3.<\/p>\n\n\n\n<p>Garc\u00eda Alonso se\u00f1al\u00f3 que una de las principales problem\u00e1ticas es que las personas no consideran importante buscar un tratamiento, aunado a que se piensa que acudir con un dermat\u00f3logo es costoso, lo que evita que los pacientes controlen el acn\u00e9 de manera adecuada.<\/p>\n\n\n\n<p>\u201cEl acn\u00e9 siempre hay que tratarlo, siempre hay opciones. Hay que tratarlo as\u00ed sean tres espinillas, hay que ver por qu\u00e9 salieron y c\u00f3mo quitarlas, y evitar que el paciente desarrolle m\u00e1s acn\u00e9, o tenga manchas o cicatrices que le generen depresi\u00f3n y ansiedad\u201d, apunt\u00f3.<\/p>\n\n\n\n<p>Asimismo, destac\u00f3 la<strong>&nbsp;importancia de personalizar cada caso<\/strong>, pues el problema puede tener diferentes causas y, por ende, debe haber un tratamiento especializado e integral.<\/p>\n\n\n\n<h2 class=\"wp-block-heading\">\u00bfC\u00f3mo tratar el acn\u00e9 en los adolescentes?<\/h2>\n\n\n\n<p>Enunci\u00f3 que existen tratamientos t\u00f3picos que utilizan como activo principal los retinoides, adem\u00e1s de antibi\u00f3ticos orales y, en casos m\u00e1s severos, tratamientos extra l\u00e1ser, \u2018peelings\u2019, micropunciones e incisiones.<\/p>\n\n\n\n<p>\u201cPero el tratamiento depende 100 por ciento de cada paciente, es muy personalizado\u201d, insisti\u00f3.<\/p>\n\n\n\n<p>Destac\u00f3 tratamientos innovadores como los parches con hidrocoloides, que se han utilizado en la medicina desde hace muchos a\u00f1os, y que se usan para \u00falceras y quemaduras, piel lastimada y para acelerar la cicatrizaci\u00f3n.<\/p>\n\n\n\n<p>Estos parches, detall\u00f3, ayudan a regenerar la piel, por lo que si existe una lesi\u00f3n inflamatoria de acn\u00e9, ayuda a que se desinflame m\u00e1s r\u00e1pido, que la piel haga su funci\u00f3n, se recupere y regenere con mayor velocidad.<\/p>\n\n\n\n<p>La especialista resalt\u00f3 la importancia de acudir a un dermat\u00f3logo ante el acn\u00e9, incluso en los casos m\u00e1s leves, pues en un m\u00ednimo de tres meses pueden controlarse los brotes.<\/p>\n\n\n\n<p>Asimismo, consider\u00f3 fundamental implementar cambios en el estilo de vida, alimentaci\u00f3n y ejercicio, y dormir bien para mejorar la condici\u00f3n de la piel.<\/p>\n","protected":false},"excerpt":{"rendered":"<p>Casi el 90 por ciento de los\u00a0adolescentes en M\u00e9xico padecen acn\u00e9, una condici\u00f3n que tambi\u00e9n afecta a casi el 40 por ciento de los adultos en el pa\u00eds y que\u00a0provoca baja autoestima\u00a0y afectaciones emocionales y\u00a0de salud mental,\u00a0advirti\u00f3 este mi\u00e9rcoles la dermat\u00f3loga Mar\u00eda Jos\u00e9 Garc\u00eda Alonso. \u201cEn general se estima que a\u00a0nivel mundial al 80 por [&hellip;]<\/p>\n","protected":false},"author":2,"featured_media":133571,"comment_status":"open","ping_status":"open","sticky":false,"template":"","format":"standard","meta":{"footnotes":""},"categories":[56],"tags":[],"class_list":["post-133570","post","type-post","status-publish","format-standard","has-post-thumbnail","hentry","category-salud"],"_links":{"self":[{"href":"http:\/\/elcuartopoder.com.mx\/nw\/wp-json\/wp\/v2\/posts\/133570","targetHints":{"allow":["GET"]}}],"collection":[{"href":"http:\/\/elcuartopoder.com.mx\/nw\/wp-json\/wp\/v2\/posts"}],"about":[{"href":"http:\/\/elcuartopoder.com.mx\/nw\/wp-json\/wp\/v2\/types\/post"}],"author":[{"embeddable":true,"href":"http:\/\/elcuartopoder.com.mx\/nw\/wp-json\/wp\/v2\/users\/2"}],"replies":[{"embeddable":true,"href":"http:\/\/elcuartopoder.com.mx\/nw\/wp-json\/wp\/v2\/comments?post=133570"}],"version-history":[{"count":1,"href":"http:\/\/elcuartopoder.com.mx\/nw\/wp-json\/wp\/v2\/posts\/133570\/revisions"}],"predecessor-version":[{"id":133572,"href":"http:\/\/elcuartopoder.com.mx\/nw\/wp-json\/wp\/v2\/posts\/133570\/revisions\/133572"}],"wp:featuredmedia":[{"embeddable":true,"href":"http:\/\/elcuartopoder.com.mx\/nw\/wp-json\/wp\/v2\/media\/133571"}],"wp:attachment":[{"href":"http:\/\/elcuartopoder.com.mx\/nw\/wp-json\/wp\/v2\/media?parent=133570"}],"wp:term":[{"taxonomy":"category","embeddable":true,"href":"http:\/\/elcuartopoder.com.mx\/nw\/wp-json\/wp\/v2\/categories?post=133570"},{"taxonomy":"post_tag","embeddable":true,"href":"http:\/\/elcuartopoder.com.mx\/nw\/wp-json\/wp\/v2\/tags?post=133570"}],"curies":[{"name":"wp","href":"https:\/\/api.w.org\/{rel}","templated":true}]}}