{"id":133574,"date":"2024-10-17T09:39:08","date_gmt":"2024-10-17T14:39:08","guid":{"rendered":"http:\/\/elcuartopoder.com.mx\/nw\/?p=133574"},"modified":"2024-10-17T09:39:10","modified_gmt":"2024-10-17T14:39:10","slug":"tom-brady-se-convierte-en-dueno-minoritario-de-las-vegas-raiders","status":"publish","type":"post","link":"http:\/\/elcuartopoder.com.mx\/nw\/entretenimiento\/deportes\/tom-brady-se-convierte-en-dueno-minoritario-de-las-vegas-raiders\/","title":{"rendered":"Tom Brady se convierte en due\u00f1o minoritario de Las Vegas Raiders"},"content":{"rendered":"\n<p>En una jugada inesperada que ha capturado la atenci\u00f3n del mundo del deporte, el retirado quarterback<strong>\u00a0Tom Brady<\/strong>, reconocido por sus siete t\u00edtulos en el\u00a0Super Bowl, ha comprado una participaci\u00f3n minoritaria del 5 porciento\u00a0en Las Vegas Raiders. El acuerdo fue aprobado de manera un\u00e1nime por los propietarios de la\u00a0NFL\u00a0durante la reuni\u00f3n anual de oto\u00f1o celebrada el martes.<\/p>\n\n\n\n<p>\u201cEs un d\u00eda emocionante para la organizaci\u00f3n de los Raiders\u201d, expres\u00f3&nbsp;<strong>Mark Davis<\/strong>, propietario mayoritario del equipo. Davis agreg\u00f3 que, aunque&nbsp;<strong>Brady&nbsp;<\/strong>no podr\u00e1 jugar, su experiencia podr\u00eda ser crucial para la selecci\u00f3n y entrenamiento de futuros mariscales de campo. \u201cTom puede ayudarnos a seleccionar un mariscal de campo en el futuro y potencialmente entrenarlo tambi\u00e9n\u201d, afirm\u00f3.<\/p>\n\n\n\n<h2 class=\"wp-block-heading\">Tom Brady llega a una acuerdo para ser due\u00f1o de Las Vegas Raiders&nbsp;<\/h2>\n\n\n\n<figure class=\"wp-block-image\"><img decoding=\"async\" src=\"https:\/\/heraldodemexico.com.mx\/u\/fotografias\/m\/2024\/10\/16\/f768x1-1026994_1027121_5050.jpg\" alt=\"\"\/><figcaption class=\"wp-element-caption\">El acuerdo de la compra fue validado por la NFL Cr\u00e9ditos: AP&nbsp;<\/figcaption><\/figure>\n\n\n\n<p>Brady, quien acumul\u00f3 23 temporadas en la&nbsp;<a href=\"https:\/\/heraldodemexico.com.mx\/deportes\/2024\/10\/14\/dallas-cowboys-con-un-record-negativo-en-la-nfl-el-tercer-equipo-que-permite-mas-puntos-en-casa-645573.html\">NFL&nbsp;<\/a>con los&nbsp;<strong>New England Patriots<\/strong>&nbsp;y los&nbsp;<strong>Tampa Bay Buccaneers<\/strong>, hab\u00eda tenido que recibir 24 de los 32 votos de los propietarios para concretar la transacci\u00f3n. Sin embargo, su nueva posici\u00f3n como comentarista en Fox complic\u00f3 las negociaciones, ya que gener\u00f3 preocupaciones sobre posibles conflictos de inter\u00e9s. La espera para la aprobaci\u00f3n del acuerdo se extendi\u00f3 por 17 meses, debido a la inquietud sobre si Brady estaba recibiendo un descuento excesivo por parte de Davis.<\/p>\n\n\n\n<p>\u201cHab\u00eda muchas cosas desde un punto de vista estructural y de debida diligencia que ten\u00edan que suceder\u201d, explic\u00f3 Clark Hunt, propietario de los&nbsp;<strong>Kansas City Chiefs<\/strong>. \u201cFinalmente logramos resolver todo\u201d.<\/p>\n\n\n\n<h2 class=\"wp-block-heading\">Estas son los candados en el acuerdo para Brady&nbsp;<\/h2>\n\n\n\n<p>Como parte del acuerdo, la&nbsp;<strong>NFL&nbsp;<\/strong>ha impuesto restricciones a&nbsp;<strong>Brady<\/strong>. No podr\u00e1 asistir a reuniones de producci\u00f3n ni acceder a las instalaciones del equipo o al personal t\u00e9cnico. Sin embargo, podr\u00e1 transmitir los partidos de los Raiders, manteniendo su presencia en el escenario deportivo.<\/p>\n\n\n\n<figure class=\"wp-block-image\"><img decoding=\"async\" src=\"https:\/\/heraldodemexico.com.mx\/u\/fotografias\/m\/2024\/10\/16\/f768x1-1026992_1027119_5050.jpg\" alt=\"\"\/><figcaption class=\"wp-element-caption\">Estas son las cl\u00e1usulas del contrato Cr\u00e9ditos: IG<\/figcaption><\/figure>\n\n\n\n<p>El comisionado de la NFL,<strong>&nbsp;Roger Goodell<\/strong>, se mostr\u00f3 entusiasta respecto a la inversi\u00f3n de Brady. \u201cEs fant\u00e1stico que Tom quiera invertir en la NFL. \u00c9l se preocupa profundamente por este juego y su futuro\u201d, coment\u00f3.<\/p>\n\n\n\n<p>Adem\u00e1s, Richard Seymour, exjugador de los Patriots y miembro del Sal\u00f3n de la Fama del f\u00fatbol americano, tambi\u00e9n recibi\u00f3 la aprobaci\u00f3n para adquirir una participaci\u00f3n minoritaria en los Raiders, convirti\u00e9ndose en uno de los pocos exjugadores de la NFL en alcanzar este estatus.<\/p>\n","protected":false},"excerpt":{"rendered":"<p>En una jugada inesperada que ha capturado la atenci\u00f3n del mundo del deporte, el retirado quarterback\u00a0Tom Brady, reconocido por sus siete t\u00edtulos en el\u00a0Super Bowl, ha comprado una participaci\u00f3n minoritaria del 5 porciento\u00a0en Las Vegas Raiders. El acuerdo fue aprobado de manera un\u00e1nime por los propietarios de la\u00a0NFL\u00a0durante la reuni\u00f3n anual de oto\u00f1o celebrada el [&hellip;]<\/p>\n","protected":false},"author":2,"featured_media":133575,"comment_status":"open","ping_status":"open","sticky":false,"template":"","format":"standard","meta":{"footnotes":""},"categories":[7],"tags":[],"class_list":["post-133574","post","type-post","status-publish","format-standard","has-post-thumbnail","hentry","category-deportes"],"_links":{"self":[{"href":"http:\/\/elcuartopoder.com.mx\/nw\/wp-json\/wp\/v2\/posts\/133574","targetHints":{"allow":["GET"]}}],"collection":[{"href":"http:\/\/elcuartopoder.com.mx\/nw\/wp-json\/wp\/v2\/posts"}],"about":[{"href":"http:\/\/elcuartopoder.com.mx\/nw\/wp-json\/wp\/v2\/types\/post"}],"author":[{"embeddable":true,"href":"http:\/\/elcuartopoder.com.mx\/nw\/wp-json\/wp\/v2\/users\/2"}],"replies":[{"embeddable":true,"href":"http:\/\/elcuartopoder.com.mx\/nw\/wp-json\/wp\/v2\/comments?post=133574"}],"version-history":[{"count":1,"href":"http:\/\/elcuartopoder.com.mx\/nw\/wp-json\/wp\/v2\/posts\/133574\/revisions"}],"predecessor-version":[{"id":133576,"href":"http:\/\/elcuartopoder.com.mx\/nw\/wp-json\/wp\/v2\/posts\/133574\/revisions\/133576"}],"wp:featuredmedia":[{"embeddable":true,"href":"http:\/\/elcuartopoder.com.mx\/nw\/wp-json\/wp\/v2\/media\/133575"}],"wp:attachment":[{"href":"http:\/\/elcuartopoder.com.mx\/nw\/wp-json\/wp\/v2\/media?parent=133574"}],"wp:term":[{"taxonomy":"category","embeddable":true,"href":"http:\/\/elcuartopoder.com.mx\/nw\/wp-json\/wp\/v2\/categories?post=133574"},{"taxonomy":"post_tag","embeddable":true,"href":"http:\/\/elcuartopoder.com.mx\/nw\/wp-json\/wp\/v2\/tags?post=133574"}],"curies":[{"name":"wp","href":"https:\/\/api.w.org\/{rel}","templated":true}]}}