{"id":133927,"date":"2024-10-25T09:38:34","date_gmt":"2024-10-25T14:38:34","guid":{"rendered":"http:\/\/elcuartopoder.com.mx\/nw\/?p=133927"},"modified":"2024-10-25T09:39:12","modified_gmt":"2024-10-25T14:39:12","slug":"presenta-comision-de-desarrollo-social-de-cancun-su-plan-de-trabajo","status":"publish","type":"post","link":"http:\/\/elcuartopoder.com.mx\/nw\/municipales\/presenta-comision-de-desarrollo-social-de-cancun-su-plan-de-trabajo\/","title":{"rendered":"PRESENTA COMISI\u00d3N DE DESARROLLO SOCIAL DE CANC\u00daN SU PLAN DE TRABAJO"},"content":{"rendered":"\n<p>El regidor Marcos Basilio Sald\u00edvar present\u00f3 la ma\u00f1ana del jueves 24 de octubre la iniciativa del Plan de Trabajo de la Comisi\u00f3n de Desarrollo Social, Participaci\u00f3n Ciudadana y Derechos Humanos que preside y tendr\u00e1 como prioridad la atenci\u00f3n de grupos vulnerables en Canc\u00fan.<\/p>\n\n\n\n<p>Explic\u00f3 que con eso se dar\u00e1 respuesta a las necesidades de cientos de cancunenses, de acuerdo con la visi\u00f3n de la presidenta municipal Ana Patricia Peralta.<\/p>\n\n\n\n<p>Dicho Plan, que fue aprobado por unanimidad, establece las l\u00edneas de acci\u00f3n sobre las que la comisi\u00f3n dirigir\u00e1 sus esfuerzos y ha sido adecuado a las reformas federales y estatales que especialmente incluyen a quienes necesitan una atenci\u00f3n prioritaria como: las y los ni\u00f1os, mujeres, personas de la tercera edad o con discapacidad y todos aquellos que requieren de un desarrollo inclusivo.<\/p>\n\n\n\n<p>El regidor tambi\u00e9n indic\u00f3 que los esfuerzos estar\u00e1n encaminados a lograr una Ciudad del Bienestar en la que no exista la desigualdad, y en la que todas y todos los ciudadanos tengan la misma oportunidad de desarrollo.<\/p>\n\n\n\n<figure class=\"wp-block-gallery has-nested-images columns-default is-cropped wp-block-gallery-1 is-layout-flex wp-block-gallery-is-layout-flex\">\n<figure class=\"wp-block-image size-large\"><img loading=\"lazy\" decoding=\"async\" width=\"1024\" height=\"583\" data-id=\"133928\" src=\"http:\/\/elcuartopoder.com.mx\/nw\/wp-content\/uploads\/2024\/10\/foto-1-1024x583.jpeg\" alt=\"\" class=\"wp-image-133928\" srcset=\"http:\/\/elcuartopoder.com.mx\/nw\/wp-content\/uploads\/2024\/10\/foto-1-1024x583.jpeg 1024w, http:\/\/elcuartopoder.com.mx\/nw\/wp-content\/uploads\/2024\/10\/foto-1-300x171.jpeg 300w, http:\/\/elcuartopoder.com.mx\/nw\/wp-content\/uploads\/2024\/10\/foto-1-768x437.jpeg 768w, http:\/\/elcuartopoder.com.mx\/nw\/wp-content\/uploads\/2024\/10\/foto-1-696x396.jpeg 696w, http:\/\/elcuartopoder.com.mx\/nw\/wp-content\/uploads\/2024\/10\/foto-1.jpeg 1280w\" sizes=\"auto, (max-width: 1024px) 100vw, 1024px\" \/><\/figure>\n\n\n\n<figure class=\"wp-block-image size-large\"><img loading=\"lazy\" decoding=\"async\" width=\"1024\" height=\"768\" data-id=\"133929\" src=\"http:\/\/elcuartopoder.com.mx\/nw\/wp-content\/uploads\/2024\/10\/foto-3-1024x768.jpeg\" alt=\"\" class=\"wp-image-133929\" srcset=\"http:\/\/elcuartopoder.com.mx\/nw\/wp-content\/uploads\/2024\/10\/foto-3-1024x768.jpeg 1024w, http:\/\/elcuartopoder.com.mx\/nw\/wp-content\/uploads\/2024\/10\/foto-3-300x225.jpeg 300w, http:\/\/elcuartopoder.com.mx\/nw\/wp-content\/uploads\/2024\/10\/foto-3-768x576.jpeg 768w, http:\/\/elcuartopoder.com.mx\/nw\/wp-content\/uploads\/2024\/10\/foto-3-80x60.jpeg 80w, http:\/\/elcuartopoder.com.mx\/nw\/wp-content\/uploads\/2024\/10\/foto-3-265x198.jpeg 265w, http:\/\/elcuartopoder.com.mx\/nw\/wp-content\/uploads\/2024\/10\/foto-3-696x522.jpeg 696w, http:\/\/elcuartopoder.com.mx\/nw\/wp-content\/uploads\/2024\/10\/foto-3.jpeg 1280w\" sizes=\"auto, (max-width: 1024px) 100vw, 1024px\" \/><\/figure>\n<\/figure>\n","protected":false},"excerpt":{"rendered":"<p>El regidor Marcos Basilio Sald\u00edvar present\u00f3 la ma\u00f1ana del jueves 24 de octubre la iniciativa del Plan de Trabajo de la Comisi\u00f3n de Desarrollo Social, Participaci\u00f3n Ciudadana y Derechos Humanos que preside y tendr\u00e1 como prioridad la atenci\u00f3n de grupos vulnerables en Canc\u00fan. Explic\u00f3 que con eso se dar\u00e1 respuesta a las necesidades de cientos [&hellip;]<\/p>\n","protected":false},"author":2,"featured_media":133929,"comment_status":"open","ping_status":"open","sticky":false,"template":"","format":"standard","meta":{"footnotes":""},"categories":[6],"tags":[],"class_list":["post-133927","post","type-post","status-publish","format-standard","has-post-thumbnail","hentry","category-municipales"],"_links":{"self":[{"href":"http:\/\/elcuartopoder.com.mx\/nw\/wp-json\/wp\/v2\/posts\/133927","targetHints":{"allow":["GET"]}}],"collection":[{"href":"http:\/\/elcuartopoder.com.mx\/nw\/wp-json\/wp\/v2\/posts"}],"about":[{"href":"http:\/\/elcuartopoder.com.mx\/nw\/wp-json\/wp\/v2\/types\/post"}],"author":[{"embeddable":true,"href":"http:\/\/elcuartopoder.com.mx\/nw\/wp-json\/wp\/v2\/users\/2"}],"replies":[{"embeddable":true,"href":"http:\/\/elcuartopoder.com.mx\/nw\/wp-json\/wp\/v2\/comments?post=133927"}],"version-history":[{"count":1,"href":"http:\/\/elcuartopoder.com.mx\/nw\/wp-json\/wp\/v2\/posts\/133927\/revisions"}],"predecessor-version":[{"id":133930,"href":"http:\/\/elcuartopoder.com.mx\/nw\/wp-json\/wp\/v2\/posts\/133927\/revisions\/133930"}],"wp:featuredmedia":[{"embeddable":true,"href":"http:\/\/elcuartopoder.com.mx\/nw\/wp-json\/wp\/v2\/media\/133929"}],"wp:attachment":[{"href":"http:\/\/elcuartopoder.com.mx\/nw\/wp-json\/wp\/v2\/media?parent=133927"}],"wp:term":[{"taxonomy":"category","embeddable":true,"href":"http:\/\/elcuartopoder.com.mx\/nw\/wp-json\/wp\/v2\/categories?post=133927"},{"taxonomy":"post_tag","embeddable":true,"href":"http:\/\/elcuartopoder.com.mx\/nw\/wp-json\/wp\/v2\/tags?post=133927"}],"curies":[{"name":"wp","href":"https:\/\/api.w.org\/{rel}","templated":true}]}}