{"id":133935,"date":"2024-10-25T09:43:33","date_gmt":"2024-10-25T14:43:33","guid":{"rendered":"https:\/\/elcuartopoder.com.mx\/nw\/?p=133935"},"modified":"2024-10-25T09:43:35","modified_gmt":"2024-10-25T14:43:35","slug":"el-papa-denuncia-en-su-cuarta-enciclica-que-suceden-nuevas-guerras-con-la-complicidad-tolerancia-o-indiferencia-de-otros-paises","status":"publish","type":"post","link":"http:\/\/elcuartopoder.com.mx\/nw\/internacionales\/el-papa-denuncia-en-su-cuarta-enciclica-que-suceden-nuevas-guerras-con-la-complicidad-tolerancia-o-indiferencia-de-otros-paises\/","title":{"rendered":"El Papa denuncia en su cuarta enc\u00edclica que suceden nuevas guerras \u00abcon la complicidad, tolerancia o indiferencia de otros pa\u00edses\u00bb"},"content":{"rendered":"\n<p>T\u00e9cnicamente, una enc\u00edclica es el documento de m\u00e1s peso al que cada\u00a0<a href=\"https:\/\/www.abc.es\/sociedad\/papa-francisco-condena-episodios-intolerancia-racismo-deporte-20241021120945-nt.html\">Papa<\/a>\u00a0recurre para aclarar su propio pensamiento y proponer nuevos horizontes a la sociedad. Por eso es relevante la propuesta que lanza este jueves en su cuarta enc\u00edclica.<\/p>\n","protected":false},"excerpt":{"rendered":"<p>T\u00e9cnicamente, una enc\u00edclica es el documento de m\u00e1s peso al que cada\u00a0Papa\u00a0recurre para aclarar su propio pensamiento y proponer nuevos horizontes a la sociedad. Por eso es relevante la propuesta que lanza este jueves en su cuarta enc\u00edclica.<\/p>\n","protected":false},"author":2,"featured_media":133936,"comment_status":"open","ping_status":"open","sticky":false,"template":"","format":"standard","meta":{"footnotes":""},"categories":[8],"tags":[],"class_list":["post-133935","post","type-post","status-publish","format-standard","has-post-thumbnail","hentry","category-internacionales"],"_links":{"self":[{"href":"http:\/\/elcuartopoder.com.mx\/nw\/wp-json\/wp\/v2\/posts\/133935","targetHints":{"allow":["GET"]}}],"collection":[{"href":"http:\/\/elcuartopoder.com.mx\/nw\/wp-json\/wp\/v2\/posts"}],"about":[{"href":"http:\/\/elcuartopoder.com.mx\/nw\/wp-json\/wp\/v2\/types\/post"}],"author":[{"embeddable":true,"href":"http:\/\/elcuartopoder.com.mx\/nw\/wp-json\/wp\/v2\/users\/2"}],"replies":[{"embeddable":true,"href":"http:\/\/elcuartopoder.com.mx\/nw\/wp-json\/wp\/v2\/comments?post=133935"}],"version-history":[{"count":1,"href":"http:\/\/elcuartopoder.com.mx\/nw\/wp-json\/wp\/v2\/posts\/133935\/revisions"}],"predecessor-version":[{"id":133937,"href":"http:\/\/elcuartopoder.com.mx\/nw\/wp-json\/wp\/v2\/posts\/133935\/revisions\/133937"}],"wp:featuredmedia":[{"embeddable":true,"href":"http:\/\/elcuartopoder.com.mx\/nw\/wp-json\/wp\/v2\/media\/133936"}],"wp:attachment":[{"href":"http:\/\/elcuartopoder.com.mx\/nw\/wp-json\/wp\/v2\/media?parent=133935"}],"wp:term":[{"taxonomy":"category","embeddable":true,"href":"http:\/\/elcuartopoder.com.mx\/nw\/wp-json\/wp\/v2\/categories?post=133935"},{"taxonomy":"post_tag","embeddable":true,"href":"http:\/\/elcuartopoder.com.mx\/nw\/wp-json\/wp\/v2\/tags?post=133935"}],"curies":[{"name":"wp","href":"https:\/\/api.w.org\/{rel}","templated":true}]}}