{"id":133938,"date":"2024-10-25T09:46:17","date_gmt":"2024-10-25T14:46:17","guid":{"rendered":"https:\/\/elcuartopoder.com.mx\/nw\/?p=133938"},"modified":"2024-10-25T09:46:20","modified_gmt":"2024-10-25T14:46:20","slug":"juan-eslava-galan-desvela-las-verdaderas-causas-por-las-que-cayo-sin-remedio-el-imperio-romano","status":"publish","type":"post","link":"http:\/\/elcuartopoder.com.mx\/nw\/qtp\/juan-eslava-galan-desvela-las-verdaderas-causas-por-las-que-cayo-sin-remedio-el-imperio-romano\/","title":{"rendered":"Juan Eslava Gal\u00e1n desvela las verdaderas causas por las que cay\u00f3 sin remedio el Imperio romano"},"content":{"rendered":"\n<p>Adriano, con su barbaza al viento, dedic\u00f3 ocho a\u00f1os a pasearse por el &#8216;limes romanus&#8217;: las anchas fronteras que proteg\u00edan la &#8216;Urbs aeterna&#8217;. Y lo hizo, seg\u00fan cr\u00f3nicas como la &#8216;Historia Augusta&#8217;, porque anhelaba \u00abaprender personalmente todo lo que hab\u00eda le\u00eddo sobre los distintos &#8230;<\/p>\n","protected":false},"excerpt":{"rendered":"<p>Adriano, con su barbaza al viento, dedic\u00f3 ocho a\u00f1os a pasearse por el &#8216;limes romanus&#8217;: las anchas fronteras que proteg\u00edan la &#8216;Urbs aeterna&#8217;. Y lo hizo, seg\u00fan cr\u00f3nicas como la &#8216;Historia Augusta&#8217;, porque anhelaba \u00abaprender personalmente todo lo que hab\u00eda le\u00eddo sobre los distintos &#8230;<\/p>\n","protected":false},"author":2,"featured_media":133939,"comment_status":"open","ping_status":"open","sticky":false,"template":"","format":"standard","meta":{"footnotes":""},"categories":[58],"tags":[],"class_list":["post-133938","post","type-post","status-publish","format-standard","has-post-thumbnail","hentry","category-qtp"],"_links":{"self":[{"href":"http:\/\/elcuartopoder.com.mx\/nw\/wp-json\/wp\/v2\/posts\/133938","targetHints":{"allow":["GET"]}}],"collection":[{"href":"http:\/\/elcuartopoder.com.mx\/nw\/wp-json\/wp\/v2\/posts"}],"about":[{"href":"http:\/\/elcuartopoder.com.mx\/nw\/wp-json\/wp\/v2\/types\/post"}],"author":[{"embeddable":true,"href":"http:\/\/elcuartopoder.com.mx\/nw\/wp-json\/wp\/v2\/users\/2"}],"replies":[{"embeddable":true,"href":"http:\/\/elcuartopoder.com.mx\/nw\/wp-json\/wp\/v2\/comments?post=133938"}],"version-history":[{"count":1,"href":"http:\/\/elcuartopoder.com.mx\/nw\/wp-json\/wp\/v2\/posts\/133938\/revisions"}],"predecessor-version":[{"id":133940,"href":"http:\/\/elcuartopoder.com.mx\/nw\/wp-json\/wp\/v2\/posts\/133938\/revisions\/133940"}],"wp:featuredmedia":[{"embeddable":true,"href":"http:\/\/elcuartopoder.com.mx\/nw\/wp-json\/wp\/v2\/media\/133939"}],"wp:attachment":[{"href":"http:\/\/elcuartopoder.com.mx\/nw\/wp-json\/wp\/v2\/media?parent=133938"}],"wp:term":[{"taxonomy":"category","embeddable":true,"href":"http:\/\/elcuartopoder.com.mx\/nw\/wp-json\/wp\/v2\/categories?post=133938"},{"taxonomy":"post_tag","embeddable":true,"href":"http:\/\/elcuartopoder.com.mx\/nw\/wp-json\/wp\/v2\/tags?post=133938"}],"curies":[{"name":"wp","href":"https:\/\/api.w.org\/{rel}","templated":true}]}}