{"id":134003,"date":"2024-10-28T10:24:32","date_gmt":"2024-10-28T15:24:32","guid":{"rendered":"https:\/\/elcuartopoder.com.mx\/nw\/?p=134003"},"modified":"2024-10-28T10:24:34","modified_gmt":"2024-10-28T15:24:34","slug":"desmantelan-aserradero-ilegal-en-tlalpan","status":"publish","type":"post","link":"http:\/\/elcuartopoder.com.mx\/nw\/policiacas\/desmantelan-aserradero-ilegal-en-tlalpan\/","title":{"rendered":"Desmantelan aserradero ilegal en Tlalpan"},"content":{"rendered":"\n<p>M\u00e1s de un centenar de agentes de diversas instituciones de seguridad y de protecci\u00f3n del medio ambiente, desmantelaron un aserradero clandestino en Santo Tom\u00e1s Ajusco, Tlalpan, en donde se almacenaba madera de procedencia ilegal y maquinaria de aserr\u00edo, inform\u00f3 la Procuradur\u00eda Federal de Protecci\u00f3n al Ambiente (Profepa).<\/p>\n\n\n\n<p>Se\u00f1al\u00f3 que en el operativo, realizado entre la noche del viernes y madrugada del s\u00e1bado, se aseguraron 90 polines de oyamel y 19 trozas de pino, ambos de corte reciente. Tambi\u00e9n se decomis\u00f3 una torre de aserr\u00edo, un carro de empuje con escuadras, un motor trif\u00e1sico, 2 rieles, 4 sierras cintas y una camioneta de 3.5 toneladas.<\/p>\n\n\n\n<p>Tras las acciones emprendidas, no hubo detenidos, ya que las personas que trabajaban en el lugar \u201cse retiraron al llegar las fuerzas de seguridad\u201d al sitio, el cual fue localizado debido a una denuncia ciudadana y mediante el uso de un dron de la Comisi\u00f3n de Recursos Naturales y Desarrollo Rural (Corenadr).<\/p>\n\n\n\n<p>La Profepa se\u00f1al\u00f3 que la tala ilegal \u201ces una de las varias amenazas\u201d que enfrenta la zona comprendida por el Corredor Biol\u00f3gico Ajusco Chichinautzin, los parques nacionales a Tepozteco y Lagunas de Zempoala, as\u00ed como sus \u00e1reas de influencia, territorio en el que habitan diversas comunidades, pueblos y n\u00facleos agrarios.<\/p>\n\n\n\n<p>Los bienes asegurados por la Procuradur\u00eda fueron trasladados a las instalaciones de la Corenadr, en Xochimilco, la cual queda como depositaria en tanto concluyen los procedimientos correspondientes.<\/p>\n\n\n\n<p>en el operativo particip\u00f3 personal de la Profepa, elementos de la Secretar\u00eda de la Defensa Nacional y de la Guardia Nacional, as\u00ed como de inteligencia de la Secretar\u00eda de Seguridad Ciudadana de la Ciudad de M\u00e9xico, de la Corenadr.<\/p>\n","protected":false},"excerpt":{"rendered":"<p>M\u00e1s de un centenar de agentes de diversas instituciones de seguridad y de protecci\u00f3n del medio ambiente, desmantelaron un aserradero clandestino en Santo Tom\u00e1s Ajusco, Tlalpan, en donde se almacenaba madera de procedencia ilegal y maquinaria de aserr\u00edo, inform\u00f3 la Procuradur\u00eda Federal de Protecci\u00f3n al Ambiente (Profepa). Se\u00f1al\u00f3 que en el operativo, realizado entre la [&hellip;]<\/p>\n","protected":false},"author":2,"featured_media":134004,"comment_status":"open","ping_status":"open","sticky":false,"template":"","format":"standard","meta":{"footnotes":""},"categories":[23],"tags":[],"class_list":["post-134003","post","type-post","status-publish","format-standard","has-post-thumbnail","hentry","category-policiacas"],"_links":{"self":[{"href":"http:\/\/elcuartopoder.com.mx\/nw\/wp-json\/wp\/v2\/posts\/134003","targetHints":{"allow":["GET"]}}],"collection":[{"href":"http:\/\/elcuartopoder.com.mx\/nw\/wp-json\/wp\/v2\/posts"}],"about":[{"href":"http:\/\/elcuartopoder.com.mx\/nw\/wp-json\/wp\/v2\/types\/post"}],"author":[{"embeddable":true,"href":"http:\/\/elcuartopoder.com.mx\/nw\/wp-json\/wp\/v2\/users\/2"}],"replies":[{"embeddable":true,"href":"http:\/\/elcuartopoder.com.mx\/nw\/wp-json\/wp\/v2\/comments?post=134003"}],"version-history":[{"count":1,"href":"http:\/\/elcuartopoder.com.mx\/nw\/wp-json\/wp\/v2\/posts\/134003\/revisions"}],"predecessor-version":[{"id":134005,"href":"http:\/\/elcuartopoder.com.mx\/nw\/wp-json\/wp\/v2\/posts\/134003\/revisions\/134005"}],"wp:featuredmedia":[{"embeddable":true,"href":"http:\/\/elcuartopoder.com.mx\/nw\/wp-json\/wp\/v2\/media\/134004"}],"wp:attachment":[{"href":"http:\/\/elcuartopoder.com.mx\/nw\/wp-json\/wp\/v2\/media?parent=134003"}],"wp:term":[{"taxonomy":"category","embeddable":true,"href":"http:\/\/elcuartopoder.com.mx\/nw\/wp-json\/wp\/v2\/categories?post=134003"},{"taxonomy":"post_tag","embeddable":true,"href":"http:\/\/elcuartopoder.com.mx\/nw\/wp-json\/wp\/v2\/tags?post=134003"}],"curies":[{"name":"wp","href":"https:\/\/api.w.org\/{rel}","templated":true}]}}