{"id":134022,"date":"2024-10-28T10:44:25","date_gmt":"2024-10-28T15:44:25","guid":{"rendered":"https:\/\/elcuartopoder.com.mx\/nw\/?p=134022"},"modified":"2024-10-28T10:44:27","modified_gmt":"2024-10-28T15:44:27","slug":"putin-le-paga-a-kim-jong-un-2-000-dolares-por-cada-soldado-de-corea-del-norte-enviado-a-la-guerra-de-ucrania","status":"publish","type":"post","link":"http:\/\/elcuartopoder.com.mx\/nw\/internacionales\/putin-le-paga-a-kim-jong-un-2-000-dolares-por-cada-soldado-de-corea-del-norte-enviado-a-la-guerra-de-ucrania\/","title":{"rendered":"Putin le paga a Kim Jong-un 2.000 d\u00f3lares por cada soldado de Corea del Norte enviado a la guerra de Ucrania"},"content":{"rendered":"\n<p><a href=\"javascript:void(0)\"><\/a><\/p>\n\n\n\n<p>2.000 d\u00f3lares al mes (unos 1.850 euros). Ese el precio por el que se juegan la vida en la guerra de\u00a0<strong>Ucrania<\/strong>\u00a0los soldados de\u00a0<strong>Corea del Norte<\/strong>\u00a0enviados por el dictador\u00a0<strong>Kim Jong-un<\/strong>\u00a0para ayudar a su amigo.<\/p>\n\n\n\n<p><a href=\"https:\/\/www.abc.es\/internacional\/rutte-alerta-sobre-llegada-invierno-duro-ucrania-20241009160618-nt.html\">El secretario general de la OTAN, Mark Rutte<\/a>, ha confirmado este lunes el despliegue militar de Corea del Norte en la regi\u00f3n rusa de Kursk, en apoyo al esfuerzo b\u00e9lico de Rusia, asegurando que se trata de una \u00abescalada significativa\u00bb de la implicaci\u00f3n de Pyongyang en la guerra contra Ucrania.<\/p>\n\n\n\n<p>En una declaraci\u00f3n desde la sede aliada en Bruselas, tras reunirse con una delegaci\u00f3n de Inteligencia de Corea del Sur, el jefe pol\u00edtico de la OTAN ha se\u00f1alado el env\u00edo de tropas norcoreanas a Rusia, m\u00e1s concretamente de \u00abunidades militares&nbsp;<a href=\"https:\/\/www.abc.es\/internacional\/estados-unidos-apunta-despliegue-tropas-norcoreanas-region-20241026135921-nt.html\">desplegadas en la regi\u00f3n de Kursk<\/a>\u00bb.<\/p>\n\n\n\n<p>Este despliegue representa una \u00abescalada significativa en la implicaci\u00f3n de Corea del Norte en la guerra ilegal rusa\u00bb, ha apuntado, adem\u00e1s de una nueva violaci\u00f3n de las resoluciones de Naciones Unidas y una \u00abexpansi\u00f3n peligrosa\u00bb de\u00a0<a href=\"https:\/\/www.abc.es\/internacional\/jose-m-de-areilza-rusia-sola-20241027130803-nt.html\">la guerra de Rusia<\/a>.<a href=\"https:\/\/www.abc.es\/internacional\/rutte-alerta-sobre-llegada-invierno-duro-ucrania-20241009160618-nt.html\">El secretario general de la OTAN, Mark Rutte<\/a>, ha confirmado este lunes el despliegue militar de Corea del Norte en la regi\u00f3n rusa de Kursk, en apoyo al esfuerzo b\u00e9lico de Rusia, asegurando que se trata de una \u00abescalada significativa\u00bb de la implicaci\u00f3n de Pyongyang en la guerra contra Ucrania.<\/p>\n\n\n\n<p>En una declaraci\u00f3n desde la sede aliada en Bruselas, tras reunirse con una delegaci\u00f3n de Inteligencia de Corea del Sur, el jefe pol\u00edtico de la OTAN ha se\u00f1alado el env\u00edo de tropas norcoreanas a Rusia, m\u00e1s concretamente de \u00abunidades militares&nbsp;<a href=\"https:\/\/www.abc.es\/internacional\/estados-unidos-apunta-despliegue-tropas-norcoreanas-region-20241026135921-nt.html\">desplegadas en la regi\u00f3n de Kursk<\/a>\u00bb.<\/p>\n\n\n\n<p>Este despliegue representa una \u00abescalada significativa en la implicaci\u00f3n de Corea del Norte en la guerra ilegal rusa\u00bb, ha apuntado, adem\u00e1s de una nueva violaci\u00f3n de las resoluciones de Naciones Unidas y una \u00abexpansi\u00f3n peligrosa\u00bb de\u00a0<a href=\"https:\/\/www.abc.es\/internacional\/jose-m-de-areilza-rusia-sola-20241027130803-nt.html\">la guerra de Rusia<\/a>.<\/p>\n\n\n\n<p>Una delegaci\u00f3n del Servicio Nacional de Inteligencia (NIS) de&nbsp;<a href=\"https:\/\/www.abc.es\/internacional\/inteligencia-surcoreana-denuncia-envio-1500-soldados-rusia-20241023125611-nt.html\">Corea del Sur<\/a>&nbsp;ha informado este lunes a los miembros de la OTAN y se espera otra reuni\u00f3n similar con la Uni\u00f3n Europea, despu\u00e9s de que Se\u00fal haya alertado del despliegue militar de Corea del Norte en Rusia.<\/p>\n\n\n\n<p>La misi\u00f3n encabezada por el subdirector de la agencia de Inteligencia, Hong Jang Won, se ha reunido con los aliados de la OTAN y con diplom\u00e1ticos de Jap\u00f3n, Australia y Nueva Zelanda que han sido tambi\u00e9n invitados a participar en la cita.<\/p>\n","protected":false},"excerpt":{"rendered":"<p>2.000 d\u00f3lares al mes (unos 1.850 euros). Ese el precio por el que se juegan la vida en la guerra de\u00a0Ucrania\u00a0los soldados de\u00a0Corea del Norte\u00a0enviados por el dictador\u00a0Kim Jong-un\u00a0para ayudar a su amigo. El secretario general de la OTAN, Mark Rutte, ha confirmado este lunes el despliegue militar de Corea del Norte en la regi\u00f3n [&hellip;]<\/p>\n","protected":false},"author":2,"featured_media":134023,"comment_status":"open","ping_status":"open","sticky":false,"template":"","format":"standard","meta":{"footnotes":""},"categories":[8],"tags":[],"class_list":["post-134022","post","type-post","status-publish","format-standard","has-post-thumbnail","hentry","category-internacionales"],"_links":{"self":[{"href":"http:\/\/elcuartopoder.com.mx\/nw\/wp-json\/wp\/v2\/posts\/134022","targetHints":{"allow":["GET"]}}],"collection":[{"href":"http:\/\/elcuartopoder.com.mx\/nw\/wp-json\/wp\/v2\/posts"}],"about":[{"href":"http:\/\/elcuartopoder.com.mx\/nw\/wp-json\/wp\/v2\/types\/post"}],"author":[{"embeddable":true,"href":"http:\/\/elcuartopoder.com.mx\/nw\/wp-json\/wp\/v2\/users\/2"}],"replies":[{"embeddable":true,"href":"http:\/\/elcuartopoder.com.mx\/nw\/wp-json\/wp\/v2\/comments?post=134022"}],"version-history":[{"count":1,"href":"http:\/\/elcuartopoder.com.mx\/nw\/wp-json\/wp\/v2\/posts\/134022\/revisions"}],"predecessor-version":[{"id":134024,"href":"http:\/\/elcuartopoder.com.mx\/nw\/wp-json\/wp\/v2\/posts\/134022\/revisions\/134024"}],"wp:featuredmedia":[{"embeddable":true,"href":"http:\/\/elcuartopoder.com.mx\/nw\/wp-json\/wp\/v2\/media\/134023"}],"wp:attachment":[{"href":"http:\/\/elcuartopoder.com.mx\/nw\/wp-json\/wp\/v2\/media?parent=134022"}],"wp:term":[{"taxonomy":"category","embeddable":true,"href":"http:\/\/elcuartopoder.com.mx\/nw\/wp-json\/wp\/v2\/categories?post=134022"},{"taxonomy":"post_tag","embeddable":true,"href":"http:\/\/elcuartopoder.com.mx\/nw\/wp-json\/wp\/v2\/tags?post=134022"}],"curies":[{"name":"wp","href":"https:\/\/api.w.org\/{rel}","templated":true}]}}