{"id":134034,"date":"2024-10-29T16:24:39","date_gmt":"2024-10-29T21:24:39","guid":{"rendered":"https:\/\/elcuartopoder.com.mx\/nw\/?p=134034"},"modified":"2024-10-29T16:24:41","modified_gmt":"2024-10-29T21:24:41","slug":"colocan-bocas-de-tormenta-en-comunidades-afectadas-por-nadine","status":"publish","type":"post","link":"http:\/\/elcuartopoder.com.mx\/nw\/estatales\/colocan-bocas-de-tormenta-en-comunidades-afectadas-por-nadine\/","title":{"rendered":"Colocan bocas de tormenta en comunidades afectadas por \u2018Nadine\u2019"},"content":{"rendered":"\n<p>El Gobierno del Estado&nbsp;<strong>coloca bocas de tormentas con 2.2 metros de di\u00e1metro<\/strong>&nbsp;en v\u00edas de comunicaci\u00f3n terrestre de 13 comunidades rurales afectadas por inundaciones y deslaves ocasionados por la tormenta tropical \u201cNadine\u201d.<\/p>\n\n\n\n<p>Jos\u00e9 Rafael Lara D\u00edaz, secretario de Obras P\u00fablicas del Estado de Quintana Roo (Seop), inform\u00f3 que la Secretar\u00eda de la Defensa Nacional (Sedena), a trav\u00e9s del General de Brigada Ingeniero Constructor Diplomado de Estado Mayor, Gustavo Ricardo Vallejo Su\u00e1rez, otorg\u00f3 al estado 20 cajones de cemento y por medio del sector empresarial se obtuvo tres excavadoras y tres volquetes que se mueven con frecuencia a las comunidades afectadas para efectuar la comunicaci\u00f3n terrestre entre estas.<\/p>\n\n\n\n<p><strong>Las comunidades en las que se colocan las bocas de tormenta<\/strong>&nbsp;son Morocoy y Tres Garant\u00edas, en el municipio de Oth\u00f3n P. Blanco; Nuevo Cana\u00e1n a Miguel Alem\u00e1n y Andr\u00e9s Quintana Roo, en Bacalar; Dos Aguadas, Adolfo L\u00f3pez Mateos, L\u00e1zaro C\u00e1rdenas y Gavilanes, en Jos\u00e9 Mar\u00eda Morelos; Petempich, en Puerto Morelos, as\u00ed como en Holbox y San \u00c1ngel-Kantunilk\u00edn, en el municipio de L\u00e1zaro C\u00e1rdenas.<\/p>\n\n\n\n<p>Precis\u00f3 que los trabajos son provisionales para que las comunidades puedan estar conectadas v\u00eda terrestre, pero que ya se trabaja en paralelo con un levantamiento de obra para generar los proyectos que den una soluci\u00f3n en materia de construcci\u00f3n ante el Comit\u00e9 de Evaluaci\u00f3n de Da\u00f1os que forma parte la Secretar\u00eda de Finanzas y Planeaci\u00f3n del Estado de Quintana Roo (Sefiplan) y la Coordinaci\u00f3n Estatal de Protecci\u00f3n Civil (Coeproc).<\/p>\n\n\n\n<p>Lara D\u00edaz agreg\u00f3 que la Seop se ha dedicado hacer un trabajo 24\/7 desde que ocurri\u00f3 la contingencia ocasionada por la tormenta tropical \u201cNadine\u201d, y&nbsp;<strong>hasta la fecha llevan un reporte de ocho comunidades atendidas<\/strong>.<\/p>\n\n\n\n<p>\u201cSiguiendo las instrucciones de la gobernadora Mara Lezama, seguiremos trabajando en cada una de las afectaciones reportadas y como parte del Nuevo Acuerdo Por el Bienestar y Desarrollo de Quintana Roo, hemos logrado, con apoyo de la Sedena y del Gobierno Federal conectar cuatro comunidades\u201d, finaliz\u00f3 el entrevistado.<\/p>\n","protected":false},"excerpt":{"rendered":"<p>El Gobierno del Estado&nbsp;coloca bocas de tormentas con 2.2 metros de di\u00e1metro&nbsp;en v\u00edas de comunicaci\u00f3n terrestre de 13 comunidades rurales afectadas por inundaciones y deslaves ocasionados por la tormenta tropical \u201cNadine\u201d. Jos\u00e9 Rafael Lara D\u00edaz, secretario de Obras P\u00fablicas del Estado de Quintana Roo (Seop), inform\u00f3 que la Secretar\u00eda de la Defensa Nacional (Sedena), a [&hellip;]<\/p>\n","protected":false},"author":2,"featured_media":134035,"comment_status":"open","ping_status":"open","sticky":false,"template":"","format":"standard","meta":{"footnotes":""},"categories":[60],"tags":[],"class_list":["post-134034","post","type-post","status-publish","format-standard","has-post-thumbnail","hentry","category-estatales"],"_links":{"self":[{"href":"http:\/\/elcuartopoder.com.mx\/nw\/wp-json\/wp\/v2\/posts\/134034","targetHints":{"allow":["GET"]}}],"collection":[{"href":"http:\/\/elcuartopoder.com.mx\/nw\/wp-json\/wp\/v2\/posts"}],"about":[{"href":"http:\/\/elcuartopoder.com.mx\/nw\/wp-json\/wp\/v2\/types\/post"}],"author":[{"embeddable":true,"href":"http:\/\/elcuartopoder.com.mx\/nw\/wp-json\/wp\/v2\/users\/2"}],"replies":[{"embeddable":true,"href":"http:\/\/elcuartopoder.com.mx\/nw\/wp-json\/wp\/v2\/comments?post=134034"}],"version-history":[{"count":1,"href":"http:\/\/elcuartopoder.com.mx\/nw\/wp-json\/wp\/v2\/posts\/134034\/revisions"}],"predecessor-version":[{"id":134036,"href":"http:\/\/elcuartopoder.com.mx\/nw\/wp-json\/wp\/v2\/posts\/134034\/revisions\/134036"}],"wp:featuredmedia":[{"embeddable":true,"href":"http:\/\/elcuartopoder.com.mx\/nw\/wp-json\/wp\/v2\/media\/134035"}],"wp:attachment":[{"href":"http:\/\/elcuartopoder.com.mx\/nw\/wp-json\/wp\/v2\/media?parent=134034"}],"wp:term":[{"taxonomy":"category","embeddable":true,"href":"http:\/\/elcuartopoder.com.mx\/nw\/wp-json\/wp\/v2\/categories?post=134034"},{"taxonomy":"post_tag","embeddable":true,"href":"http:\/\/elcuartopoder.com.mx\/nw\/wp-json\/wp\/v2\/tags?post=134034"}],"curies":[{"name":"wp","href":"https:\/\/api.w.org\/{rel}","templated":true}]}}