{"id":134075,"date":"2024-10-29T16:58:47","date_gmt":"2024-10-29T21:58:47","guid":{"rendered":"https:\/\/elcuartopoder.com.mx\/nw\/?p=134075"},"modified":"2024-10-29T16:58:49","modified_gmt":"2024-10-29T21:58:49","slug":"alerta-por-el-auge-del-happy-slapping-palizas-entre-menores-virales-en-tiktok-instagram-y-facebook","status":"publish","type":"post","link":"http:\/\/elcuartopoder.com.mx\/nw\/destacadas\/alerta-por-el-auge-del-happy-slapping-palizas-entre-menores-virales-en-tiktok-instagram-y-facebook\/","title":{"rendered":"Alerta por el auge del &#8216;happy slapping&#8217;: palizas entre menores virales en TikTok, Instagram y Facebook"},"content":{"rendered":"\n<p>La cara B de las redes sociales y del cibermundo se ceba sobre todo con los menores de edad. La Fiscal\u00eda de Madrid advierte del incremento de la\u00a0delincuencia protagonizada por adolescentes, pero sobre todo en la que este segmento tan vulnerable de la poblaci\u00f3n es la v\u00edctima. Uno de los cap\u00edtulos m\u00e1s desagradables es el del &#8216;happy slapping&#8217;, algo as\u00ed como &#8216;paliza feliz&#8217;: es un tipo de acoso en el que se agrede f\u00edsica o verbalmente a chicos para grabarlo y subirlo a redes sociales.<\/p>\n\n\n\n<p>El Ministerio P\u00fablico, en un informe reciente, pone de relieve su preocupaci\u00f3n por la facilidad de los menores de edad para desarrollar este tipo de conductas y para \u00abacceder y localizar a la v\u00edctima, para suplantar perfiles, por la sensaci\u00f3n de impunidad que proporciona al autor la comisi\u00f3n de estos hechos a trav\u00e9s de internet; siendo una de las formas delictivas que m\u00e1s ha proliferado entre los j\u00f3venes en los \u00faltimos tiempos\u00bb.<\/p>\n\n\n\n<p>Se refiere, de manera m\u00e1s general, al ciberacoso o &#8216;ciberbullying&#8217;, pero de modo m\u00e1s concreto, a esa variante del &#8216;happy slapping&#8217;: \u00abConsistente en la cada vez m\u00e1s frecuente grabaci\u00f3n, por medio de tel\u00e9fonos m\u00f3viles, de agresiones o vejaciones, para luego difundirlas a trav\u00e9s de las redes sociales con el fin de dar publicidad a sus actos; y, c\u00f3mo no, de avergonzar a la v\u00edctima ante quien visualiza las im\u00e1genes\u00bb.<\/p>\n\n\n\n<p>De hecho, la Fiscal\u00eda ha iniciado investigaciones sobre personas que, desde TikTok, Facebook, YouTube e Instagram, estar\u00edan llevando a cabo la difusi\u00f3n de \u00abv\u00eddeos en los que se publican este tipo de situaciones degradantes y discriminatorias contra diversos colectivos\u00bb.<\/p>\n\n\n\n<p>Uno de estos casos son las cuentas de Facebook en las que se ha organizado una \u00abcampa\u00f1a de acoso, tanto f\u00edsico como virtual, contra el colectivo de los menores extranjeros no acompa\u00f1ados\u00bb, los conocidos popularmente como menas. Son \u00ab<a href=\"https:\/\/www.abc.es\/espana\/madrid\/violencia-menores-dispara-crecen-delitos-sexuales-rinas-20240926130000-nt.html\">personas especialmente vulnerables<\/a>, tanto por edad como por su origen extranjero y por su desvinculaci\u00f3n familiar, lo que determina que se encuentren bajo la tutela de la Administraci\u00f3n P\u00fablica\u00ab, enfatiza el informe fiscal, al que ha tenido acceso ABC. De hecho, son m\u00faltiples los usuarios que han utilizado esa plataforma de Meta como \u00bbveh\u00edculo para compartir su animadversi\u00f3n\u00ab hacia estos chavales, exteriorizando abiertamente sus \u00bbamenazas y absoluto desprecio hacia ellos\u00ab. Esto cristaliz\u00f3 en una agresi\u00f3n a dos de estos j\u00f3venes, que fue grabada y difundida.<\/p>\n\n\n\n<p>La organizaci\u00f3n Save the Children pone el acento en que la ra\u00edz est\u00e1 en la \u00abb\u00fasqueda de popularidad y de &#8216;likes&#8217;, lo que puede llevar a muchos j\u00f3venes a cometer un delito contra sus compa\u00f1eros e incluso, contra sus amigos\u00bb: \u00abLa persona que graba esta agresi\u00f3n, ocasional o planificada, cree que colgarla en una plataforma digital puede ser entretenido o divertido, para ganar popularidad en internet\u00bb.<\/p>\n\n\n\n<h3 class=\"wp-block-heading\">El 61% son amigos o compa\u00f1eros<\/h3>\n\n\n\n<p>La ONG, con datos de 2019, enfatiza que \u00abesta violencia afecta a\u00fan m\u00e1s a la v\u00edctima sabiendo que la agresi\u00f3n se produce entre iguales: en un 61% de los casos los agresores son amigos o compa\u00f1eros\u00bb. Y establece una conexi\u00f3n directa entre tres formas de violencia distintas, como un silogismo: el acoso escolar puede llevar al ciberbullying y, si el primero es grabado y publicado en internet, se define &#8216;happy slapping&#8217;\u00ab. Y, ojo, que quien graba, aunque no participe en las vejaciones, tambi\u00e9n es culpable, por no impedirlo y compartir las im\u00e1genes.<\/p>\n\n\n\n<p>Save the Children, hace un lustro, calculaba que 76.643 j\u00f3venes en Espa\u00f1a sufrieron esta pr\u00e1ctica durante su infancia. Ahora, la Fiscal\u00eda de Madrid habla de que el fen\u00f3meno va a m\u00e1s, sobre todo si tenemos en cuenta la proliferaci\u00f3n de &#8216;smartphones&#8217; y de multitud de plataformas en internet, a los que se tiene acceso pese a ser menor.<\/p>\n\n\n\n<p>Seg\u00fan el estudio de la oeneg\u00e9, la edad media en la que sufrieron el &#8216;happy slapping&#8217; por primera vez fue a los 14 a\u00f1os y, tal y como sucede en el ciberacoso, la persona que suele causar la violencia es un compa\u00f1ero o amigo del colegio. Sin embargo, tambi\u00e9n destacan otras personas responsables, como por ejemplo exparejas o familiares.<\/p>\n\n\n\n<p>Por otra parte, la Secci\u00f3n de Menores hall\u00f3 comunidades virtuales desde las que se estar\u00eda incitando a los menores de edad a autolesionarse y a adoptar h\u00e1bitos alimenticios nocivos. Se incoaron diligencias en las que se ha constatado que en los mensajes publicados en las plataformas, adem\u00e1s, \u00abse animan mutuamente a conquistar retos: por ejemplo, no superar la ingesta de determinadas cantidades de calor\u00edas, estar la mayor parte del tiempo sin comer o adelgazar una cantidad de peso antes de una fecha\u00bb.<\/p>\n","protected":false},"excerpt":{"rendered":"<p>La cara B de las redes sociales y del cibermundo se ceba sobre todo con los menores de edad. La Fiscal\u00eda de Madrid advierte del incremento de la\u00a0delincuencia protagonizada por adolescentes, pero sobre todo en la que este segmento tan vulnerable de la poblaci\u00f3n es la v\u00edctima. Uno de los cap\u00edtulos m\u00e1s desagradables es el [&hellip;]<\/p>\n","protected":false},"author":2,"featured_media":134076,"comment_status":"open","ping_status":"open","sticky":false,"template":"","format":"standard","meta":{"footnotes":""},"categories":[59],"tags":[],"class_list":["post-134075","post","type-post","status-publish","format-standard","has-post-thumbnail","hentry","category-destacadas"],"_links":{"self":[{"href":"http:\/\/elcuartopoder.com.mx\/nw\/wp-json\/wp\/v2\/posts\/134075","targetHints":{"allow":["GET"]}}],"collection":[{"href":"http:\/\/elcuartopoder.com.mx\/nw\/wp-json\/wp\/v2\/posts"}],"about":[{"href":"http:\/\/elcuartopoder.com.mx\/nw\/wp-json\/wp\/v2\/types\/post"}],"author":[{"embeddable":true,"href":"http:\/\/elcuartopoder.com.mx\/nw\/wp-json\/wp\/v2\/users\/2"}],"replies":[{"embeddable":true,"href":"http:\/\/elcuartopoder.com.mx\/nw\/wp-json\/wp\/v2\/comments?post=134075"}],"version-history":[{"count":1,"href":"http:\/\/elcuartopoder.com.mx\/nw\/wp-json\/wp\/v2\/posts\/134075\/revisions"}],"predecessor-version":[{"id":134077,"href":"http:\/\/elcuartopoder.com.mx\/nw\/wp-json\/wp\/v2\/posts\/134075\/revisions\/134077"}],"wp:featuredmedia":[{"embeddable":true,"href":"http:\/\/elcuartopoder.com.mx\/nw\/wp-json\/wp\/v2\/media\/134076"}],"wp:attachment":[{"href":"http:\/\/elcuartopoder.com.mx\/nw\/wp-json\/wp\/v2\/media?parent=134075"}],"wp:term":[{"taxonomy":"category","embeddable":true,"href":"http:\/\/elcuartopoder.com.mx\/nw\/wp-json\/wp\/v2\/categories?post=134075"},{"taxonomy":"post_tag","embeddable":true,"href":"http:\/\/elcuartopoder.com.mx\/nw\/wp-json\/wp\/v2\/tags?post=134075"}],"curies":[{"name":"wp","href":"https:\/\/api.w.org\/{rel}","templated":true}]}}