{"id":134171,"date":"2024-10-31T16:19:44","date_gmt":"2024-10-31T21:19:44","guid":{"rendered":"https:\/\/elcuartopoder.com.mx\/nw\/?p=134171"},"modified":"2024-10-31T16:19:46","modified_gmt":"2024-10-31T21:19:46","slug":"madrid-instalara-37-nuevas-camaras-para-vigilar-los-territorios-de-las-bandas-latinas-y-narcopisos","status":"publish","type":"post","link":"http:\/\/elcuartopoder.com.mx\/nw\/internacionales\/madrid-instalara-37-nuevas-camaras-para-vigilar-los-territorios-de-las-bandas-latinas-y-narcopisos\/","title":{"rendered":"Madrid instalar\u00e1 37 nuevas c\u00e1maras para vigilar los territorios de las bandas latinas y narcopisos"},"content":{"rendered":"\n<p>Los vecinos y comerciantes de la\u00a0calle Cullera (Latina),\u00a0el Parque Calero (Ciudad Lineal) y el Parque Pradolongo (Usera) podr\u00e1n dormir algo m\u00e1s tranquilos a finales del pr\u00f3ximo a\u00f1o. Atendiendo a sus quejas y las necesidades de los propios cuerpos y fuerzas de seguridad, la Junta de Gobierno del Ayuntamiento de Madrid prev\u00e9 autorizar este jueves el contrato de suministro e instalaci\u00f3n para la Polic\u00eda Municipal de nuevos sistemas de videovigilancia en estas localizaciones.<\/p>\n\n\n\n<p>La conflictividad de la calle Cullera est\u00e1 asociada al\u00a0auge de los narcopisos\u00a0en viviendas usurpadas de protecci\u00f3n oficial donde los clanes de la Ca\u00f1ada Real han trasladado buena parte de su negocio de coca\u00edna y hero\u00edna. En cambio, en el caso del Parque Calero y Pradolongo el objetivo es poner coto a la actividad de las bandas latinas. \u00abEsas c\u00e1maras son necesarias por su efecto disuasorio y los problemas que puedan pasar\u00bb, ha explicado este mi\u00e9rcoles Inmaculada Sanz, vicealcaldesa de la ciudad, en la inauguraci\u00f3n del nuevo espacio creado en el cementerio de La Almudena para los beb\u00e9s fallecidos antes de nacer.<\/p>\n\n\n\n<p>En total, el Ayuntamiento instalar\u00e1 37 nuevas c\u00e1maras:&nbsp;<strong>18 en la calle Cullera, 14 en el Parque de Pradolongo y 5 en el Parque Calero<\/strong>. Estas nuevas c\u00e1maras dispondr\u00e1n de inteligencia artificial, lo que permitir\u00e1 anticipar las posibles conductas que atenten contra la seguridad y convivencia y perseguirlas m\u00e1s adecuadamente. Algunas de ellas, dem\u00e1s, estar\u00e1n dedicadas al reconocimiento de matr\u00edculas, han detallado desde el ayuntamiento.<\/p>\n\n\n\n<p>El contrato compuesto por tres lotes que saldr\u00e1 a concurso supondr\u00e1 un desembolso total de&nbsp;<strong>dos millones de euros,<\/strong>&nbsp;y tendr\u00e1 un plazo de ejecuci\u00f3n de 5, 6 y 8 meses para cada uno de los tres lotes, a partir del 1 de enero de 2025. \u00abIntentaremos agilizar al m\u00e1ximo los plazos, peor el desarrollo de estos proyectos exige entre seis y ocho meses, porque hay que realizar el proyecto, ejecutarlo solicitar los correspondientes permisos a la comisi\u00f3n de videovigilancia para que las c\u00e1maras cumplan con la legalidad y la ley de protecci\u00f3n de datos\u00bb.<\/p>\n\n\n\n<p>Estos sistemas de videovigilancia son controlados de forma centralizada por Polic\u00eda Municipal, desde espacio espec\u00edfico (el Centro Integrado de Se\u00f1ales de V\u00eddeo -CISEVI-) donde se reciben todas las se\u00f1ales de v\u00eddeo y donde, mediante una plataforma de gesti\u00f3n, los operadores policiales pueden llevar a cabo la operativa de atenci\u00f3n correspondiente.<\/p>\n\n\n\n<h3 class=\"wp-block-heading\">M\u00e1s localizaciones<\/h3>\n\n\n\n<p>Adem\u00e1s, de forma inminente, previo visto bueno de la Comisi\u00f3n de Videovigilancia, comenzar\u00e1n a funcionar l<strong>as 16 c\u00e1maras de la Plaza del Dos de Mayo<\/strong>&nbsp;(Centro) y<strong>&nbsp;las 15 de Plaza El\u00edptica<\/strong>&nbsp;(Usera\/Carabanchel), ambos compromisos electorales. El a\u00f1o pasado el gobierno local tambi\u00e9n increment\u00f3 la videovigilancia en la Puerta del Sol, donde instal\u00f3, aprovechando su remodelaci\u00f3n, cuatro c\u00e1maras m\u00e1s que se suman a las tres ya operativas.<\/p>\n\n\n\n<p>En el anterior mandato, el primero de Almeida como alcalde, la videovigilancia fue una de las apuestas del Consistorio en materia de seguridad e instalaron un total de&nbsp;<strong>111 c\u00e1maras<\/strong>, un tercio de todas las de la ciudad operadas por Polic\u00eda Municipal, en los barrios de Bellas Vistas (Tetu\u00e1n), San Diego (Puente de Vallecas), el pol\u00edgono de Marconi (Villaverde) Lavapi\u00e9s y Chueca. Adem\u00e1s, renovaron la red de la calle Montera y los sistemas de Lavapi\u00e9s y la calle Ballesta.<\/p>\n","protected":false},"excerpt":{"rendered":"<p>Los vecinos y comerciantes de la\u00a0calle Cullera (Latina),\u00a0el Parque Calero (Ciudad Lineal) y el Parque Pradolongo (Usera) podr\u00e1n dormir algo m\u00e1s tranquilos a finales del pr\u00f3ximo a\u00f1o. Atendiendo a sus quejas y las necesidades de los propios cuerpos y fuerzas de seguridad, la Junta de Gobierno del Ayuntamiento de Madrid prev\u00e9 autorizar este jueves el [&hellip;]<\/p>\n","protected":false},"author":2,"featured_media":134172,"comment_status":"open","ping_status":"open","sticky":false,"template":"","format":"standard","meta":{"footnotes":""},"categories":[8],"tags":[],"class_list":["post-134171","post","type-post","status-publish","format-standard","has-post-thumbnail","hentry","category-internacionales"],"_links":{"self":[{"href":"http:\/\/elcuartopoder.com.mx\/nw\/wp-json\/wp\/v2\/posts\/134171","targetHints":{"allow":["GET"]}}],"collection":[{"href":"http:\/\/elcuartopoder.com.mx\/nw\/wp-json\/wp\/v2\/posts"}],"about":[{"href":"http:\/\/elcuartopoder.com.mx\/nw\/wp-json\/wp\/v2\/types\/post"}],"author":[{"embeddable":true,"href":"http:\/\/elcuartopoder.com.mx\/nw\/wp-json\/wp\/v2\/users\/2"}],"replies":[{"embeddable":true,"href":"http:\/\/elcuartopoder.com.mx\/nw\/wp-json\/wp\/v2\/comments?post=134171"}],"version-history":[{"count":1,"href":"http:\/\/elcuartopoder.com.mx\/nw\/wp-json\/wp\/v2\/posts\/134171\/revisions"}],"predecessor-version":[{"id":134173,"href":"http:\/\/elcuartopoder.com.mx\/nw\/wp-json\/wp\/v2\/posts\/134171\/revisions\/134173"}],"wp:featuredmedia":[{"embeddable":true,"href":"http:\/\/elcuartopoder.com.mx\/nw\/wp-json\/wp\/v2\/media\/134172"}],"wp:attachment":[{"href":"http:\/\/elcuartopoder.com.mx\/nw\/wp-json\/wp\/v2\/media?parent=134171"}],"wp:term":[{"taxonomy":"category","embeddable":true,"href":"http:\/\/elcuartopoder.com.mx\/nw\/wp-json\/wp\/v2\/categories?post=134171"},{"taxonomy":"post_tag","embeddable":true,"href":"http:\/\/elcuartopoder.com.mx\/nw\/wp-json\/wp\/v2\/tags?post=134171"}],"curies":[{"name":"wp","href":"https:\/\/api.w.org\/{rel}","templated":true}]}}