{"id":134177,"date":"2024-10-31T16:24:33","date_gmt":"2024-10-31T21:24:33","guid":{"rendered":"https:\/\/elcuartopoder.com.mx\/nw\/?p=134177"},"modified":"2024-10-31T16:24:35","modified_gmt":"2024-10-31T21:24:35","slug":"siguen-los-problemas-estomacales-de-alonso-no-estara-el-jueves-en-brasil","status":"publish","type":"post","link":"http:\/\/elcuartopoder.com.mx\/nw\/entretenimiento\/deportes\/siguen-los-problemas-estomacales-de-alonso-no-estara-el-jueves-en-brasil\/","title":{"rendered":"Siguen los problemas estomacales de Alonso: no estar\u00e1 el jueves en Brasil"},"content":{"rendered":"\n<p>El equipo Aston Martin informa que\u00a0Fernando Alonso\u00a0se encuentra en Europa para tratarse de una infecci\u00f3n intestinal que sufre desde la semana pasada, pero este contratiempo no alterar\u00e1 sus planes de competir en el Gran Premio de Brasil (domingo, 18h.).<\/p>\n\n\n\n<p>\u00abFernando se perder\u00e1 sus actividades del d\u00eda de los medios en Brasil. Fernando hab\u00eda sufrido una infecci\u00f3n intestinal en el per\u00edodo previo al Gran Premio de la\u00a0Ciudad de M\u00e9xico. Regres\u00f3 para recibir tratamiento de un especialista y el d\u00eda extra del tratamiento ha retrasado sus planes de viaje a Brasil, pero asegura que estar\u00e1 listo para el fin de semana\u00bb, matiz\u00f3 Aston Martin.<\/p>\n\n\n\n<p>Es decir, Alonso no participar\u00e1 en la jornada de atenci\u00f3n a los medios, que se celebra&nbsp;<strong>siempre los jueves<\/strong>&nbsp;en cada circuito de carreras, y regresar\u00e1 a la actividad el viernes en los entrenamientos libres y en la clasificaci\u00f3n de la carrera al esprint.<\/p>\n\n\n\n<p>Alonso ya tuvo problemas f\u00edsicos despu\u00e9s del Gran Premio de las Am\u00e9ricas, en Austin, seg\u00fan inform\u00f3 su equipo, y tampoco estuvo presente en el jueves d\u00eda de ruedas de prensa en el\u00a0Gran Premio de M\u00e9xico. Tampoco se subi\u00f3 al volante del Aston el viernes, porque desde hace tiempo ya estaba programado el concurso del brasile\u00f1o Felipe Drugovich.<\/p>\n","protected":false},"excerpt":{"rendered":"<p>El equipo Aston Martin informa que\u00a0Fernando Alonso\u00a0se encuentra en Europa para tratarse de una infecci\u00f3n intestinal que sufre desde la semana pasada, pero este contratiempo no alterar\u00e1 sus planes de competir en el Gran Premio de Brasil (domingo, 18h.). \u00abFernando se perder\u00e1 sus actividades del d\u00eda de los medios en Brasil. Fernando hab\u00eda sufrido una [&hellip;]<\/p>\n","protected":false},"author":2,"featured_media":134178,"comment_status":"open","ping_status":"open","sticky":false,"template":"","format":"standard","meta":{"footnotes":""},"categories":[7],"tags":[],"class_list":["post-134177","post","type-post","status-publish","format-standard","has-post-thumbnail","hentry","category-deportes"],"_links":{"self":[{"href":"http:\/\/elcuartopoder.com.mx\/nw\/wp-json\/wp\/v2\/posts\/134177","targetHints":{"allow":["GET"]}}],"collection":[{"href":"http:\/\/elcuartopoder.com.mx\/nw\/wp-json\/wp\/v2\/posts"}],"about":[{"href":"http:\/\/elcuartopoder.com.mx\/nw\/wp-json\/wp\/v2\/types\/post"}],"author":[{"embeddable":true,"href":"http:\/\/elcuartopoder.com.mx\/nw\/wp-json\/wp\/v2\/users\/2"}],"replies":[{"embeddable":true,"href":"http:\/\/elcuartopoder.com.mx\/nw\/wp-json\/wp\/v2\/comments?post=134177"}],"version-history":[{"count":1,"href":"http:\/\/elcuartopoder.com.mx\/nw\/wp-json\/wp\/v2\/posts\/134177\/revisions"}],"predecessor-version":[{"id":134179,"href":"http:\/\/elcuartopoder.com.mx\/nw\/wp-json\/wp\/v2\/posts\/134177\/revisions\/134179"}],"wp:featuredmedia":[{"embeddable":true,"href":"http:\/\/elcuartopoder.com.mx\/nw\/wp-json\/wp\/v2\/media\/134178"}],"wp:attachment":[{"href":"http:\/\/elcuartopoder.com.mx\/nw\/wp-json\/wp\/v2\/media?parent=134177"}],"wp:term":[{"taxonomy":"category","embeddable":true,"href":"http:\/\/elcuartopoder.com.mx\/nw\/wp-json\/wp\/v2\/categories?post=134177"},{"taxonomy":"post_tag","embeddable":true,"href":"http:\/\/elcuartopoder.com.mx\/nw\/wp-json\/wp\/v2\/tags?post=134177"}],"curies":[{"name":"wp","href":"https:\/\/api.w.org\/{rel}","templated":true}]}}